{"id":18676,"date":"2025-04-12T00:49:12","date_gmt":"2025-04-12T00:49:12","guid":{"rendered":"https:\/\/www.europesays.com\/fr\/18676\/"},"modified":"2025-04-12T00:49:12","modified_gmt":"2025-04-12T00:49:12","slug":"une-boucherie-king-halal-encore-attaquee-par-des-incendiaires-a-marseille","status":"publish","type":"post","link":"https:\/\/www.europesays.com\/fr\/18676\/","title":{"rendered":"Une boucherie King Halal encore attaqu\u00e9e par des incendiaires \u00e0 Marseille"},"content":{"rendered":"<p>Ils \u00e9taient seulement des bouchers, mais depuis quelques semaines, les employ\u00e9s de \u00ab\u00a0King Halal\u00a0\u00bb sont r\u00e9guli\u00e8rement contraints de jouer les pompiers de service. Une nouvelle fois, jeudi matin, l&rsquo;un des commerces de viande sous cette enseigne \u00e0 Marseille a \u00e9t\u00e9 <a href=\"https:\/\/www.laprovence.com\/article\/faits-divers-justice\/2790120510523715\/qui-en-veut-aux-rois-du-halal-2-boucheries-ciblees-par-des-incendies-criminels-a-marseille-15\" target=\"_blank\" rel=\"noopener\">pris pour cible par des incendiaires<\/a>, dont le projet criminel n&rsquo;a \u00e9chou\u00e9 que du fait de la r\u00e9activit\u00e9 des employ\u00e9s.<\/p>\n<p>Il \u00e9tait tout juste 6h20, ce matin du jeudi 10 avril 2025, lorsqu&rsquo;un groupe de quatre personnes aux visages dissimul\u00e9s ont fait irruption dans l&rsquo;\u00e9tablissement \u00ab\u00a0King Halal\u00a0\u00bb de la rue de Lyon, dans le quartier de Saint-Louis (15e). Ils ont d&rsquo;abord exhib\u00e9 une arme de poing pour tenir en respect le personnel du magasin, le temps de r\u00e9pandre un produit inflammable et d&rsquo;y mettre le feu.<\/p>\n<p>Sit\u00f4t l&rsquo;incendie initi\u00e9, le commando est reparti \u00e0 bord d&rsquo;une voiture stationn\u00e9e devant le magasin. Les employ\u00e9s se sont alors pr\u00e9cipit\u00e9s pour \u00e9teindre les flammes, avant m\u00eame l&rsquo;arriv\u00e9e des marins-pompiers et de la police.<\/p>\n<p>Une s\u00e9rie troublante d&rsquo;incendies criminels\u00a0<\/p>\n<p>Il faut dire que l&rsquo;attaque n&rsquo;est pas vraiment in\u00e9dite : le 17 janvier dernier, cette fois vers 9h du matin, deux hommes avaient fait irruption dans le magasin selon un mode op\u00e9ratoire quasi similaire. Le visage dissimul\u00e9 sous des capuches, ils avaient braqu\u00e9 le personnel et les clients avant de d\u00e9verser de l&rsquo;essence devant les \u00e9tals et de tenter d&rsquo;y mettre le feu. D\u00e9j\u00e0, le personnel \u00e9tait parvenu a ma\u00eetriser les flammes avant l&rsquo;arriv\u00e9e de secours<\/p>\n<p>Dans un premier temps, deux suspects avaient \u00e9t\u00e9 interpell\u00e9s par la Bac, mais ils avaient d\u00fb \u00eatre remis en libert\u00e9, faute d&rsquo;\u00e9l\u00e9ments probants.<\/p>\n<p>Ce premier \u00e9pisode \u00e9tait intervenu seulement 24h apr\u00e8s un autre incendie de boucherie \u00ab\u00a0King Halal\u00a0\u00bb, cette fois avenue de Saint-Antoine, dans la nuit du 15 au 16 janvier, lorsqu&rsquo;une silhouette avait \u00e9t\u00e9 film\u00e9e en train de d\u00e9verser le contenu d&rsquo;un jerrican sur la devanture puis de l&rsquo;enflammer.\u00a0<\/p>\n<p>Au-del\u00e0 de leur nom, ces commerces ont aussi des propri\u00e9taires en commun, dont un autre bien a \u00e9galement \u00e9t\u00e9 pris pour cible en janvier. Cette s\u00e9rie de faits, jusqu&rsquo;\u00e0 l&rsquo;\u00e9pisode de ce jeudi matin, fait l&rsquo;objet d&rsquo;une information judiciaire ouverte au tribunal judiciaire de Marseille, bien qu&rsquo;aucun lien ne soit \u00e9tabli \u00e0 cette heure entre les diff\u00e9rentes attaques. Les investigations sont confi\u00e9es \u00e0 la <a href=\"https:\/\/www.laprovence.com\/article\/faits-divers-justice\/2812191346555914\/reconvertis-dans-l-extorsion-les-narcos-marseillais-dans-le-viseur-de-la-brigade-de-repression-du-banditisme\" target=\"_blank\" rel=\"noopener\">Brigade de r\u00e9pression du banditisme (BRB), d\u00e9j\u00e0 confront\u00e9e depuis un peu moins d&rsquo;un an \u00e0 une importante vague de tentatives d&rsquo;extorsion <\/a>ou d&rsquo;intimidation visant des commerces.<\/p>\n","protected":false},"excerpt":{"rendered":"Ils \u00e9taient seulement des bouchers, mais depuis quelques semaines, les employ\u00e9s de \u00ab\u00a0King Halal\u00a0\u00bb sont r\u00e9guli\u00e8rement contraints de&hellip;\n","protected":false},"author":2,"featured_media":18677,"comment_status":"","ping_status":"","sticky":false,"template":"","format":"standard","meta":{"footnotes":""},"categories":[2814],"tags":[17,1111,11,7377,4336,1440,1777,674,274,1011,27,7376,7375,884,12,5912,882,25,96],"class_list":{"0":"post-18676","1":"post","2":"type-post","3":"status-publish","4":"format-standard","5":"has-post-thumbnail","7":"category-marseille","8":"tag-17","9":"tag-actu","10":"tag-actualites","11":"tag-attaquee","12":"tag-boucherie","13":"tag-encore","14":"tag-eu","15":"tag-europe","16":"tag-faits-divers-justice","17":"tag-fr","18":"tag-france","19":"tag-halal","20":"tag-king","21":"tag-marseille","22":"tag-news","23":"tag-par","24":"tag-provence-alpes-cote-dazur","25":"tag-republique-francaise","26":"tag-une"},"share_on_mastodon":{"url":"https:\/\/pubeurope.com\/@fr\/114322247759183141","error":""},"_links":{"self":[{"href":"https:\/\/www.europesays.com\/fr\/wp-json\/wp\/v2\/posts\/18676","targetHints":{"allow":["GET"]}}],"collection":[{"href":"https:\/\/www.europesays.com\/fr\/wp-json\/wp\/v2\/posts"}],"about":[{"href":"https:\/\/www.europesays.com\/fr\/wp-json\/wp\/v2\/types\/post"}],"author":[{"embeddable":true,"href":"https:\/\/www.europesays.com\/fr\/wp-json\/wp\/v2\/users\/2"}],"replies":[{"embeddable":true,"href":"https:\/\/www.europesays.com\/fr\/wp-json\/wp\/v2\/comments?post=18676"}],"version-history":[{"count":0,"href":"https:\/\/www.europesays.com\/fr\/wp-json\/wp\/v2\/posts\/18676\/revisions"}],"wp:featuredmedia":[{"embeddable":true,"href":"https:\/\/www.europesays.com\/fr\/wp-json\/wp\/v2\/media\/18677"}],"wp:attachment":[{"href":"https:\/\/www.europesays.com\/fr\/wp-json\/wp\/v2\/media?parent=18676"}],"wp:term":[{"taxonomy":"category","embeddable":true,"href":"https:\/\/www.europesays.com\/fr\/wp-json\/wp\/v2\/categories?post=18676"},{"taxonomy":"post_tag","embeddable":true,"href":"https:\/\/www.europesays.com\/fr\/wp-json\/wp\/v2\/tags?post=18676"}],"curies":[{"name":"wp","href":"https:\/\/api.w.org\/{rel}","templated":true}]}}