{"id":186763,"date":"2025-06-18T20:58:10","date_gmt":"2025-06-18T20:58:10","guid":{"rendered":"https:\/\/www.europesays.com\/fr\/186763\/"},"modified":"2025-06-18T20:58:10","modified_gmt":"2025-06-18T20:58:10","slug":"politique-ce-proche-deric-ciotti-est-candidat-aux-elections-municipales-2026-a-lyon","status":"publish","type":"post","link":"https:\/\/www.europesays.com\/fr\/186763\/","title":{"rendered":"Politique. Ce proche d&rsquo;\u00c9ric Ciotti est candidat aux \u00e9lections municipales 2026 \u00e0 Lyon"},"content":{"rendered":"<p>\u00ab\u00a0Je suis bien dans ce processus. Je ne vois pas ce qui pourrait m\u2019emp\u00eacher d\u2019y aller\u00a0\u00bb, confirme Alexandre Humbert Dupalais, joint par Le Progr\u00e8s mercredi soir. Candidat malheureux dans la 11 e circonscription aux derni\u00e8res l\u00e9gislatives, l\u2019avocat de 33 ans, juge sa d\u00e9marche pertinente car \u00ab\u00a0seule la liste que je conduirai, sera de droite\u00a0\u00bb.<\/p>\n<p>Du respect pour <a href=\"https:\/\/www.leprogres.fr\/p\/jean-michel-aulas\" target=\"_blank\" rel=\"nofollow noopener\">Jean-Michel Aulas<\/a>, possible candidat, il en a. \u00ab\u00a0Mais maintenant, on a compris qu\u2019il est le candidat de Macron. D\u2019ailleurs, ces d\u00e9clarations ne sont pas franchement de droite entre la gratuit\u00e9 des TCL, vieille proposition socialiste, et l\u2019id\u00e9e de psychologues de rue. L\u00e0, je suis tomb\u00e9 de ma chaise.\u00a0\u00bb<\/p>\n<p>  \u00ab\u00a0\u00c0 Lyon, la droite a commis des erreurs\u00a0\u00bb<\/p>\n<p>Alexandre Humbert Dupalais, qui fut conseiller national des Jeunes UMP, se revendique d\u2019une \u00ab\u00a0vraie droite\u00a0\u00bb. Et m\u00eame si \u00ab\u00a0Lyon a toujours eu des candidats centristes, car c\u2019est une ville centriste, aujourd\u2019hui elle est tellement \u00e0 gauche, qu\u2019elle a besoin d\u2019un choc de s\u00e9curit\u00e9\u00a0\u00bb, consid\u00e8re celui qui fustige \u00ab\u00a0une gauche extr\u00e9miste\u00a0\u00bb &#8211; en visant les \u00c9cologistes &#8211; \u00ab\u00a0qui a\u00a0d\u00e9figur\u00e9 Lyon et rendu la vie insupportable dans les transports en commun et plus globalement dans tous les d\u00e9placements\u00a0\u00bb.<\/p>\n<p>Celui qui veut \u00ab\u00a0faire l\u2019union des droites\u00a0\u00bb, n\u2019a rien contre <a href=\"https:\/\/www.leprogres.fr\/politique\/2025\/03\/24\/pierre-oliver-candidat-aux-municipales-2026-en-terminer-avec-cette-experience-ecologiste\" target=\"_blank\" rel=\"nofollow noopener\">Pierre Oliver, maire Les R\u00e9publicains du 2e\u00a0 arrondissement, candidat lui aussi \u00e0 la mairie de Lyon<\/a>. \u00ab\u00a0Mais je n\u2019ai pas compris quel programme il porte, ni s\u2019il ira jusqu\u2019au bout ou s\u2019il agit pour se vendre \u00e0 Aulas. B\u00e9atrice de Montille et lui, de fa\u00e7on diff\u00e9rente, cherchent \u00e0 \u00eatre son premier adjoint\u00a0\u00bb, analyse le candidat UDR.<\/p>\n<p>Conseiller d\u2019<a href=\"https:\/\/www.leprogres.fr\/p\/eric-ciotti\" target=\"_blank\" rel=\"nofollow noopener\">\u00c9ric Ciotti<\/a> \u00e0 la commission des lois de l\u2019Assembl\u00e9e nationale, sur les volets s\u00e9curit\u00e9 et justice, Alexandre Humbert Dupalais estime \u00eatre au fait \u00ab\u00a0de l\u2019\u00e9tat de la s\u00e9curit\u00e9 \u00e0 Lyon\u00a0\u00bb. \u00ab\u00a0Il y a des \u00e9meutes presque tous les mois. Des faits divers horribles s\u2019y d\u00e9roulent\u00a0\u00bb, avance-t-il. Et de se revendiquer d\u2019une \u00ab\u00a0droite franche\u00a0\u00bb et d\u2019une candidature allant de l\u2019UDR au Rassemblement national, en passant par Reconqu\u00eate\u00a0! port\u00e9 par Zemmour et Identit\u00e9-Libert\u00e9s, fond\u00e9 par <a href=\"https:\/\/www.leprogres.fr\/p\/marion-marechal\" target=\"_blank\" rel=\"nofollow noopener\">Marion Mar\u00e9chal<\/a>.<\/p>\n<p>Sans oublier des gens de la soci\u00e9t\u00e9 civile. \u00ab\u00a0Dont certains appartenant \u00e0 de grandes familles lyonnaises\u00a0\u00bb, pr\u00e9cise le d\u00e9l\u00e9gu\u00e9 d\u00e9partemental UDR sans vouloir citer de nom.<\/p>\n<p>\u00ab\u00a0\u00c0 Lyon, la droite a commis des erreurs, dont celle de ne pas \u00eatre assez \u00e0 droite\u00a0\u00bb, termine Alexandre Humbert Dupalais.<\/p>\n","protected":false},"excerpt":{"rendered":"\u00ab\u00a0Je suis bien dans ce processus. Je ne vois pas ce qui pourrait m\u2019emp\u00eacher d\u2019y aller\u00a0\u00bb, confirme Alexandre&hellip;\n","protected":false},"author":2,"featured_media":186764,"comment_status":"","ping_status":"","sticky":false,"template":"","format":"standard","meta":{"footnotes":""},"categories":[1889],"tags":[1111,11,2430,2757,4188,1777,674,107,1011,27,2428,2756,12,316,1078,25,2429,3151],"class_list":{"0":"post-186763","1":"post","2":"type-post","3":"status-publish","4":"format-standard","5":"has-post-thumbnail","7":"category-lyon","8":"tag-actu","9":"tag-actualites","10":"tag-auvergne-rhone-alpes","11":"tag-edition-lyon-villeurbanne","12":"tag-elections-municipales","13":"tag-eu","14":"tag-europe","15":"tag-fil-info","16":"tag-fr","17":"tag-france","18":"tag-lyon","19":"tag-lyon-bassin","20":"tag-news","21":"tag-politique","22":"tag-rassemblement-national","23":"tag-republique-francaise","24":"tag-rhone","25":"tag-selection-de-la-redaction-69"},"share_on_mastodon":{"url":"https:\/\/pubeurope.com\/@fr\/114706376505761241","error":""},"_links":{"self":[{"href":"https:\/\/www.europesays.com\/fr\/wp-json\/wp\/v2\/posts\/186763","targetHints":{"allow":["GET"]}}],"collection":[{"href":"https:\/\/www.europesays.com\/fr\/wp-json\/wp\/v2\/posts"}],"about":[{"href":"https:\/\/www.europesays.com\/fr\/wp-json\/wp\/v2\/types\/post"}],"author":[{"embeddable":true,"href":"https:\/\/www.europesays.com\/fr\/wp-json\/wp\/v2\/users\/2"}],"replies":[{"embeddable":true,"href":"https:\/\/www.europesays.com\/fr\/wp-json\/wp\/v2\/comments?post=186763"}],"version-history":[{"count":0,"href":"https:\/\/www.europesays.com\/fr\/wp-json\/wp\/v2\/posts\/186763\/revisions"}],"wp:featuredmedia":[{"embeddable":true,"href":"https:\/\/www.europesays.com\/fr\/wp-json\/wp\/v2\/media\/186764"}],"wp:attachment":[{"href":"https:\/\/www.europesays.com\/fr\/wp-json\/wp\/v2\/media?parent=186763"}],"wp:term":[{"taxonomy":"category","embeddable":true,"href":"https:\/\/www.europesays.com\/fr\/wp-json\/wp\/v2\/categories?post=186763"},{"taxonomy":"post_tag","embeddable":true,"href":"https:\/\/www.europesays.com\/fr\/wp-json\/wp\/v2\/tags?post=186763"}],"curies":[{"name":"wp","href":"https:\/\/api.w.org\/{rel}","templated":true}]}}