{"id":186770,"date":"2025-06-18T21:02:18","date_gmt":"2025-06-18T21:02:18","guid":{"rendered":"https:\/\/www.europesays.com\/fr\/186770\/"},"modified":"2025-06-18T21:02:18","modified_gmt":"2025-06-18T21:02:18","slug":"la-police-demantele-un-vaste-reseau-bosnien-de-voleurs-sevissant-dans-le-metro","status":"publish","type":"post","link":"https:\/\/www.europesays.com\/fr\/186770\/","title":{"rendered":"La police d\u00e9mant\u00e8le un vaste r\u00e9seau bosnien de voleurs s\u00e9vissant dans le m\u00e9tro"},"content":{"rendered":"<p>Un possible r\u00e9seau de <a href=\"https:\/\/www.20minutes.fr\/dossier\/voleur\" class=\"color-ultramarine c-link\" target=\"_blank\" rel=\"noopener\">voleurs <\/a>dans le <a href=\"https:\/\/www.20minutes.fr\/dossier\/metro\" class=\"color-ultramarine c-link\" target=\"_blank\" rel=\"noopener\">m\u00e9tro <\/a><a href=\"https:\/\/www.20minutes.fr\/paris\/\" class=\"color-ultramarine c-link\" target=\"_blank\" rel=\"noopener\">parisien <\/a>a \u00e9t\u00e9 d\u00e9mantel\u00e9 ces derniers jours avec plusieurs personnes \u00e9crou\u00e9es, tandis que des mineurs victimes ont \u00e9t\u00e9 mis \u00e0 l\u2019abri, a appris l\u2019AFP mercredi de sources proches du dossier. Selon l\u2019une de ces sources, une vingtaine de personnes, principalement des femmes, n\u00e9es entre\u00a01960 et\u00a02005 et presque toutes de nationalit\u00e9 <a href=\"https:\/\/www.20minutes.fr\/monde\/bosnie\/\" class=\"color-ultramarine c-link\" target=\"_blank\" rel=\"noopener\">bosnienne<\/a>, ont \u00e9t\u00e9 interpell\u00e9es entre samedi et mardi en France.<\/p>\n<p>L\u2019enqu\u00eate, men\u00e9e \u00e0 Paris et confi\u00e9e \u00e0 la Brigade de protection des mineurs (BPM), porte notamment sur les infractions de traite d\u2019\u00eatre humains \u00e0 l\u2019\u00e9gard de mineurs en bande organis\u00e9e ou encore association de malfaiteurs. Deux douzaines de mineurs ont \u00e9t\u00e9 mis \u00e0 l\u2019abri dans des foyers, selon cette m\u00eame source, mais selon une autre, elles se sont rapidement enfuies.<\/p>\n<p>Un demi-million d\u2019euros de pr\u00e9judice<\/p>\n<p>Cette deuxi\u00e8me source a pr\u00e9cis\u00e9 que ce r\u00e9seau, dont les membres appartiendraient \u00e0 la minorit\u00e9 <a href=\"https:\/\/www.20minutes.fr\/dossier\/rom\" class=\"color-ultramarine c-link\" target=\"_blank\" rel=\"noopener\">rom<\/a>, est notamment suspect\u00e9 d\u2019avoir \u0153uvr\u00e9, au moins depuis\u00a02022, dans le m\u00e9tro parisien, notamment sur la ligne 1, qui traverse Paris d\u2019est en ouest et relie plusieurs sites touristiques dont les Champs-\u00c9lys\u00e9es. Le pr\u00e9judice a \u00e9t\u00e9 \u00e9valu\u00e9 \u00e0 500.000 euros.<\/p>\n<\/p>\n<p>Selon une source polici\u00e8re, l\u2019enqu\u00eate a d\u00e9marr\u00e9 en ao\u00fbt\u00a02024 apr\u00e8s l\u2019interpellation de 12 voleurs mineurs dans le m\u00e9tro par la BPM, et aurait mis au jour un r\u00e9seau communautaire international compos\u00e9 de plusieurs familles qui for\u00e7ait des enfants \u00e0 voler dans le m\u00e9tro parisien, mais \u00e9galement dans toute la France ainsi qu\u2019en Belgique, en Allemagne et en Autriche.<\/p>\n<p>Mardi, une dizaine de suspects ont \u00e9t\u00e9 pr\u00e9sent\u00e9s \u00e0 des magistrats instructeurs, et plusieurs ont \u00e9t\u00e9 mis en examen puis \u00e9crou\u00e9s. Sollicit\u00e9, Simon Olivennes, avocat d\u2019un homme accus\u00e9 d\u2019\u00eatre l\u2019un des chefs du r\u00e9seau, n\u2019a pas souhait\u00e9 commenter.<\/p>\n<p>Deux chefs de clan arr\u00eat\u00e9s en Bosnie-Herz\u00e9govine<\/p>\n<p>\u00ab\u00a0Dans ce dossier sont mises en examen des femmes [\u2026] qui reproduisent un syst\u00e8me qu\u2019on a ancr\u00e9 dans leur peau sans se poser de questions sur ce qu\u2019elles voudraient vraiment\u00a0\u00bb, a comment\u00e9 Maxence Gallo, avocate d\u2019une femme \u00e9crou\u00e9e, suspect\u00e9e d\u2019avoir eu un r\u00f4le interm\u00e9diaire. \u00ab\u00a0Ma cliente a quitt\u00e9 l\u2019\u00e9cole en CM2 et vagabonde depuis l\u2019\u00e2ge de 12 ans\u00a0\u00bb, a indiqu\u00e9 de son c\u00f4t\u00e9 Reda Ghilaci. \u00ab\u00a0Elle est elle-m\u00eame victime par ricochet d\u2019un syst\u00e8me d\u2019exploitation\u00a0\u00bb.<\/p>\n<p>La source polici\u00e8re a pr\u00e9cis\u00e9 que deux chefs de clan ont en outre \u00e9t\u00e9 plac\u00e9s mardi en garde \u00e0 vue en Bosnie-Herz\u00e9govine. Interrog\u00e9, le parquet f\u00e9d\u00e9ral bosnien a renvoy\u00e9 vers un communiqu\u00e9 de la police f\u00e9d\u00e9rale du pays qui a confirm\u00e9 que deux hommes de Sarajevo, A.S., n\u00e9 en\u00a01998, et A.K., n\u00e9 en\u00a01993, ont \u00e9t\u00e9 arr\u00eat\u00e9s pour incitation internationale \u00e0 la prostitution.<\/p>\n","protected":false},"excerpt":{"rendered":"Un possible r\u00e9seau de voleurs dans le m\u00e9tro parisien a \u00e9t\u00e9 d\u00e9mantel\u00e9 ces derniers jours avec plusieurs personnes&hellip;\n","protected":false},"author":2,"featured_media":186771,"comment_status":"","ping_status":"","sticky":false,"template":"","format":"standard","meta":{"footnotes":""},"categories":[1888],"tags":[1111,1928,47,11,1927,32454,1777,674,118,658,1011,27,662,4047,12,1926,626,1925,25,32455,10912],"class_list":{"0":"post-186770","1":"post","2":"type-post","3":"status-publish","4":"format-standard","5":"has-post-thumbnail","7":"category-paris","8":"tag-actu","9":"tag-actu-paris","10":"tag-actualite","11":"tag-actualites","12":"tag-actualites-paris","13":"tag-bosnie","14":"tag-eu","15":"tag-europe","16":"tag-faits-divers","17":"tag-faits-divers-paris","18":"tag-fr","19":"tag-france","20":"tag-ile-de-france","21":"tag-metro","22":"tag-news","23":"tag-news-paris","24":"tag-paris","25":"tag-paris-news","26":"tag-republique-francaise","27":"tag-rom","28":"tag-voleur"},"share_on_mastodon":{"url":"https:\/\/pubeurope.com\/@fr\/114706392225395804","error":""},"_links":{"self":[{"href":"https:\/\/www.europesays.com\/fr\/wp-json\/wp\/v2\/posts\/186770","targetHints":{"allow":["GET"]}}],"collection":[{"href":"https:\/\/www.europesays.com\/fr\/wp-json\/wp\/v2\/posts"}],"about":[{"href":"https:\/\/www.europesays.com\/fr\/wp-json\/wp\/v2\/types\/post"}],"author":[{"embeddable":true,"href":"https:\/\/www.europesays.com\/fr\/wp-json\/wp\/v2\/users\/2"}],"replies":[{"embeddable":true,"href":"https:\/\/www.europesays.com\/fr\/wp-json\/wp\/v2\/comments?post=186770"}],"version-history":[{"count":0,"href":"https:\/\/www.europesays.com\/fr\/wp-json\/wp\/v2\/posts\/186770\/revisions"}],"wp:featuredmedia":[{"embeddable":true,"href":"https:\/\/www.europesays.com\/fr\/wp-json\/wp\/v2\/media\/186771"}],"wp:attachment":[{"href":"https:\/\/www.europesays.com\/fr\/wp-json\/wp\/v2\/media?parent=186770"}],"wp:term":[{"taxonomy":"category","embeddable":true,"href":"https:\/\/www.europesays.com\/fr\/wp-json\/wp\/v2\/categories?post=186770"},{"taxonomy":"post_tag","embeddable":true,"href":"https:\/\/www.europesays.com\/fr\/wp-json\/wp\/v2\/tags?post=186770"}],"curies":[{"name":"wp","href":"https:\/\/api.w.org\/{rel}","templated":true}]}}