{"id":186778,"date":"2025-06-18T21:06:12","date_gmt":"2025-06-18T21:06:12","guid":{"rendered":"https:\/\/www.europesays.com\/fr\/186778\/"},"modified":"2025-06-18T21:06:12","modified_gmt":"2025-06-18T21:06:12","slug":"alors-que-le-nombre-de-morts-augmente-a-kyiv-leurope-estime-que-la-russie-ne-sarretera-pas-a-lukraine","status":"publish","type":"post","link":"https:\/\/www.europesays.com\/fr\/186778\/","title":{"rendered":"Alors que le nombre de morts augmente \u00e0 Kyiv, l&rsquo;Europe estime que la Russie ne s&rsquo;arr\u00eatera pas \u00e0 l&rsquo;Ukraine"},"content":{"rendered":"<p>  Par&amp;nbsp<a href=\"https:\/\/fr.euronews.com\/profils\/1142\" target=\"_blank\" rel=\"noopener\">Sertac Aktan<\/a>&amp;nbspavec&amp;nbsp<b>AP<\/b><\/p>\n<p>\n         Publi\u00e9 le<br \/>\n            18\/06\/2025 &#8211; 22:09 UTC+2<\/p>\n<p><img decoding=\"async\" class=\"c-ad__placeholder__logo\" src=\"https:\/\/static.euronews.com\/website\/images\/logos\/logo-euronews-grey-6-180x22.svg\" width=\"180\" height=\"22\" alt=\"\" loading=\"lazy\"\/>PUBLICIT\u00c9<\/p>\n<p>Les secouristes ont r\u00e9cup\u00e9r\u00e9 de nouveaux corps mercredi dans les d\u00e9combres d&rsquo;un immeuble de neuf \u00e9tages de Kyiv d\u00e9truit par un missile russe, <strong>ce qui porte \u00e0 28<\/strong> le nombre de victimes de la derni\u00e8re attaque en date contre la capitale ukrainienne. Plus de 140 personnes ont \u00e9t\u00e9 bless\u00e9es.  <\/p>\n<p>L&rsquo;immeuble situ\u00e9 dans le quartier Solomianskyi de la capitale ukrainienne a \u00e9t\u00e9 touch\u00e9 de plein fouet et s&rsquo;est effondr\u00e9, ce qui constitue l&rsquo;attaque russe la plus meurtri\u00e8re de l&rsquo;ann\u00e9e dans la ville. Les autorit\u00e9s ont d\u00e9clar\u00e9 que 23 des personnes tu\u00e9es se trouvaient \u00e0 l&rsquo;int\u00e9rieur.<\/p>\n<p>Tandis que des chiens renifleurs recherchaient des victimes ensevelies, les sauveteurs ont utilis\u00e9 des grues, des excavateurs et m\u00eame leurs mains pour d\u00e9gager les d\u00e9bris du site.<\/p>\n<p>Les op\u00e9rations de sauvetage ont dur\u00e9 plus de 39 heures, selon le ministre de l&rsquo;Int\u00e9rieur ukrainien <a href=\"https:\/\/t.me\/Klymenko_MVS\/1507\" target=\"_blank\" rel=\"noreferrer\"><strong>Ihor Klymenko<\/strong><\/a>. <\/p>\n<p>L&rsquo;attaque men\u00e9e dans la nuit de lundi \u00e0 mardi s&rsquo;inscrit dans le cadre d&rsquo;un tir de barrage g\u00e9n\u00e9ralis\u00e9, la Russie cherchant une fois de plus \u00e0 submerger les d\u00e9fenses a\u00e9riennes ukrainiennes. Plus de 440 drones et 32 missiles ont \u00e9t\u00e9 lanc\u00e9s, ce qui constitue l&rsquo;un des plus importants bombardements sur la capitale depuis le d\u00e9but de la guerre en 2022.<\/p>\n<p>La Russie a lanc\u00e9 une offensive estivale sur certaines parties de la ligne de front, longue d&rsquo;environ 1 000 kilom\u00e8tres, et a intensifi\u00e9 les attaques \u00e0 longue port\u00e9e qui ont frapp\u00e9 des zones r\u00e9sidentielles urbaines.<\/p>\n<p>Dans le m\u00eame temps, les efforts de paix men\u00e9s par les \u00c9tats-Unis n&rsquo;ont pas abouti, tandis que les tensions au Moyen-Orient et les tarifs douaniers am\u00e9ricains d\u00e9tournent l&rsquo;attention du monde entier des appels de l&rsquo;Ukraine en faveur d&rsquo;une plus grande pression diplomatique et \u00e9conomique sur la Russie.<\/p>\n<p>Bruxelles met en garde contre une agression russe \u00e0 long terme en Europe<\/p>\n<p>L&rsquo;Union europ\u00e9enne estime que la Russie <a href=\"https:\/\/fr.euronews.com\/2025\/06\/18\/kaja-kallas-la-russie-a-un-plan-dagression-a-long-terme-contre-leurope\" target=\"_blank\" rel=\"noopener\"><strong>constitue une \u00ab\u00a0menace directe\u00a0\u00bb<\/strong><\/a> pour l&rsquo;Union par ses actes de sabotage et ses cyberattaques, tandis que ses d\u00e9penses militaires massives sugg\u00e8rent que Moscou envisage \u00e9galement d&rsquo;utiliser ses forces arm\u00e9es ailleurs \u00e0 l&rsquo;avenir.<\/p>\n<p>\u00ab\u00a0La Russie est d\u00e9j\u00e0 une menace directe pour l&rsquo;Union europ\u00e9enne &#8230;.. Il s&rsquo;agit d&rsquo;un plan \u00e0 long terme pour une agression \u00e0 long terme. On ne d\u00e9pense pas autant pour l&rsquo;arm\u00e9e si on n&rsquo;a pas l&rsquo;intention de l&rsquo;utiliser\u00a0\u00bb, a d\u00e9clar\u00e9 la cheffe de la diplomatie europ\u00e9enne Kaja Kallas aux l\u00e9gislateurs europ\u00e9ens \u00e0 Strasbourg, en France, en \u00e9num\u00e9rant une s\u00e9rie de violations de l&rsquo;espace a\u00e9rien russe, d&rsquo;exercices militaires provocateurs et d&rsquo;attaques contre les r\u00e9seaux \u00e9nerg\u00e9tiques, les ol\u00e9oducs et les c\u00e2bles sous-marins.<\/p>\n<p>Mme Kallas a fait remarquer que la Russie d\u00e9pensait d\u00e9j\u00e0 plus en mati\u00e8re de d\u00e9fense que les 27 pays de l&rsquo;UE r\u00e9unis, et qu&rsquo;elle investirait cette ann\u00e9e davantage \u00ab\u00a0en mati\u00e8re de d\u00e9fense que ses propres soins de sant\u00e9, son \u00e9ducation et sa politique sociale r\u00e9unis\u00a0\u00bb.<\/p>\n<p>La Russie pourrait \u00eatre pr\u00eate \u00e0 attaquer les membres de l&rsquo;OTAN dans cinq ans<\/p>\n<p>Le secr\u00e9taire g\u00e9n\u00e9ral de l&rsquo;OTAN, Mark Rutte, a d\u00e9clar\u00e9 que la Russie produit autant d&rsquo;armes et de munitions en trois mois que les 32 alli\u00e9s r\u00e9unis en un an. Il estime que <strong>la Russie pourrait \u00eatre en mesure de lancer une attaque contre un alli\u00e9 de l&rsquo;OTAN d&rsquo;ici la fin de la d\u00e9cennie.<\/strong><\/p>\n<p>L&rsquo;Europe craint de plus en plus que la Russie ne tente de mettre \u00e0 l&rsquo;\u00e9preuve la garantie de s\u00e9curit\u00e9 de l&rsquo;OTAN au titre de l&rsquo;article 5, c&rsquo;est-\u00e0-dire l&rsquo;engagement qu&rsquo;une attaque contre l&rsquo;un des alli\u00e9s donnerait lieu \u00e0 une r\u00e9ponse collective de la part des 32.<\/p>\n<p>En 2021, les alli\u00e9s de l&rsquo;OTAN ont reconnu que des cyberattaques importantes et cumulatives pourraient, dans certaines circonstances, \u00eatre consid\u00e9r\u00e9es comme une attaque arm\u00e9e susceptible de les amener \u00e0 invoquer l&rsquo;article 5, mais aucune mesure n&rsquo;a \u00e9t\u00e9 prise jusqu&rsquo;\u00e0 pr\u00e9sent.<\/p>\n<p>Sources additionnelles<strong> \u2022 adaptation : Serge Duch\u00eane<\/strong><\/p>\n","protected":false},"excerpt":{"rendered":"Par&amp;nbspSertac Aktan&amp;nbspavec&amp;nbspAP Publi\u00e9 le 18\/06\/2025 &#8211; 22:09 UTC+2 PUBLICIT\u00c9 Les secouristes ont r\u00e9cup\u00e9r\u00e9 de nouveaux corps mercredi dans&hellip;\n","protected":false},"author":2,"featured_media":186779,"comment_status":"","ping_status":"","sticky":false,"template":"","format":"standard","meta":{"footnotes":""},"categories":[1591],"tags":[11,1887,131,3482,2025,5229,2287,12,136,1885,1886,132],"class_list":{"0":"post-186778","1":"post","2":"type-post","3":"status-publish","4":"format-standard","5":"has-post-thumbnail","7":"category-russie","8":"tag-actualites","9":"tag-federation-de-russie","10":"tag-guerre-en-ukraine","11":"tag-guerre-russie-ukraine","12":"tag-invasion-de-la-russie-en-ukraine","13":"tag-kaja-kallas","14":"tag-mark-rutte","15":"tag-news","16":"tag-otan","17":"tag-russia","18":"tag-russian-federation","19":"tag-russie"},"share_on_mastodon":{"url":"https:\/\/pubeurope.com\/@fr\/114706408027242910","error":""},"_links":{"self":[{"href":"https:\/\/www.europesays.com\/fr\/wp-json\/wp\/v2\/posts\/186778","targetHints":{"allow":["GET"]}}],"collection":[{"href":"https:\/\/www.europesays.com\/fr\/wp-json\/wp\/v2\/posts"}],"about":[{"href":"https:\/\/www.europesays.com\/fr\/wp-json\/wp\/v2\/types\/post"}],"author":[{"embeddable":true,"href":"https:\/\/www.europesays.com\/fr\/wp-json\/wp\/v2\/users\/2"}],"replies":[{"embeddable":true,"href":"https:\/\/www.europesays.com\/fr\/wp-json\/wp\/v2\/comments?post=186778"}],"version-history":[{"count":0,"href":"https:\/\/www.europesays.com\/fr\/wp-json\/wp\/v2\/posts\/186778\/revisions"}],"wp:featuredmedia":[{"embeddable":true,"href":"https:\/\/www.europesays.com\/fr\/wp-json\/wp\/v2\/media\/186779"}],"wp:attachment":[{"href":"https:\/\/www.europesays.com\/fr\/wp-json\/wp\/v2\/media?parent=186778"}],"wp:term":[{"taxonomy":"category","embeddable":true,"href":"https:\/\/www.europesays.com\/fr\/wp-json\/wp\/v2\/categories?post=186778"},{"taxonomy":"post_tag","embeddable":true,"href":"https:\/\/www.europesays.com\/fr\/wp-json\/wp\/v2\/tags?post=186778"}],"curies":[{"name":"wp","href":"https:\/\/api.w.org\/{rel}","templated":true}]}}