{"id":18678,"date":"2025-04-12T00:50:13","date_gmt":"2025-04-12T00:50:13","guid":{"rendered":"https:\/\/www.europesays.com\/fr\/18678\/"},"modified":"2025-04-12T00:50:13","modified_gmt":"2025-04-12T00:50:13","slug":"lyon-la-police-prise-a-partie-par-des-militants-associatifs-apres-linterpellation-dun-dealer-place-mazagran","status":"publish","type":"post","link":"https:\/\/www.europesays.com\/fr\/18678\/","title":{"rendered":"Lyon. La police prise \u00e0 partie par des militants associatifs apr\u00e8s l\u2019interpellation d\u2019un dealer place Mazagran"},"content":{"rendered":"<p>L\u2019interpellation d\u2019un dealer et de son client, mercredi peu apr\u00e8s 20 heures sur la place Mazagran \u00e0 Lyon (7e) s\u2019est r\u00e9v\u00e9l\u00e9e d\u00e9licate. T\u00e9moins d\u2019une transaction, les policiers ont interpell\u00e9 un vendeur de stup\u00e9fiants ainsi qu\u2019un de ses clients.<\/p>\n<p>Membres d&rsquo;associations et militants d&rsquo;ultragauche<\/p>\n<p>Le vendeur, un jeune Guin\u00e9en de 18 ans qui \u00e9tait porteur d\u2019une petite bombe lacrymog\u00e8ne a tent\u00e9 de s\u2019opposer \u00e0 son interpellation et s\u2019est rebell\u00e9. Un groupe hostile, compos\u00e9 notamment de membres <a href=\"https:\/\/www.leprogres.fr\/social\/2025\/04\/06\/je-ne-considere-pas-la-place-mazagran-comme-une-zone-de-non-droit-cette-association-veut-mettre-tout-le-monde-autour-de-la-table\" target=\"_blank\" rel=\"noopener\">d\u2019une association du quartier<\/a> et de militants d\u2019ultragauche, a pris \u00e0 partie l\u2018\u00e9quipage durant son intervention.<\/p>\n<p>Ce contenu est bloqu\u00e9 car vous n&rsquo;avez pas accept\u00e9 les cookies et autres traceurs.<\/p>\n<p>En cliquant sur \u00ab J\u2019accepte \u00bb, les cookies et autres traceurs seront d\u00e9pos\u00e9s et vous pourrez visualiser les contenus  (<a href=\"\" class=\"consentModule_policy\" target=\"_blank\" title=\"Consulter la politique de protection des donn\u00e9es du fournisseur\">plus d&rsquo;informations<\/a>).<\/p>\n<p>En cliquant sur \u00ab J\u2019accepte tous les cookies \u00bb, vous autorisez des d\u00e9p\u00f4ts de cookies et autres traceurs pour le stockage de vos donn\u00e9es sur nos sites et applications \u00e0 des fins de personnalisation et de ciblage publicitaire.<\/p>\n<p class=\"consentModule_secondaryText\">Vous gardez la possibilit\u00e9 de retirer votre consentement \u00e0 tout moment en consultant notre <a href=\"https:\/\/www.leprogres.fr\/protection-des-donnees\" target=\"_blank\" title=\"Consulter notre politique de protection des donn\u00e9es\" rel=\"noopener\">politique de protection des donn\u00e9es<\/a>. <br \/>&#13;<br \/>\n            <a href=\"https:\/\/www.leprogres.fr\/faits-divers-justice\/2025\/04\/10\/javascript:Didomi.notice.show()\" class=\"consentModule_cmp\" target=\"_blank\" rel=\"noopener\">G\u00e9rer mes choix<\/a>&#13;\n        <\/p>\n<p>&#13;<br \/>\n                        J&rsquo;accepte&#13;<br \/>\n            J&rsquo;accepte tous les cookies&#13;\n        <\/p>\n<p>  Une enqu\u00eate en cours<\/p>\n<p>L\u2019arriv\u00e9e de renforts a permis de ramener le calme et le dealer a \u00e9t\u00e9 plac\u00e9 en garde \u00e0 vue. Une enqu\u00eate est en cours pour pr\u00e9ciser les faits et identifier les protagonistes.<\/p>\n<p>Depuis plusieurs ann\u00e9es, les riverains de la place Mazagran se plaignent des nuisances et de l\u2019ins\u00e9curit\u00e9 li\u00e9es au trafic de stup\u00e9fiants.<\/p>\n","protected":false},"excerpt":{"rendered":"L\u2019interpellation d\u2019un dealer et de son client, mercredi peu apr\u00e8s 20 heures sur la place Mazagran \u00e0 Lyon&hellip;\n","protected":false},"author":2,"featured_media":18679,"comment_status":"","ping_status":"","sticky":false,"template":"","format":"standard","meta":{"footnotes":""},"categories":[1889],"tags":[1111,11,2430,271,272,2757,1777,674,274,1011,27,2428,5947,5946,12,25,2429],"class_list":{"0":"post-18678","1":"post","2":"type-post","3":"status-publish","4":"format-standard","5":"has-post-thumbnail","7":"category-lyon","8":"tag-actu","9":"tag-actualites","10":"tag-auvergne-rhone-alpes","11":"tag-crime","12":"tag-delit-et-contravention","13":"tag-edition-lyon-villeurbanne","14":"tag-eu","15":"tag-europe","16":"tag-faits-divers-justice","17":"tag-fr","18":"tag-france","19":"tag-lyon","20":"tag-lyon-7e","21":"tag-lyon-7e-arrondissement","22":"tag-news","23":"tag-republique-francaise","24":"tag-rhone"},"share_on_mastodon":{"url":"https:\/\/pubeurope.com\/@fr\/114322251654272044","error":""},"_links":{"self":[{"href":"https:\/\/www.europesays.com\/fr\/wp-json\/wp\/v2\/posts\/18678","targetHints":{"allow":["GET"]}}],"collection":[{"href":"https:\/\/www.europesays.com\/fr\/wp-json\/wp\/v2\/posts"}],"about":[{"href":"https:\/\/www.europesays.com\/fr\/wp-json\/wp\/v2\/types\/post"}],"author":[{"embeddable":true,"href":"https:\/\/www.europesays.com\/fr\/wp-json\/wp\/v2\/users\/2"}],"replies":[{"embeddable":true,"href":"https:\/\/www.europesays.com\/fr\/wp-json\/wp\/v2\/comments?post=18678"}],"version-history":[{"count":0,"href":"https:\/\/www.europesays.com\/fr\/wp-json\/wp\/v2\/posts\/18678\/revisions"}],"wp:featuredmedia":[{"embeddable":true,"href":"https:\/\/www.europesays.com\/fr\/wp-json\/wp\/v2\/media\/18679"}],"wp:attachment":[{"href":"https:\/\/www.europesays.com\/fr\/wp-json\/wp\/v2\/media?parent=18678"}],"wp:term":[{"taxonomy":"category","embeddable":true,"href":"https:\/\/www.europesays.com\/fr\/wp-json\/wp\/v2\/categories?post=18678"},{"taxonomy":"post_tag","embeddable":true,"href":"https:\/\/www.europesays.com\/fr\/wp-json\/wp\/v2\/tags?post=18678"}],"curies":[{"name":"wp","href":"https:\/\/api.w.org\/{rel}","templated":true}]}}