{"id":186780,"date":"2025-06-18T21:07:14","date_gmt":"2025-06-18T21:07:14","guid":{"rendered":"https:\/\/www.europesays.com\/fr\/186780\/"},"modified":"2025-06-18T21:07:14","modified_gmt":"2025-06-18T21:07:14","slug":"un-prisonnier-ukrainien-mutile-gloire-a-la-russie-grave-sur-son-ventre","status":"publish","type":"post","link":"https:\/\/www.europesays.com\/fr\/186780\/","title":{"rendered":"un prisonnier ukrainien mutil\u00e9, \u00ab Gloire \u00e0 la Russie \u00bb grav\u00e9 sur son ventre"},"content":{"rendered":"<p>Les clich\u00e9s t\u00e9moignent de la violence et de la torture. Plusieurs photos, publi\u00e9es par <a data-i13n=\"cpos:1;pos:1\" href=\"https:\/\/kyivindependent.com\/beyond-cynical-ukraine-says-russian-doctor-carved-glory-to-russia-scar-on-pow-during-operation\/\" rel=\"nofollow noopener\" target=\"_blank\" data-ylk=\"slk:The Kyiv Independent;cpos:1;pos:1;elm:context_link;itc:0;sec:content-canvas\" class=\"link \">The Kyiv Independent<\/a>, montrent le ventre d\u2019Andrii, <a data-i13n=\"cpos:2;pos:1\" href=\"https:\/\/www.parismatch.com\/actu\/international\/tu-mas-poignarde-tout-le-corps-laisse-moi-reprendre-un-peu-son-souffle-la-lutte-mort-entre-deux-soldats-ukrainien-et-russe-245768\" rel=\"nofollow noopener\" target=\"_blank\" data-ylk=\"slk:un soldat ukrainien;cpos:2;pos:1;elm:context_link;itc:0;sec:content-canvas\" class=\"link \">un soldat ukrainien<\/a> fait prisonnier de guerre, portant une imposante cicatrice sur laquelle sont grav\u00e9s les mots : \u00ab Gloire \u00e0 la Russie \u00bb et la lettre \u00ab Z \u00bb, symbole utilis\u00e9 pour d\u00e9signer <a data-i13n=\"cpos:3;pos:1\" href=\"https:\/\/www.parismatch.com\/actu\/international\/guerre-en-ukraine-un-commandant-russe-furieux-ordonne-de-tirer-sur-ses-propres-troupes-250293\" rel=\"nofollow noopener\" target=\"_blank\" data-ylk=\"slk:l\u2019invasion de l\u2019Ukraine;cpos:3;pos:1;elm:context_link;itc:0;sec:content-canvas\" class=\"link \">l\u2019invasion de l\u2019Ukraine<\/a> depuis plus de trois ans. Inscrits en russe, ces mots ont \u00e9t\u00e9 grav\u00e9s sur le flanc droit de son corps.<\/p>\n<p>Selon les services de renseignement militaire ukrainiens, qui ont authentifi\u00e9 les images, Andriy Yusov, porte-parole du renseignement, a relay\u00e9 le t\u00e9moignage du m\u00e9decin du centre de r\u00e9adaptation o\u00f9 le soldat a \u00e9t\u00e9 soign\u00e9. Ce dernier n\u2019a pu s\u2019emp\u00eacher de d\u00e9noncer les conditions de d\u00e9tention des prisonniers ukrainiens en Russie.<\/p>\n<p>\u00ab Il est crucial que cette photo soit vue par le monde entier \u00bb<\/p>\n<p>Maksym Turkevych, directeur g\u00e9n\u00e9ral de Neopalymi, un programme national qui fournit des soins gratuits aux bless\u00e9s de guerre, a expliqu\u00e9 que le personnel m\u00e9dical \u00e9tait convaincu que les inscriptions sur le corps d\u2019Andrii avaient \u00e9t\u00e9 r\u00e9alis\u00e9es par un v\u00e9ritable chirurgien.<\/p>\n<p>\u00ab Cela a \u00e9t\u00e9 fait sous anesth\u00e9sie g\u00e9n\u00e9rale, ce qui sugg\u00e8re fortement qu\u2019il ne s\u2019agissait pas de torture au sens classique. Il ne s\u2019agissait pas d\u2019infliger de la douleur, mais bien de laisser une marque \u00bb, a-t-il pr\u00e9cis\u00e9.<\/p>\n<p>\u00ab La photo parle d\u2019elle-m\u00eame \u00bb, a d\u00e9clar\u00e9 de son c\u00f4t\u00e9 Andriy Yusov, le 10 juin dernier \u00e0 la t\u00e9l\u00e9vision nationale. \u00ab Il est crucial qu\u2019elle soit vue, non s&#8230;<\/p>\n<p><a data-i13n=\"cpos:4;pos:1\" href=\"https:\/\/www.parismatch.com\/actu\/international\/guerre-en-ukraine-un-prisonnier-ukrainien-mutile-gloire-a-la-russie-grave-sur-son-ventre-252965?at_medium=affiliate&amp;at_campaign=Yahoo\" rel=\"nofollow noopener\" target=\"_blank\" data-ylk=\"slk:Lire la suite sur ParisMatch;cpos:4;pos:1;elm:context_link;itc:0;sec:content-canvas\" class=\"link \">Lire la suite sur ParisMatch<\/a><\/p>\n","protected":false},"excerpt":{"rendered":"Les clich\u00e9s t\u00e9moignent de la violence et de la torture. Plusieurs photos, publi\u00e9es par The Kyiv Independent, montrent&hellip;\n","protected":false},"author":2,"featured_media":186781,"comment_status":"","ping_status":"","sticky":false,"template":"","format":"standard","meta":{"footnotes":""},"categories":[1590],"tags":[11,32460,32458,32459,1777,674,12,32457,32461,220],"class_list":{"0":"post-186780","1":"post","2":"type-post","3":"status-publish","4":"format-standard","5":"has-post-thumbnail","7":"category-ukraine","8":"tag-actualites","9":"tag-andriy-yusov","10":"tag-centre-de-readaptation","11":"tag-conditions-de-detention","12":"tag-eu","13":"tag-europe","14":"tag-news","15":"tag-prisonnier-de-guerre","16":"tag-programme-national","17":"tag-ukraine"},"share_on_mastodon":{"url":"https:\/\/pubeurope.com\/@fr\/114706411961065604","error":""},"_links":{"self":[{"href":"https:\/\/www.europesays.com\/fr\/wp-json\/wp\/v2\/posts\/186780","targetHints":{"allow":["GET"]}}],"collection":[{"href":"https:\/\/www.europesays.com\/fr\/wp-json\/wp\/v2\/posts"}],"about":[{"href":"https:\/\/www.europesays.com\/fr\/wp-json\/wp\/v2\/types\/post"}],"author":[{"embeddable":true,"href":"https:\/\/www.europesays.com\/fr\/wp-json\/wp\/v2\/users\/2"}],"replies":[{"embeddable":true,"href":"https:\/\/www.europesays.com\/fr\/wp-json\/wp\/v2\/comments?post=186780"}],"version-history":[{"count":0,"href":"https:\/\/www.europesays.com\/fr\/wp-json\/wp\/v2\/posts\/186780\/revisions"}],"wp:featuredmedia":[{"embeddable":true,"href":"https:\/\/www.europesays.com\/fr\/wp-json\/wp\/v2\/media\/186781"}],"wp:attachment":[{"href":"https:\/\/www.europesays.com\/fr\/wp-json\/wp\/v2\/media?parent=186780"}],"wp:term":[{"taxonomy":"category","embeddable":true,"href":"https:\/\/www.europesays.com\/fr\/wp-json\/wp\/v2\/categories?post=186780"},{"taxonomy":"post_tag","embeddable":true,"href":"https:\/\/www.europesays.com\/fr\/wp-json\/wp\/v2\/tags?post=186780"}],"curies":[{"name":"wp","href":"https:\/\/api.w.org\/{rel}","templated":true}]}}