{"id":186786,"date":"2025-06-18T21:10:09","date_gmt":"2025-06-18T21:10:09","guid":{"rendered":"https:\/\/www.europesays.com\/fr\/186786\/"},"modified":"2025-06-18T21:10:09","modified_gmt":"2025-06-18T21:10:09","slug":"lallemagne-premiere-du-groupe-la-republique-tcheque-sauve-lhonneur","status":"publish","type":"post","link":"https:\/\/www.europesays.com\/fr\/186786\/","title":{"rendered":"l\u2019Allemagne premi\u00e8re du groupe, la R\u00e9publique Tch\u00e8que sauve l\u2019honneur"},"content":{"rendered":"<p>D\u00e9j\u00e0 qualifi\u00e9e, l\u2019Allemagne \u00e9tait oppos\u00e9e \u00e0 une Angleterre qui avait aussi un pied et quatre orteils en quart de finale. Pour l\u2019occasion, le coach allemand Antonio Di Salvio a surpris son monde, en changeant ses onze titulaires avant le match au sommet de ce groupe C. Mais tr\u00e8s vite, on a vu que m\u00eame l\u2019\u00e9quipe B de l\u2019Allemagne avait la main sur la rencontre. Men\u00e9e par un Ansgar Knauff de gala, la Mannschaft a r\u00e9alis\u00e9 la premi\u00e8re mi-temps parfaite, marquant \u00e0 deux reprises en deux occasions par Knauff (3e) et Weiper (33e).<\/p>\n<p>            La suite apr\u00e8s cette publicit\u00e9<\/p>\n<p>En seconde mi-temps, les Anglais ont jet\u00e9 leurs derni\u00e8res forces dans la bataille, mais ont but\u00e9 sur une charni\u00e8re centrale imperturbable, profitant d\u2019un grave manque d\u2019inspiration offensive de l\u2019Angleterre. Les Three Lions seront cependant qualifi\u00e9s suite au succ\u00e8s de la R\u00e9publique Tch\u00e8que face \u00e0 la Slov\u00e9nie (2-0), gr\u00e2ce \u00e0 Daniel Fila (48e) et Vaclav Sejk (59e), dans une rencontre qui s\u2019est d\u00e9cant\u00e9e en deuxi\u00e8me mi-temps.<\/p>\n<p>\n    Pub. le 18\/06\/2025 23:00<br \/>\n            &#8211; MAJ le 18\/06\/2025 23:09\n    <\/p>\n","protected":false},"excerpt":{"rendered":"D\u00e9j\u00e0 qualifi\u00e9e, l\u2019Allemagne \u00e9tait oppos\u00e9e \u00e0 une Angleterre qui avait aussi un pied et quatre orteils en quart&hellip;\n","protected":false},"author":2,"featured_media":186787,"comment_status":"","ping_status":"","sticky":false,"template":"","format":"standard","meta":{"footnotes":""},"categories":[1587],"tags":[11,672,1804,1805,1803,1777,674,1801,12,1802],"class_list":{"0":"post-186786","1":"post","2":"type-post","3":"status-publish","4":"format-standard","5":"has-post-thumbnail","7":"category-allemagne","8":"tag-actualites","9":"tag-allemagne","10":"tag-bundesrepublik-deutschland","11":"tag-de","12":"tag-deutschland","13":"tag-eu","14":"tag-europe","15":"tag-germany","16":"tag-news","17":"tag-republique-federale-dallemagne"},"share_on_mastodon":{"url":"https:\/\/pubeurope.com\/@fr\/114706423696610492","error":""},"_links":{"self":[{"href":"https:\/\/www.europesays.com\/fr\/wp-json\/wp\/v2\/posts\/186786","targetHints":{"allow":["GET"]}}],"collection":[{"href":"https:\/\/www.europesays.com\/fr\/wp-json\/wp\/v2\/posts"}],"about":[{"href":"https:\/\/www.europesays.com\/fr\/wp-json\/wp\/v2\/types\/post"}],"author":[{"embeddable":true,"href":"https:\/\/www.europesays.com\/fr\/wp-json\/wp\/v2\/users\/2"}],"replies":[{"embeddable":true,"href":"https:\/\/www.europesays.com\/fr\/wp-json\/wp\/v2\/comments?post=186786"}],"version-history":[{"count":0,"href":"https:\/\/www.europesays.com\/fr\/wp-json\/wp\/v2\/posts\/186786\/revisions"}],"wp:featuredmedia":[{"embeddable":true,"href":"https:\/\/www.europesays.com\/fr\/wp-json\/wp\/v2\/media\/186787"}],"wp:attachment":[{"href":"https:\/\/www.europesays.com\/fr\/wp-json\/wp\/v2\/media?parent=186786"}],"wp:term":[{"taxonomy":"category","embeddable":true,"href":"https:\/\/www.europesays.com\/fr\/wp-json\/wp\/v2\/categories?post=186786"},{"taxonomy":"post_tag","embeddable":true,"href":"https:\/\/www.europesays.com\/fr\/wp-json\/wp\/v2\/tags?post=186786"}],"curies":[{"name":"wp","href":"https:\/\/api.w.org\/{rel}","templated":true}]}}