{"id":186788,"date":"2025-06-18T21:11:15","date_gmt":"2025-06-18T21:11:15","guid":{"rendered":"https:\/\/www.europesays.com\/fr\/186788\/"},"modified":"2025-06-18T21:11:15","modified_gmt":"2025-06-18T21:11:15","slug":"double-dose-dor-pour-la-france","status":"publish","type":"post","link":"https:\/\/www.europesays.com\/fr\/186788\/","title":{"rendered":"double dose d\u2019or pour la France"},"content":{"rendered":"<p>La journ\u00e9e fut belle, ce mercredi 18\u00a0juin 2025, pour l\u2019escrime fran\u00e7aise \u00e0 G\u00eanes\u00a0: les \u00e9p\u00e9istes et les sabreuses tricolores ont, en effet, chacun conserv\u00e9 leur titre de champions d\u2019Europe par \u00e9quipe.<\/p>\n<p>Luidgi Midelton, Alexandre Bardenet, qui faisaient partie du quatuor sacr\u00e9 en 2024, et Ga\u00e9tan Billa ont d\u00e9roul\u00e9 contre les N\u00e9erlandais (45-29) en finale pour offrir un nouveau titre par \u00e9quipes \u00e0 l\u2019\u00e9p\u00e9e tricolore, apr\u00e8s la malheureuse quatri\u00e8me place aux JO l\u2019\u00e9t\u00e9 dernier.<\/p>\n<p>En demi-finale d\u00e9j\u00e0, l\u2019\u00e9quipe de France avait ais\u00e9ment \u00e9limin\u00e9 (45 touches \u00e0 33) les Italiens, qu\u2019ils avaient d\u00e9j\u00e0 battus, en finale, lors de leur titre l\u2019an pass\u00e9. Rapidement \u00e9limin\u00e9s en individuel, les trois Fran\u00e7ais et leur co\u00e9quipier Paul All\u00e8gre, \u00e9galement titr\u00e9 l\u2019an dernier mais qui n\u2019a particip\u00e9 ni \u00e0 la demi-finale ni \u00e0 la finale mercredi, quittent donc le tournoi sur une tr\u00e8s bonne note. <\/p>\n<p>Doubl\u00e9 en individuel et pas \u00e9quipes pour le sabre f\u00e9minin<\/p>\n<p>Quelques minutes apr\u00e8s ce titre,<a target=\"_self\" href=\"https:\/\/www.lanouvellerepublique.fr\/sports\/escrime-sarah-noutcha-sacree-en-sabre-aux-championnats-d-europe-1750012203\" rel=\"noopener\"> Sarah Noutcha, sacr\u00e9e en individuel en Italie<\/a>, Toscane Tori et la vice-championne olympique Sara Balzer les ont imit\u00e9s en s\u2019imposant elles aussi sur un score large (45-31) face aux Polonaises.<\/p>\n<p>L\u2019\u00e9quipe f\u00e9minine de sabre, qui avait aussi \u00e9chou\u00e9 au pied du podium \u00e0 Paris l\u2019\u00e9t\u00e9 dernier avec Balzer et Noutcha, est all\u00e9e chercher son deuxi\u00e8me titre d\u2019affil\u00e9e en disposant facilement de la Bulgarie puis de l\u2019Italie en demi-finale, sans faire jouer sa quatri\u00e8me tireuse, Faustine Clapier. Elle conclut en beaut\u00e9 le tournoi du sabre fran\u00e7ais, qui ram\u00e8ne trois des cinq m\u00e9dailles d\u2019or de la d\u00e9l\u00e9gation fran\u00e7aise, et une en bronze, sur les quatre \u00e9preuves disput\u00e9es.<\/p>\n<p>Avec cette journ\u00e9e \u00e0 deux titres, la France compte maintenant huit m\u00e9dailles avant la derni\u00e8re journ\u00e9e de jeudi.<\/p>\n","protected":false},"excerpt":{"rendered":"La journ\u00e9e fut belle, ce mercredi 18\u00a0juin 2025, pour l\u2019escrime fran\u00e7aise \u00e0 G\u00eanes\u00a0: les \u00e9p\u00e9istes et les sabreuses&hellip;\n","protected":false},"author":2,"featured_media":186789,"comment_status":"","ping_status":"","sticky":false,"template":"","format":"standard","meta":{"footnotes":""},"categories":[1586],"tags":[11,1946,1777,674,1011,27,12,25,60],"class_list":{"0":"post-186788","1":"post","2":"type-post","3":"status-publish","4":"format-standard","5":"has-post-thumbnail","7":"category-europe","8":"tag-actualites","9":"tag-escrime","10":"tag-eu","11":"tag-europe","12":"tag-fr","13":"tag-france","14":"tag-news","15":"tag-republique-francaise","16":"tag-sports"},"share_on_mastodon":{"url":"https:\/\/pubeurope.com\/@fr\/114706427734513149","error":""},"_links":{"self":[{"href":"https:\/\/www.europesays.com\/fr\/wp-json\/wp\/v2\/posts\/186788","targetHints":{"allow":["GET"]}}],"collection":[{"href":"https:\/\/www.europesays.com\/fr\/wp-json\/wp\/v2\/posts"}],"about":[{"href":"https:\/\/www.europesays.com\/fr\/wp-json\/wp\/v2\/types\/post"}],"author":[{"embeddable":true,"href":"https:\/\/www.europesays.com\/fr\/wp-json\/wp\/v2\/users\/2"}],"replies":[{"embeddable":true,"href":"https:\/\/www.europesays.com\/fr\/wp-json\/wp\/v2\/comments?post=186788"}],"version-history":[{"count":0,"href":"https:\/\/www.europesays.com\/fr\/wp-json\/wp\/v2\/posts\/186788\/revisions"}],"wp:featuredmedia":[{"embeddable":true,"href":"https:\/\/www.europesays.com\/fr\/wp-json\/wp\/v2\/media\/186789"}],"wp:attachment":[{"href":"https:\/\/www.europesays.com\/fr\/wp-json\/wp\/v2\/media?parent=186788"}],"wp:term":[{"taxonomy":"category","embeddable":true,"href":"https:\/\/www.europesays.com\/fr\/wp-json\/wp\/v2\/categories?post=186788"},{"taxonomy":"post_tag","embeddable":true,"href":"https:\/\/www.europesays.com\/fr\/wp-json\/wp\/v2\/tags?post=186788"}],"curies":[{"name":"wp","href":"https:\/\/api.w.org\/{rel}","templated":true}]}}