{"id":186790,"date":"2025-06-18T21:12:10","date_gmt":"2025-06-18T21:12:10","guid":{"rendered":"https:\/\/www.europesays.com\/fr\/186790\/"},"modified":"2025-06-18T21:12:10","modified_gmt":"2025-06-18T21:12:10","slug":"union-europeenne-bruxelles-alerte-sur-les-retards-dans-le-numerique-a-lapproche-de-2030","status":"publish","type":"post","link":"https:\/\/www.europesays.com\/fr\/186790\/","title":{"rendered":"Union europ\u00e9enne : Bruxelles alerte sur les retards dans le num\u00e9rique \u00e0 l\u2019approche de 2030"},"content":{"rendered":"<p><strong>Le d\u00e9ploiement de la fibre optique, des r\u00e9seaux 5G et l\u2019adoption de technologies cl\u00e9s comme l\u2019intelligence artificielle restent en de\u00e7\u00e0 des objectifs fix\u00e9s par l\u2019Union europ\u00e9enne, pr\u00e9vient la Commission dans son rapport 2025 sur la \u00abD\u00e9cennie num\u00e9rique\u00bb.<\/strong><\/p>\n<p>Alors que l\u2019\u00e9ch\u00e9ance de 2030 approche, l\u2019Union europ\u00e9enne peine \u00e0 combler le foss\u00e9 num\u00e9rique qui la s\u00e9pare de ses ambitions. Dans son \u00e9valuation annuelle, la Commission europ\u00e9enne dresse un constat pr\u00e9occupant : les progr\u00e8s sont insuffisants dans plusieurs domaines critiques, allant des infrastructures de connectivit\u00e9 \u00e0 la formation aux comp\u00e9tences num\u00e9riques, en passant par l\u2019adoption des technologies \u00e9mergentes par les entreprises.<\/p>\n<p><strong>Un usage trop limit\u00e9 des technologies cl\u00e9s<\/strong><br \/>Selon Bruxelles, le rythme de d\u00e9ploiement de la fibre optique et des r\u00e9seaux 5G autonomes reste trop lent pour r\u00e9pondre aux exigences de comp\u00e9titivit\u00e9 de l\u2019UE. La fragmentation des march\u00e9s, la complexit\u00e9 des r\u00e9glementations et la d\u00e9pendance \u00e0 des fournisseurs extra-europ\u00e9ens continuent de freiner les investissements.<\/p>\n<p>Le rapport appelle \u00e0 un sursaut collectif en mati\u00e8re d\u2019investissements, tant publics que priv\u00e9s, ainsi qu\u2019\u00e0 une am\u00e9lioration de l\u2019acc\u00e8s au capital-risque pour les entreprises europ\u00e9ennes, notamment les PME. L\u2019analyse met \u00e9galement en lumi\u00e8re le retard dans l\u2019adoption de l\u2019intelligence artificielle, du cloud computing et des m\u00e9gadonn\u00e9es.<\/p>\n<p>Malgr\u00e9 des initiatives politiques fortes, la transformation num\u00e9rique des entreprises reste incompl\u00e8te, en particulier dans les petites structures. L\u2019objectif de l\u2019UE est pourtant clair : d\u2019ici 2030, 75% des entreprises europ\u00e9ennes devraient utiliser ces technologies, et plus de 90% des PME devraient atteindre un niveau au moins \u00e9l\u00e9mentaire d\u2019intensit\u00e9 num\u00e9rique.<\/p>\n<p><strong>Une souverainet\u00e9 num\u00e9rique encore fragile<\/strong><br \/>Autre point noir : la formation. \u00c0 peine 55,6% des citoyens de l\u2019Union disposent de comp\u00e9tences num\u00e9riques de base. Et la p\u00e9nurie de sp\u00e9cialistes des technologies de l\u2019information et de la communication (TIC) \u2013 notamment en cybers\u00e9curit\u00e9 et en IA \u2013 demeure pr\u00e9occupante.<\/p>\n<p>Cette p\u00e9nurie est accentu\u00e9e par une fracture marqu\u00e9e entre les sexes, avec une sous-repr\u00e9sentation persistante des femmes dans ces m\u00e9tiers.<\/p>\n<p>Enfin, la Commission souligne que, malgr\u00e9 les progr\u00e8s enregistr\u00e9s en 2024 dans la num\u00e9risation des services publics, une part importante des infrastructures gouvernementales repose toujours sur des services fournis par des entreprises situ\u00e9es en dehors de l\u2019UE. Une d\u00e9pendance qui pose des questions de souverainet\u00e9 et de s\u00e9curit\u00e9, particuli\u00e8rement dans un contexte de tensions g\u00e9opolitiques croissantes.<\/p>\n<p>Avec ce rapport, Bruxelles lance un nouvel appel \u00e0 l\u2019action. Pour que la \u00abD\u00e9cennie num\u00e9rique\u00bb ne reste pas un v\u0153u pieux, les 27 devront faire preuve d\u2019une volont\u00e9 politique accrue, mobiliser davantage de ressources et assurer une mise en \u0153uvre coh\u00e9rente et coordonn\u00e9e de leurs strat\u00e9gies num\u00e9riques nationales.<\/p>\n<p>Sami Nemli avec agences \/ Les Inspirations \u00c9CO<\/p>\n","protected":false},"excerpt":{"rendered":"Le d\u00e9ploiement de la fibre optique, des r\u00e9seaux 5G et l\u2019adoption de technologies cl\u00e9s comme l\u2019intelligence artificielle restent&hellip;\n","protected":false},"author":2,"featured_media":186791,"comment_status":"","ping_status":"","sticky":false,"template":"","format":"standard","meta":{"footnotes":""},"categories":[1586],"tags":[11,2360,1777,674,1779,1011,27,12,25,1778,364],"class_list":{"0":"post-186790","1":"post","2":"type-post","3":"status-publish","4":"format-standard","5":"has-post-thumbnail","7":"category-europe","8":"tag-actualites","9":"tag-bruxelles","10":"tag-eu","11":"tag-europe","12":"tag-european-union","13":"tag-fr","14":"tag-france","15":"tag-news","16":"tag-republique-francaise","17":"tag-ue","18":"tag-union-europeenne"},"share_on_mastodon":{"url":"https:\/\/pubeurope.com\/@fr\/114706432264071538","error":""},"_links":{"self":[{"href":"https:\/\/www.europesays.com\/fr\/wp-json\/wp\/v2\/posts\/186790","targetHints":{"allow":["GET"]}}],"collection":[{"href":"https:\/\/www.europesays.com\/fr\/wp-json\/wp\/v2\/posts"}],"about":[{"href":"https:\/\/www.europesays.com\/fr\/wp-json\/wp\/v2\/types\/post"}],"author":[{"embeddable":true,"href":"https:\/\/www.europesays.com\/fr\/wp-json\/wp\/v2\/users\/2"}],"replies":[{"embeddable":true,"href":"https:\/\/www.europesays.com\/fr\/wp-json\/wp\/v2\/comments?post=186790"}],"version-history":[{"count":0,"href":"https:\/\/www.europesays.com\/fr\/wp-json\/wp\/v2\/posts\/186790\/revisions"}],"wp:featuredmedia":[{"embeddable":true,"href":"https:\/\/www.europesays.com\/fr\/wp-json\/wp\/v2\/media\/186791"}],"wp:attachment":[{"href":"https:\/\/www.europesays.com\/fr\/wp-json\/wp\/v2\/media?parent=186790"}],"wp:term":[{"taxonomy":"category","embeddable":true,"href":"https:\/\/www.europesays.com\/fr\/wp-json\/wp\/v2\/categories?post=186790"},{"taxonomy":"post_tag","embeddable":true,"href":"https:\/\/www.europesays.com\/fr\/wp-json\/wp\/v2\/tags?post=186790"}],"curies":[{"name":"wp","href":"https:\/\/api.w.org\/{rel}","templated":true}]}}