{"id":186792,"date":"2025-06-18T21:13:10","date_gmt":"2025-06-18T21:13:10","guid":{"rendered":"https:\/\/www.europesays.com\/fr\/186792\/"},"modified":"2025-06-18T21:13:10","modified_gmt":"2025-06-18T21:13:10","slug":"ce-que-vous-faites-cest-deshonorant-liberation","status":"publish","type":"post","link":"https:\/\/www.europesays.com\/fr\/186792\/","title":{"rendered":"\u00abCe que vous faites, c\u2019est d\u00e9shonorant\u00bb \u2013 Lib\u00e9ration"},"content":{"rendered":"<p class=\"sc-ksZaOG ehjQrN text-element\">La s\u00e9quence dure pr\u00e8s de cinq minutes et la tension va crescendo. Invit\u00e9e de l\u2019\u00e9mission C \u00e0 vous ce mercredi 18 juin, <a href=\"https:\/\/www.liberation.fr\/societe\/police-justice\/du-parlement-europeen-au-qatar-les-affaires-qui-plombent-rachida-dati-20250617_6MBFAYA3ENCDXIME7RUSWNJUIQ\/\" target=\"_blank\" rel=\"noopener\" title=\"https:\/\/www.liberation.fr\/societe\/police-justice\/du-parlement-europeen-au-qatar-les-affaires-qui-plombent-rachida-dati-20250617_6MBFAYA3ENCDXIME7RUSWNJUIQ\/\">la ministre de la Culture, Rachida Dati,<\/a> \u00e9tait interrog\u00e9e par le journaliste <a href=\"https:\/\/www.liberation.fr\/medias\/2012\/12\/20\/patrick-cohen-pro-dans-l-arene_869225\/\" target=\"_blank\" rel=\"noopener\" title=\"https:\/\/www.liberation.fr\/medias\/2012\/12\/20\/patrick-cohen-pro-dans-l-arene_869225\/\">Patrick Cohen<\/a> sur ses liens avec le groupe GDF Suez.<\/p>\n<p class=\"sc-ksZaOG ehjQrN text-element\">S\u2019appuyant sur une enqu\u00eate de <a href=\"https:\/\/www.mediapart.fr\/journal\/france\/040625\/rachida-dati-et-gdf-suez-revelations-sur-l-argent-cache-de-l-ancienne-eurodeputee\" target=\"_blank\" rel=\"noopener\" title=\"https:\/\/www.mediapart.fr\/journal\/france\/040625\/rachida-dati-et-gdf-suez-revelations-sur-l-argent-cache-de-l-ancienne-eurodeputee\">Mediapart<\/a> publi\u00e9 au d\u00e9but du mois de juin, le journaliste a questionn\u00e9 Rachida Dati, notamment au sujet des accusations la visant autour de ses \u00e9ventuels liens avec le groupe gazier.<\/p>\n<p class=\"sc-ksZaOG ehjQrN text-element\">Le 5 juin, une enqu\u00eate conjointe men\u00e9e par le Nouvel Observateur et Compl\u00e9ment d\u2019enqu\u00eate a affirm\u00e9 que <a href=\"https:\/\/www.liberation.fr\/politique\/rachida-dati-aurait-bien-percu-299-000-euros-dhonoraires-de-gdf-suez-ce-quelle-avait-toujours-nie-20250605_OYUACQKVKBHQZJUC6M6J33ZVVA\/\" target=\"_blank\" rel=\"noopener\" title=\"https:\/\/www.liberation.fr\/politique\/rachida-dati-aurait-bien-percu-299-000-euros-dhonoraires-de-gdf-suez-ce-quelle-avait-toujours-nie-20250605_OYUACQKVKBHQZJUC6M6J33ZVVA\/\">la ministre avait per\u00e7u 299 000 euros d\u2019honoraires<\/a> de la part de <a href=\"https:\/\/www.liberation.fr\/tags\/gdf\/\" target=\"_blank\" rel=\"noopener\" title=\"https:\/\/www.liberation.fr\/tags\/gdf\/\">l\u2019entreprise gazi\u00e8re<\/a>, documents \u00e0 l\u2019appui. La ministre de la Culture, par ailleurs <a href=\"https:\/\/www.liberation.fr\/societe\/police-justice\/soupcons-de-corruption-rachida-dati-perd-une-nouvelle-manche-20240702_PFQW7PBAZRHI5PBH63TUVZ722Q\/\" target=\"_blank\" rel=\"noopener\" title=\"https:\/\/www.liberation.fr\/societe\/police-justice\/soupcons-de-corruption-rachida-dati-perd-une-nouvelle-manche-20240702_PFQW7PBAZRHI5PBH63TUVZ722Q\/\">mise en examen pour corruption passive dans l\u2019affaire Carlos Ghosn<\/a>, <a href=\"https:\/\/www.liberation.fr\/france\/2013\/12\/12\/dati-recuse-tout-conflit-d-interet-avec-gdf-suez_965985\/\" target=\"_blank\" rel=\"noopener\" title=\"https:\/\/www.liberation.fr\/france\/2013\/12\/12\/dati-recuse-tout-conflit-d-interet-avec-gdf-suez_965985\/\">a toujours r\u00e9cus\u00e9 tout lien contractuel avec le groupe gazier fran\u00e7ais<\/a>, rebaptis\u00e9 Engie en 2015, et ni\u00e9 mordicus tout conflit d\u2019int\u00e9r\u00eats.<\/p>\n<p class=\"sc-ksZaOG ehjQrN text-element\">\u00abCe sont des honoraires qui ont \u00e9t\u00e9 trouv\u00e9s dans une comptabilit\u00e9 [\u2026]. Tout \u00e7a a \u00e9t\u00e9 scann\u00e9. Je n\u2019ai jamais vu un avocat au noir, des factures au noir, une comptabilit\u00e9 au noir. Tout \u00e7a est connu, d\u00e9clar\u00e9 et a \u00e9t\u00e9 tout \u00e0 fait valid\u00e9\u00bb, s\u2019est justifi\u00e9 dans un premier temps la ministre de la Culture sur le plateau de France 5, multipliant les arguments pour faire preuve de sa bonne foi. \u00abJe n\u2019ai jamais eu ni de redressement fiscal ni de probl\u00e8me fiscal ni financier. Tout \u00e7a a \u00e9t\u00e9 d\u00e9clar\u00e9\u00bb, mart\u00e8le-t-elle face \u00e0 Patrick Cohen.<\/p>\n<p class=\"sc-ksZaOG ehjQrN text-element\">Des honoraires \u00abvalid\u00e9s par le Parlement europ\u00e9en\u00bb ? relance <a href=\"https:\/\/www.liberation.fr\/economie\/medias\/france-inter-patrick-cohen-redevient-editorialiste-politique-dans-la-matinale-et-charline-vanhoenacker-chroniqueuse-quotidienne-20240710_3NX2L2QWONEJJDCDJAVB4ZTX6E\/\" target=\"_blank\" rel=\"noopener\" title=\"https:\/\/www.liberation.fr\/economie\/medias\/france-inter-patrick-cohen-redevient-editorialiste-politique-dans-la-matinale-et-charline-vanhoenacker-chroniqueuse-quotidienne-20240710_3NX2L2QWONEJJDCDJAVB4ZTX6E\/\">le journaliste, la mine circonspecte.<\/a> C\u2019est la goutte de trop pour Rachida Dati. Pendant qu\u2019un d\u00eener gourmet se pr\u00e9pare en fond de cadre \u2013 une tradition de fin d\u2019\u00e9mission chez C \u00e0 vous \u2013, l\u2019ambiance autour de la table tourne au vinaigre. \u00abEst-ce que vous \u00eates magistrat ? Ce n\u2019est pas \u00e0 vous que je dois r\u00e9pondre si je dois r\u00e9pondre. Mon dossier est cl\u00f4tur\u00e9\u00bb, r\u00e9torque la ministre.<\/p>\n<p class=\"sc-ksZaOG ehjQrN text-element\">Alors que le doute habite Cohen, l\u2019ancienne garde des Sceaux commence son r\u00e9quisitoire : \u00abMonsieur Cohen, une enqu\u00eate Mediapart vous a mis en cause pour harc\u00e8lement, management toxique. Une enqu\u00eate Mediapart qui est ressortie tr\u00e8s r\u00e9cemment\u00bb, encha\u00eene la ministre coudes sur la table, regard plant\u00e9 dans celui de son interlocuteur.<\/p>\n<p class=\"sc-ksZaOG ehjQrN text-element\">\u00abEst-ce que c\u2019est vrai ? Est-ce que vous harcelez vos collaborateurs ? Est-ce que vous \u00eates d\u00e9sagr\u00e9ables avec les gens avec qui vous travaillez ? C\u2019est affirm\u00e9 dans une enqu\u00eate Mediapart, r\u00e9p\u00e8te Rachida Dati. On vous accuse de harc\u00e8lement. Est-ce que c\u2019est vrai Monsieur Cohen ? Est-ce que vous pouvez me r\u00e9pondre ?\u00bb<\/p>\n<p class=\"sc-ksZaOG ehjQrN text-element\">La ministre de la Culture faire r\u00e9f\u00e9rence \u00e0 une <a href=\"https:\/\/www.mediapart.fr\/journal\/culture-et-idees\/030225\/france-inter-le-comportement-passe-de-patrick-cohen-fait-surface\" target=\"_blank\" rel=\"noopener\" title=\"https:\/\/www.mediapart.fr\/journal\/culture-et-idees\/030225\/france-inter-le-comportement-passe-de-patrick-cohen-fait-surface\">enqu\u00eate <\/a>publi\u00e9e le 3 f\u00e9vrier par le site d\u2019investigation visant l\u2019\u00e9ditorialiste politique et son retour sur France Inter. Les auteurs ont recueilli pr\u00e8s d\u2019une vingtaine de t\u00e9moignages de salari\u00e9s de la radio publique. \u00abToutes et tous confient avoir \u00e9t\u00e9 victimes, ou t\u00e9moins, de la brutalit\u00e9 manag\u00e9riale de Patrick Cohen. Certains t\u00e9moins estiment que les faits d\u00e9crits pourraient relever du harc\u00e8lement moral\u00bb, relate Mediapart dans son article.<\/p>\n<p class=\"sc-ksZaOG ehjQrN text-element\">Face aux attaques r\u00e9p\u00e9t\u00e9es de Rachida Dati, Patrick Cohen se d\u00e9fend : \u00abJe n\u2019ai pas \u00e9t\u00e9 accus\u00e9 de harc\u00e8lement.\u00bb \u00abC\u2019est un d\u00e9lit, Monsieur Cohen\u00bb, lui r\u00e9pond tout de go Rachida Dati. A c\u00f4t\u00e9 de la ministre, l\u2019animatrice <a href=\"https:\/\/www.liberation.fr\/futurs\/2017\/08\/27\/anne-elisabeth-lemoine-c-a-elle_1592287\/#:~:text=Anne%2DElisabeth%20Lemoine%20est%20la,et%20la%20d%C3%A9contraction%20sans%20pr%C3%A9tention.\" target=\"_blank\" rel=\"noopener\" title=\"https:\/\/www.liberation.fr\/futurs\/2017\/08\/27\/anne-elisabeth-lemoine-c-a-elle_1592287\/#:~:text=Anne%2DElisabeth%20Lemoine%20est%20la,et%20la%20d%C3%A9contraction%20sans%20pr%C3%A9tention.\">Anne-Elisabeth Lemoine<\/a> accuse le coup, avant de tenter un doucereux \u00abMadame la ministre\u2026\u00bb. Pas suffisant pour stopper la verve minist\u00e9rielle.<\/p>\n<p class=\"sc-ksZaOG ehjQrN text-element\">Lanc\u00e9e, Rachida Dati passe la seconde et se retourne vers la boss du talk-show. \u00abMadame Lemoine, une enqu\u00eate Mediapart a \u00e9t\u00e9 ouverte. De la m\u00eame mani\u00e8re qu\u2019il a \u00e9t\u00e9 dit qu\u2019\u00e0 <a href=\"https:\/\/www.liberation.fr\/economie\/medias\/maintenant-cest-quatre-ou-cinq-messages-par-jour-dans-lemission-c-a-vous-le-journaliste-mohamed-bouhafsi-denonce-une-liberation-de-la-parole-raciste-20240627_YEAV5KNIJ5HKZDY5R2BOVYFXWE\/\" target=\"_blank\" rel=\"noopener\" title=\"https:\/\/www.liberation.fr\/economie\/medias\/maintenant-cest-quatre-ou-cinq-messages-par-jour-dans-lemission-c-a-vous-le-journaliste-mohamed-bouhafsi-denonce-une-liberation-de-la-parole-raciste-20240627_YEAV5KNIJ5HKZDY5R2BOVYFXWE\/\">C \u00e0 vous<\/a>, l\u2019ambiance est \u00e9pouvantable, que vous pleurez toute la journ\u00e9e, que tout le monde est mis en cause. Est-ce que c\u2019est vrai ?\u00bb interpelle-t-elle, faisant r\u00e9f\u00e9rence \u00e0 un article de Marianne publi\u00e9 en avril qui \u00e9voquait \u00abhumiliations et jalousies\u00bb au sein de l\u2019\u00e9quipe. \u00abNon, c\u2019est faux\u00bb, r\u00e9pond l\u2019animatrice, passablement d\u00e9sempar\u00e9e.<\/p>\n<p class=\"sc-ksZaOG ehjQrN text-element\">\u00abContrairement \u00e0 vous j\u2019ai donn\u00e9 des r\u00e9ponses\u00bb, se targue Rachida Dati avant de poser \u00e0 nouveau son regard sur Patrick Cohen : \u00abJ\u2019aurais beaucoup de peine pour vos collaborateurs qui ont \u00e9t\u00e9 harcel\u00e9s. J\u2019en ai fait une politique p\u00e9nale, de la lutte contre le harc\u00e8lement.\u00bb Et de rev\u00eatir son ancien costume de ministre de la Justice pour l\u2019avertir (le menacer ?) : \u00abVous pourriez aussi tomber sous le coup de ce d\u00e9lit. Il suffirait que je fasse un article 40 pour d\u00e9noncer (sic) suite \u00e0 ce papier de Mediapart. Je peux le faire.\u00bb<\/p>\n<p class=\"sc-ksZaOG ehjQrN text-element\">\u00abJe vous y invite\u00bb, lance Cohen dans une bravade. \u00abPersonne n\u2019a \u00e9t\u00e9 saisi ni par la justice ni en interne par Radio France [\u2026]. Ce n\u2019est pas tr\u00e8s reluisant ce que vous faites, c\u2019est d\u00e9shonorant\u00bb, s\u2019indigne le matinalier d\u00e9contenanc\u00e9, la voix banche.<\/p>\n<p class=\"sc-ksZaOG ehjQrN text-element\">Quelques heures plus t\u00f4t, \u00e0 l\u2019heure du petit-d\u00e9jeuner, sur les ondes de <a href=\"https:\/\/www.liberation.fr\/economie\/medias\/france-inter-motion-de-defiance-contre-la-directrice-adele-van-reeth-20240711_XM3XJDTR7JHY7LHJ2Q7U734JFU\/\" target=\"_blank\" rel=\"noopener\" title=\"https:\/\/www.liberation.fr\/economie\/medias\/france-inter-motion-de-defiance-contre-la-directrice-adele-van-reeth-20240711_XM3XJDTR7JHY7LHJ2Q7U734JFU\/\">France Inter<\/a>, Patrick Cohen avait consacr\u00e9 son <a href=\"https:\/\/www.radiofrance.fr\/franceinter\/podcasts\/l-edito-politique\" target=\"_blank\" rel=\"noopener\" title=\"https:\/\/www.radiofrance.fr\/franceinter\/podcasts\/l-edito-politique\">\u00e9dito <\/a>du jour \u00e0 la ministre de la Culture, taclant son projet de holding pour l\u2019audiovisuel public, fustigeant une \u00abid\u00e9e funeste\u00bb. A l\u2019heure du d\u00eener, la ministre et le matinalier se sont finalement retrouv\u00e9s et le torchon a br\u00fbl\u00e9.<\/p>\n","protected":false},"excerpt":{"rendered":"La s\u00e9quence dure pr\u00e8s de cinq minutes et la tension va crescendo. Invit\u00e9e de l\u2019\u00e9mission C \u00e0 vous&hellip;\n","protected":false},"author":2,"featured_media":186793,"comment_status":"","ping_status":"","sticky":false,"template":"","format":"standard","meta":{"footnotes":""},"categories":[2],"tags":[11,1011,27,32462,12,417,10651,25],"class_list":{"0":"post-186792","1":"post","2":"type-post","3":"status-publish","4":"format-standard","5":"has-post-thumbnail","7":"category-actualites","8":"tag-actualites","9":"tag-fr","10":"tag-france","11":"tag-gdf","12":"tag-news","13":"tag-rachida-dati","14":"tag-renault","15":"tag-republique-francaise"},"share_on_mastodon":{"url":"https:\/\/pubeurope.com\/@fr\/114706435551548830","error":""},"_links":{"self":[{"href":"https:\/\/www.europesays.com\/fr\/wp-json\/wp\/v2\/posts\/186792","targetHints":{"allow":["GET"]}}],"collection":[{"href":"https:\/\/www.europesays.com\/fr\/wp-json\/wp\/v2\/posts"}],"about":[{"href":"https:\/\/www.europesays.com\/fr\/wp-json\/wp\/v2\/types\/post"}],"author":[{"embeddable":true,"href":"https:\/\/www.europesays.com\/fr\/wp-json\/wp\/v2\/users\/2"}],"replies":[{"embeddable":true,"href":"https:\/\/www.europesays.com\/fr\/wp-json\/wp\/v2\/comments?post=186792"}],"version-history":[{"count":0,"href":"https:\/\/www.europesays.com\/fr\/wp-json\/wp\/v2\/posts\/186792\/revisions"}],"wp:featuredmedia":[{"embeddable":true,"href":"https:\/\/www.europesays.com\/fr\/wp-json\/wp\/v2\/media\/186793"}],"wp:attachment":[{"href":"https:\/\/www.europesays.com\/fr\/wp-json\/wp\/v2\/media?parent=186792"}],"wp:term":[{"taxonomy":"category","embeddable":true,"href":"https:\/\/www.europesays.com\/fr\/wp-json\/wp\/v2\/categories?post=186792"},{"taxonomy":"post_tag","embeddable":true,"href":"https:\/\/www.europesays.com\/fr\/wp-json\/wp\/v2\/tags?post=186792"}],"curies":[{"name":"wp","href":"https:\/\/api.w.org\/{rel}","templated":true}]}}