{"id":186794,"date":"2025-06-18T21:14:17","date_gmt":"2025-06-18T21:14:17","guid":{"rendered":"https:\/\/www.europesays.com\/fr\/186794\/"},"modified":"2025-06-18T21:14:17","modified_gmt":"2025-06-18T21:14:17","slug":"du-ps-au-rn-la-petite-musique-de-la-censure-revient","status":"publish","type":"post","link":"https:\/\/www.europesays.com\/fr\/186794\/","title":{"rendered":"du PS au RN, la petite musique de la censure revient"},"content":{"rendered":"<p><strong>R\u00c9CIT &#8211;<\/strong> Si beaucoup imaginent le premier ministre se maintenir au moins jusqu\u2019au budget, l\u2019hypoth\u00e8se d\u2019une motion de censure qui renverserait son gouvernement avant l\u2019\u00e9t\u00e9 prend de l\u2019\u00e9paisseur, ces derni\u00e8res heures.<\/p>\n<p class=\"fig-paragraph\">Telle une dr\u00f4le de ritournelle, elle revient inlassablement dans les couloirs du Palais Bourbon. La petite musique de la censure, que beaucoup n\u2019entendaient plus que d\u2019une oreille ces derni\u00e8res semaines, r\u00e9sonne de nouveau ces derniers jours. Et si le gouvernement de\u00a0<a href=\"http:\/\/www.lefigaro.fr\/social\/retraites-qu-est-ce-que-la-prime-pour-les-seniors-cette-proposition-nebuleuse-avancee-par-francois-bayrou-20250617\" data-fig-type=\"Article\" data-gtm-custom-categorie=\"navigation\" data-gtm-custom-action=\"crossclick\" data-gtm-custom-label=\"Contextuel\" data-gtm-event=\"customEventSPE\" data-fig-domain=\"LEFIGARO\" target=\"_blank\" rel=\"noopener\">Fran\u00e7ois Bayrou<\/a>\u00a0tombait\u00a0avant les vacances d\u2019\u00e9t\u00e9\u00a0? Le premier ministre, qui \u00e9tait parvenu \u00e0 sauver son gouvernement en d\u00e9but d\u2019ann\u00e9e au prix de concessions budg\u00e9taires accord\u00e9es au Parti socialiste et d\u2019un conclave sur les retraites, semble pour la premi\u00e8re fois en v\u00e9ritable danger, six mois apr\u00e8s sa nomination \u00e0 Matignon. Les n\u00e9gociations entre partenaires sociaux sur le sujet explosif des\u00a0<a href=\"http:\/\/www.lefigaro.fr\/social\/retraites-le-medef-tres-reserve-sur-sa-presence-a-une-nouvelle-reunion-du-conclave-20250618\" data-fig-type=\"NewsFlash\" data-gtm-custom-categorie=\"navigation\" data-gtm-custom-action=\"crossclick\" data-gtm-custom-label=\"Contextuel\" data-gtm-event=\"customEventSPE\" data-fig-domain=\"LEFIGARO\" target=\"_blank\" rel=\"noopener\">retraites<\/a>, qui lui ont permis jusqu\u2019ici de gagner du temps, devraient accoucher d\u2019une souris d\u2019ici \u00e0 la fin du mois.<\/p>\n<p class=\"fig-paragraph\">Or, les socialistes ont toujours menac\u00e9 d\u2019appuyer sur le bouton de la censure si les conclusions du conclave n\u2019\u00e9taient pas \u00e0 la hauteur. Ou pire, si le premier ministre renon\u00e7ait \u00e0 revenir avec un texte, contenant les\u2026<\/p>\n<p class=\"fig-premium-paywall__infos\">\n        Cet article est r\u00e9serv\u00e9 aux abonn\u00e9s.        Il vous reste 86% \u00e0 d\u00e9couvrir.\n    <\/p>\n<p>                <img  data- alt=\"Le Figaro\" class=\"fig-img--complete fig-img\"\/><\/p>\n<p class=\"fig-premium-paywall__title\">Vente Flash<\/p>\n<p class=\"fig-premium-paywall__subtitle\">3,99\u20ac par mois pendant 12 mois. Sans engagement.<\/p>\n<p class=\"fig-premium-paywall__connect\">\n                D\u00e9j\u00e0 abonn\u00e9\u00a0?                <a class=\"fig-premium-paywall__connect-link\" href=\"https:\/\/connect.lefigaro.fr\/login?client=horizon_web&amp;type=main&amp;redirect_uri=https%3A%2F%2Fwww.lefigaro.fr%2Fpolitique%2Fbayrou-nous-a-donne-tous-les-arguments-pour-le-renverser-du-ps-au-rn-la-petite-musique-de-la-censure-revient-20250618\" data-js-gtm=\"{&quot;customCategorie&quot;: &quot;conversion&quot;, &quot;customAction&quot;: &quot;before_Landing_Connexion_paywall_auto&quot;, &quot;customLabel&quot;: &quot;bGVmaWdhcm8uZnJfXzFmMDRjM2FlLTMyZGQtNjAzMi1hMGFhLTc5M2YzOTg1MzY3MF9fQXJ0aWNsZQ==_\u00abBayrou nous a donn\u00e9 tous les arguments pour le renverser\u00bb: du PS au RN, la petite musique de la censure revient_217&quot;, &quot;customIDSPE&quot;: &quot;bGVmaWdhcm8uZnJfXzFmMDRjM2FlLTMyZGQtNjAzMi1hMGFhLTc5M2YzOTg1MzY3MF9fQXJ0aWNsZQ==&quot;, &quot;event&quot;: &quot;customEventSPE&quot;}\" target=\"_blank\" rel=\"noopener\"><br \/>\n                    Connectez-vous<br \/>\n                <\/a>\n            <\/p>\n","protected":false},"excerpt":{"rendered":"R\u00c9CIT &#8211; Si beaucoup imaginent le premier ministre se maintenir au moins jusqu\u2019au budget, l\u2019hypoth\u00e8se d\u2019une motion de&hellip;\n","protected":false},"author":2,"featured_media":186795,"comment_status":"","ping_status":"","sticky":false,"template":"","format":"standard","meta":{"footnotes":""},"categories":[2],"tags":[11,416,426,427,422,423,1011,27,418,424,425,420,421,12,419,3541,316,429,1078,25,428],"class_list":{"0":"post-186794","1":"post","2":"type-post","3":"status-publish","4":"format-standard","5":"has-post-thumbnail","7":"category-actualites","8":"tag-actualites","9":"tag-assemblee-nationale","10":"tag-candidat","11":"tag-candidats","12":"tag-depute","13":"tag-deputes","14":"tag-fr","15":"tag-france","16":"tag-gouvernement","17":"tag-institution","18":"tag-institutions","19":"tag-loi","20":"tag-lois","21":"tag-news","22":"tag-opposition","23":"tag-parti-socialiste","24":"tag-politique","25":"tag-ps","26":"tag-rassemblement-national","27":"tag-republique-francaise","28":"tag-ump"},"share_on_mastodon":{"url":"https:\/\/pubeurope.com\/@fr\/114706439450098617","error":""},"_links":{"self":[{"href":"https:\/\/www.europesays.com\/fr\/wp-json\/wp\/v2\/posts\/186794","targetHints":{"allow":["GET"]}}],"collection":[{"href":"https:\/\/www.europesays.com\/fr\/wp-json\/wp\/v2\/posts"}],"about":[{"href":"https:\/\/www.europesays.com\/fr\/wp-json\/wp\/v2\/types\/post"}],"author":[{"embeddable":true,"href":"https:\/\/www.europesays.com\/fr\/wp-json\/wp\/v2\/users\/2"}],"replies":[{"embeddable":true,"href":"https:\/\/www.europesays.com\/fr\/wp-json\/wp\/v2\/comments?post=186794"}],"version-history":[{"count":0,"href":"https:\/\/www.europesays.com\/fr\/wp-json\/wp\/v2\/posts\/186794\/revisions"}],"wp:featuredmedia":[{"embeddable":true,"href":"https:\/\/www.europesays.com\/fr\/wp-json\/wp\/v2\/media\/186795"}],"wp:attachment":[{"href":"https:\/\/www.europesays.com\/fr\/wp-json\/wp\/v2\/media?parent=186794"}],"wp:term":[{"taxonomy":"category","embeddable":true,"href":"https:\/\/www.europesays.com\/fr\/wp-json\/wp\/v2\/categories?post=186794"},{"taxonomy":"post_tag","embeddable":true,"href":"https:\/\/www.europesays.com\/fr\/wp-json\/wp\/v2\/tags?post=186794"}],"curies":[{"name":"wp","href":"https:\/\/api.w.org\/{rel}","templated":true}]}}