{"id":186805,"date":"2025-06-18T21:23:09","date_gmt":"2025-06-18T21:23:09","guid":{"rendered":"https:\/\/www.europesays.com\/fr\/186805\/"},"modified":"2025-06-18T21:23:09","modified_gmt":"2025-06-18T21:23:09","slug":"ce-velo-geant-fabrique-dans-le-cotentin-reprend-la-route-du-tour-du-france","status":"publish","type":"post","link":"https:\/\/www.europesays.com\/fr\/186805\/","title":{"rendered":"Ce v\u00e9lo g\u00e9ant fabriqu\u00e9 dans le Cotentin reprend la route du Tour du France"},"content":{"rendered":"<p>            Par<br \/>\n        <strong><br \/>\n            <a href=\"https:\/\/actu.fr\/auteur\/redaction-pressemanche\" title=\"Consulter tous les articles de R\u00e9daction La Presse de la Manche\" rel=\"nofollow noopener\" target=\"_blank\">R\u00e9daction La Presse de la Manche<\/a><br \/>\n        <\/strong><\/p>\n<p>        Publi\u00e9 le<\/p>\n<p>            18 juin 2025 \u00e0 19h18        <\/p>\n<p>Il a beau peser <b>400 kg<\/b> et culminer \u00e0 <b>six m\u00e8tres<\/b> de haut, il voyage <a href=\"https:\/\/actu.fr\/normandie\/treauville_50604\/construit-dans-le-cotentin-cet-impressionnant-velo-revient-sur-les-routes-du-tour-de-france_61265243.html\" rel=\"nofollow noopener\" target=\"_blank\">chaque \u00e9t\u00e9<\/a>. N\u00e9 \u00e0 <a href=\"https:\/\/actu.fr\/normandie\/treauville_50604\" rel=\"nofollow noopener\" target=\"_blank\">Tr\u00e9auville<\/a> (<a href=\"https:\/\/actu.fr\/normandie\/manche_50\" rel=\"nofollow noopener\" target=\"_blank\">Manche<\/a>), le <b>v\u00e9lo g\u00e9ant<\/b> des Tr\u00e9auvillais poursuit sa Grande Boucle.<\/p>\n<p class=\" wall-content\">Le 5 juin 2025, il a \u00e9t\u00e9 install\u00e9 dans la commune de Coussay-les-Bois, dans le d\u00e9partement de <b>la Vienne<\/b>, o\u00f9 le <a href=\"https:\/\/actu.fr\/tag\/tour-de-france\" rel=\"nofollow noopener\" target=\"_blank\">Tour de France<\/a> fera \u00e9tape le dimanche <b>13 juillet<\/b>. Une nouvelle halte sur sa longue et belle histoire.<\/p>\n<p>De Tr\u00e9auville \u00e0 toute la France<\/p>\n<p data-end=\"1307\" class=\" wall-content\">\u00c9t\u00e9 2016. Le Tour de France passe<b> par Di\u00e9lette<\/b>. \u00c0 Tr\u00e9auville, l\u2019envie est l\u00e0 : marquer l\u2019\u00e9v\u00e9nement, cr\u00e9er une \u0153uvre unique, visible, joyeuse. <b>Claude No\u00ebl<\/b>, dessinateur au crayon aff\u00fbt\u00e9, esquisse une id\u00e9e un peu folle. <b>Jean-Fran\u00e7ois Viger<\/b>, l\u2019homme des mains en or, se retrousse les manches. La maquette prend vie, les tubes d\u2019acier se dressent, et le v\u00e9lo na\u00eet. Haut comme un r\u00e9verb\u00e8re, fier comme un coq.<\/p>\n<p data-end=\"1551\" class=\" wall-content\">\u00ab Au d\u00e9part, il voulait le faire encore <b>plus grand<\/b> \u00bb, sourit Alain Dupont, adjoint \u00e0 Tr\u00e9auville, qui a su canaliser l\u2019enthousiasme cr\u00e9atif. Finalement, la version finale, avec ses 6 m\u00e8tres de haut, suffit \u00e0 impressionner les foules. Depuis, chaque ann\u00e9e, le v\u00e9lo g\u00e9ant part en tourn\u00e9e, pos\u00e9 sur un semi-remorque, escort\u00e9 comme une star du peloton. Il a travers\u00e9 les r\u00e9gions, de plaine en montagne, de village en bourgade, devenant un symbole de la ferveur populaire du Tour. L\u2019an pass\u00e9, il tr\u00f4nait fi\u00e8rem \u00e0 l\u2019entr\u00e9e d\u2019Alvignac (Lot), au bord de la D673, pr\u00eat \u00e0 saluer les coureurs et le public.<\/p>\n<p>Une histoire de c\u0153ur<\/p>\n<p class=\" wall-content\">Ce v\u00e9lo, ce n\u2019est pas qu\u2019une structure, c\u2019est l\u2019histoire d\u2019un village qui a voulu <b>exister<\/b> \u00e0 sa fa\u00e7on sur la <b>carte du Tour.<\/b> C\u2019est la preuve qu\u2019avec de l\u2019id\u00e9e, de la sueur et du c\u0153ur, on peut b\u00e2tir des monuments. Et que parfois, les plus beaux hommages roulent \u00e0 la passion des gens.<\/p>\n<p class=\" wall-content\">Rendez-vous donc \u00e0 Coussay-les-Bois le 13\u00a0juillet. Le peloton passera peut-\u00eatre \u00e0 toute allure devant, mais le grand v\u00e9lo, lui, restera, immobile et majestueux, pour rappeler que le Tour de France est aussi une histoire de territoires, de liens et de fiert\u00e9.<\/p>\n<p>Vid\u00e9os : en ce moment sur Actu<\/p>\n<p class=\" wall-content\"><b>De notre correspondante Laure GHANNAM<\/b><\/p>\n<p class=\" wall-content\">Suivez toute l\u2019actualit\u00e9 de vos villes et m\u00e9dias favoris en vous inscrivant \u00e0 <a href=\"https:\/\/moncompte.actu.fr\" title=\"D\u00e9couvez Mon Actu\" rel=\"nofollow noopener\" data-trk=\"{&quot;cta&quot;:{&quot;action&quot;:&quot;https:\\\/\\\/moncompte.actu.fr&quot;,&quot;category&quot;:&quot;mon compte&quot;,&quot;from&quot;:&quot;article footer&quot;,&quot;name&quot;:&quot;Mon actu&quot;,&quot;type&quot;:&quot;cta&quot;}}\" target=\"_blank\">Mon Actu<\/a>.<\/p>\n","protected":false},"excerpt":{"rendered":"Par R\u00e9daction La Presse de la Manche Publi\u00e9 le 18 juin 2025 \u00e0 19h18 Il a beau peser&hellip;\n","protected":false},"author":2,"featured_media":186806,"comment_status":"","ping_status":"","sticky":false,"template":"","format":"standard","meta":{"footnotes":""},"categories":[1411],"tags":[3168,1154,207,1011,27,104,60,210],"class_list":{"0":"post-186805","1":"post","2":"type-post","3":"status-publish","4":"format-standard","5":"has-post-thumbnail","7":"category-cyclisme","8":"tag-cotentin","9":"tag-cycling","10":"tag-cyclisme","11":"tag-fr","12":"tag-france","13":"tag-societe","14":"tag-sports","15":"tag-tour-de-france"},"share_on_mastodon":{"url":"https:\/\/pubeurope.com\/@fr\/114706474871231972","error":""},"_links":{"self":[{"href":"https:\/\/www.europesays.com\/fr\/wp-json\/wp\/v2\/posts\/186805","targetHints":{"allow":["GET"]}}],"collection":[{"href":"https:\/\/www.europesays.com\/fr\/wp-json\/wp\/v2\/posts"}],"about":[{"href":"https:\/\/www.europesays.com\/fr\/wp-json\/wp\/v2\/types\/post"}],"author":[{"embeddable":true,"href":"https:\/\/www.europesays.com\/fr\/wp-json\/wp\/v2\/users\/2"}],"replies":[{"embeddable":true,"href":"https:\/\/www.europesays.com\/fr\/wp-json\/wp\/v2\/comments?post=186805"}],"version-history":[{"count":0,"href":"https:\/\/www.europesays.com\/fr\/wp-json\/wp\/v2\/posts\/186805\/revisions"}],"wp:featuredmedia":[{"embeddable":true,"href":"https:\/\/www.europesays.com\/fr\/wp-json\/wp\/v2\/media\/186806"}],"wp:attachment":[{"href":"https:\/\/www.europesays.com\/fr\/wp-json\/wp\/v2\/media?parent=186805"}],"wp:term":[{"taxonomy":"category","embeddable":true,"href":"https:\/\/www.europesays.com\/fr\/wp-json\/wp\/v2\/categories?post=186805"},{"taxonomy":"post_tag","embeddable":true,"href":"https:\/\/www.europesays.com\/fr\/wp-json\/wp\/v2\/tags?post=186805"}],"curies":[{"name":"wp","href":"https:\/\/api.w.org\/{rel}","templated":true}]}}