{"id":186811,"date":"2025-06-18T21:26:11","date_gmt":"2025-06-18T21:26:11","guid":{"rendered":"https:\/\/www.europesays.com\/fr\/186811\/"},"modified":"2025-06-18T21:26:11","modified_gmt":"2025-06-18T21:26:11","slug":"toulouse-sillumine-avec-une-exposition-immersive-du-maitre-de-limpressionnisme","status":"publish","type":"post","link":"https:\/\/www.europesays.com\/fr\/186811\/","title":{"rendered":"Toulouse s\u2019illumine avec une exposition immersive du ma\u00eetre de l&rsquo;impressionnisme"},"content":{"rendered":"<p class=\"article__intro\">Apr\u00e8s le succ\u00e8s de l&rsquo;expo Escher, les espaces Edf Bazacle \u00e0 Toulouse accueillent \u00ab\u00a0Claude Monet : the immersive experience\u00a0\u00bb d\u00e8s le d\u00e9but du mois de juillet. C&rsquo;est la premi\u00e8re fois que cette exposition est propos\u00e9e en France.<\/p>\n<p>\n      L&rsquo;essentiel du jour : notre s\u00e9lection exclusive\n    <\/p>\n<p>\n      Chaque jour, notre r\u00e9daction vous r\u00e9serve le meilleur de l&rsquo;info r\u00e9gionale. Une s\u00e9lection rien que pour vous, pour rester en lien avec vos r\u00e9gions.\n    <\/p>\n<p>    France T\u00e9l\u00e9visions utilise votre adresse e-mail afin de vous envoyer la newsletter \u00ab\u00a0L&rsquo;essentiel du jour : notre s\u00e9lection exclusive\u00a0\u00bb. Vous pouvez vous d\u00e9sinscrire \u00e0 tout moment via le lien en bas de cette newsletter. <a target=\"_blank\" href=\"https:\/\/www.francetelevisions.fr\/groupe\/confidentialite\/politique-de-confidentialite\/politique-de-confidentialite-de-france-televisions-6503\" rel=\"nofollow noopener\">Notre politique de confidentialit\u00e9<\/a><\/p>\n<p>L&rsquo;impressionnisme est \u00e0 nouveau \u00e0 l&rsquo;honneur aux espaces EDF Bazacle \u00e0 Toulouse. Apr\u00e8s Van Gogh en 2022, le site propose une immersion sensorielle et visuelle dans l&rsquo;\u0153uvre de Claude Monet. La soci\u00e9t\u00e9 belge Exhibition Hub s&rsquo;est sp\u00e9cialis\u00e9e dans le vid\u00e9o mapping, une technologie qui permet de projeter des \u0153uvres dans des dimensions gigantesques.<\/p>\n<p>\u00c0 lire :\u00a0<a href=\"https:\/\/france3-regions.franceinfo.fr\/occitanie\/haute-garonne\/toulouse\/toulouse-une-exposition-immersive-dans-l-univers-de-van-gogh-2576464.html\" target=\"_blank\" rel=\"noopener nofollow\">Toulouse : une exposition \u00ab\u00a0immersive\u00a0\u00bb dans l&rsquo;univers de Van Gogh<\/a><\/p>\n<p>Du sol au plafond, les toiles de Monet, fondateur et chef de file du mouvement impressionniste, vont \u00eatre d\u00e9clin\u00e9es, enti\u00e8re ou d\u00e9tail apr\u00e8s d\u00e9tail, dans un son et lumi\u00e8re qui propose une variation sur les th\u00e8mes f\u00e9tiches qui ont inspir\u00e9 l&rsquo;artiste.<\/p>\n<p>Toulouse a \u00e9t\u00e9 choisie pour cette premi\u00e8re diffusion en France, apr\u00e8s un passage par Londres, Bruxelles, Barcelone et Los Angeles. Un million de personnes ont d\u00e9j\u00e0 vu l&rsquo;expo d&rsquo;apr\u00e8s <a href=\"https:\/\/exhibitionhub.com\/\" target=\"_blank\" rel=\"noopener nofollow\">Exhibition Hub<\/a>.<\/p>\n<p>C&rsquo;est au sous-sol de cette centrale hydro\u00e9lectrique datant de 1888 et toujours en production, que les toiles de Claude Monet prendront vie. C&rsquo;est en tout cas le souhait de la soci\u00e9t\u00e9 qui promeut l&rsquo;\u00e9v\u00e8nement. Un \u00e9v\u00e8nement qui tient du divertissement ludique avec des propositions \u00ab\u00a0d&rsquo;art num\u00e9rique \u00e0 360\u00b0\u00a0\u00bb pour s&rsquo;immerger dans les toiles.<\/p>\n<p>La soci\u00e9t\u00e9 Exhibition Hub est aussi la cr\u00e9atrice de la derni\u00e8re exposition \u00e0 succ\u00e8s des <a href=\"https:\/\/www.edf.fr\/groupe-edf\/agir-en-entreprise-responsable\/fondation-et-mecenat-patrimoine-sport\/espaces-edf-bazacle\/presentation\" target=\"_blank\" rel=\"noopener nofollow\">Espaces EDF Bazacle<\/a> : M.C. Escher. Elle a rassembl\u00e9 plus de 500 000 visiteurs entre le 20 d\u00e9cembre dernier et le 9 juin.<\/p>\n<p>Plus de 300 tableaux ont \u00e9t\u00e9 s\u00e9lectionn\u00e9s et utilis\u00e9s afin d\u2019animer l\u2019\u0153uvre de Claude Monet au moyen d\u2019un important dispositif de projection. \u00ab\u00a0Sur les murs bien s\u00fbr, mais aussi sur le sol de ce site patrimonial historique unique. Les peintures projet\u00e9es prennent vie tant\u00f4t de mani\u00e8re spectaculaire, tant\u00f4t de mani\u00e8re plus subtile, en tr\u00e8s grands ou plus petits formats\u00a0\u00bb.<\/p>\n<p>Les organisateurs promettent notamment la possibilit\u00e9 de vivre une exp\u00e9rience de r\u00e9alit\u00e9 virtuelle en suivant un parcours dans les pas du peintre, la reproduction du pont de Giverny ou encore son atelier.<\/p>\n<\/p>\n<p>Cette exposition tout public se d\u00e9roulera \u00e0 partir du 3 juillet 2025, 11 quai Saint-Pierre \u00e0 Toulouse. Elle sera ouverte les dimanches, lundis et mercredis de 10h \u00e0 20h. Les jeudis, vendredis et samedis de 10h \u00e0 23h. Elle sera ferm\u00e9e le mardi sauf vacances scolaires et jours f\u00e9ri\u00e9s. Le tarif est de 16\u20ac et 14\u20ac en tarif r\u00e9duit. Les billets peuvent \u00eatre r\u00e9serv\u00e9s sur <a href=\"https:\/\/monetexpo.com\/\" target=\"_blank\" rel=\"noopener nofollow\">monetexpo<\/a>.<\/p>\n","protected":false},"excerpt":{"rendered":"Apr\u00e8s le succ\u00e8s de l&rsquo;expo Escher, les espaces Edf Bazacle \u00e0 Toulouse accueillent \u00ab\u00a0Claude Monet : the immersive&hellip;\n","protected":false},"author":2,"featured_media":186812,"comment_status":"","ping_status":"","sticky":false,"template":"","format":"standard","meta":{"footnotes":""},"categories":[1358],"tags":[1348,1384,1385,1386,58,59,1011,27],"class_list":{"0":"post-186811","1":"post","2":"type-post","3":"status-publish","4":"format-standard","5":"has-post-thumbnail","7":"category-arts-et-design","8":"tag-arts","9":"tag-arts-and-design","10":"tag-arts-et-design","11":"tag-design","12":"tag-divertissement","13":"tag-entertainment","14":"tag-fr","15":"tag-france"},"share_on_mastodon":{"url":"https:\/\/pubeurope.com\/@fr\/114706486597670298","error":""},"_links":{"self":[{"href":"https:\/\/www.europesays.com\/fr\/wp-json\/wp\/v2\/posts\/186811","targetHints":{"allow":["GET"]}}],"collection":[{"href":"https:\/\/www.europesays.com\/fr\/wp-json\/wp\/v2\/posts"}],"about":[{"href":"https:\/\/www.europesays.com\/fr\/wp-json\/wp\/v2\/types\/post"}],"author":[{"embeddable":true,"href":"https:\/\/www.europesays.com\/fr\/wp-json\/wp\/v2\/users\/2"}],"replies":[{"embeddable":true,"href":"https:\/\/www.europesays.com\/fr\/wp-json\/wp\/v2\/comments?post=186811"}],"version-history":[{"count":0,"href":"https:\/\/www.europesays.com\/fr\/wp-json\/wp\/v2\/posts\/186811\/revisions"}],"wp:featuredmedia":[{"embeddable":true,"href":"https:\/\/www.europesays.com\/fr\/wp-json\/wp\/v2\/media\/186812"}],"wp:attachment":[{"href":"https:\/\/www.europesays.com\/fr\/wp-json\/wp\/v2\/media?parent=186811"}],"wp:term":[{"taxonomy":"category","embeddable":true,"href":"https:\/\/www.europesays.com\/fr\/wp-json\/wp\/v2\/categories?post=186811"},{"taxonomy":"post_tag","embeddable":true,"href":"https:\/\/www.europesays.com\/fr\/wp-json\/wp\/v2\/tags?post=186811"}],"curies":[{"name":"wp","href":"https:\/\/api.w.org\/{rel}","templated":true}]}}