{"id":186825,"date":"2025-06-18T21:33:09","date_gmt":"2025-06-18T21:33:09","guid":{"rendered":"https:\/\/www.europesays.com\/fr\/186825\/"},"modified":"2025-06-18T21:33:09","modified_gmt":"2025-06-18T21:33:09","slug":"le-prince-william-apparait-seul-au-royal-ascot-apres-le-retrait-en-derniere-minute-de-kate-middleton","status":"publish","type":"post","link":"https:\/\/www.europesays.com\/fr\/186825\/","title":{"rendered":"Le prince William appara\u00eet seul au Royal Ascot apr\u00e8s le retrait en derni\u00e8re minute de Kate Middleton"},"content":{"rendered":"<p>Le prince de Galles est venu assister aux courses hippiques \u00e0 Ascot, ce mercredi 18 juin. Son \u00e9pouse s\u2019\u00e9tait retir\u00e9e de l\u2019\u00e9v\u00e8nement pour des raisons de sant\u00e9.<\/p>\n<p class=\"fig-paragraph\">Les courses hippiques du Royal Ascot ont c\u00e9l\u00e9br\u00e9 leur deuxi\u00e8me journ\u00e9e, ce mercredi 18 juin. La veille,\u00a0<a href=\"http:\/\/madame.lefigaro.fr\/celebrites\/actu-people\/espoir-frayeur-et-deception-l-agitation-de-charles-iii-et-de-la-reine-camilla-dans-les-tribunes-du-royal-ascot-20250618\" data-fig-type=\"Article\" data-gtm-custom-categorie=\"navigation\" data-gtm-custom-action=\"crossclick\" data-gtm-custom-label=\"Contextuel\" data-gtm-event=\"customEventSPE\" data-fig-domain=\"MADAME\" target=\"_blank\" rel=\"noopener\">Charles III et la reine Camilla ont ouvert le bal<\/a>\u00a0en arrivant en cal\u00e8che, suivis de pr\u00e8s par la princesse Anne, Zara et Mike Tindall, Peter Phillips et sa nouvelle compagne Harriet Sperling mais aussi la princesse Beatrice et\u00a0<a href=\"http:\/\/madame.lefigaro.fr\/celebrites\/toujours-dans-un-train-edoardo-mapelli-mozzi-partage-un-rare-apercu-de-son-mariage-avec-la-princesse-beatrice-20241022\" target=\"_blank\" data-fig-type=\"Article\" rel=\"noopener\" data-gtm-custom-categorie=\"navigation\" data-gtm-custom-action=\"crossclick\" data-gtm-custom-label=\"Contextuel\" data-gtm-event=\"customEventSPE\" data-fig-domain=\"MADAME\">son \u00e9poux, Edoardo Mappeli Mozzi<\/a>. La famille royale est donc apparue nombreuse, mais l\u2019absence du\u00a0<a href=\"https:\/\/madame.lefigaro.fr\/tag\/prince-william\" target=\"_blank\" rel=\"noopener\" data-gtm-custom-categorie=\"navigation\" data-gtm-custom-action=\"crossclick\" data-gtm-custom-label=\"Contextuel\" data-gtm-event=\"customEventSPE\">prince William<\/a>\u00a0et de\u00a0<a href=\"https:\/\/madame.lefigaro.fr\/tag\/kate-middleton\" target=\"_blank\" rel=\"noopener\" data-gtm-custom-categorie=\"navigation\" data-gtm-custom-action=\"crossclick\" data-gtm-custom-label=\"Contextuel\" data-gtm-event=\"customEventSPE\">Kate Middleton<\/a>\u00a0a tout de m\u00eame \u00e9t\u00e9 remarqu\u00e9e. Ce n\u2019\u00e9tait que partie remise. Au deuxi\u00e8me jour, le prince de Galles est apparu, mais seul.<\/p>\n<p>    <a href=\"https:\/\/photo-madame.lefigaro.fr\/celebrites\/actu-people\/charles-iii-et-la-reine-camilla-celebrent-le-premier-jour-des-courses-hippiques-du-royal-ascot-20250618\" target=\"_blank\" rel=\"noopener\"><\/p>\n<p class=\"fig-slideshow__title\">\n                    Charles III et la reine Camilla c\u00e9l\u00e8brent le premier jour des courses hippiques du Royal Ascot\n                <\/p>\n<p>    <\/a><\/p>\n<p>William sans Kate<\/p>\n<p class=\"fig-paragraph\">Chapeau haut-de-forme, redingote de matin\u00e9e noire, gilet vert d\u2019eau et cravate bleue, William est apparu souriant \u00e0 bord de la cal\u00e8che qu\u2019il partageait avec son p\u00e8re et sa belle-m\u00e8re ainsi qu\u2019avec le prince saoudien Saud Ben Khalid Abdullah. Mais pas de Kate Middleton en vue. Pour cause, le nom de la princesse, qui figurait initialement sur la liste des voitures du cort\u00e8ge royal, a \u00e9t\u00e9 supprim\u00e9 \u00e0 la derni\u00e8re minute.<\/p>\n<p class=\"fig-paragraph\">Selon le magazine People, Kate aurait \u00e9t\u00e9 \u00ab<a href=\"https:\/\/people.com\/kate-middleton-pulls-out-royal-ascot-last-minute-11756317\" target=\"_blank\" rel=\"nofollow noopener\" data-gtm-custom-categorie=\"navigation\" data-gtm-custom-action=\"crossclick\" data-gtm-custom-label=\"Contextuel\" data-gtm-event=\"customEventSPE\">d\u00e9\u00e7ue de ne pas pouvoir participer<\/a>, mais ses proches soulignent qu\u2019elle doit encore trouver le bon \u00e9quilibre alors qu\u2019elle s\u2019efforce de reprendre ses engagements publics \u00e0 la suite de son traitement contre le cancer\u00bb. L\u2019ann\u00e9e derni\u00e8re d\u00e9j\u00e0, le prince William avait assist\u00e9 aux courses d\u2019Ascot sans son \u00e9pouse, qui avait annonc\u00e9 sa maladie quelques mois plus t\u00f4t.<\/p>\n<p>L\u2019ombre de son cancer<\/p>\n<p class=\"fig-paragraph\">Pourtant, le 14 juin, \u00e0 l\u2019occasion de\u00a0<a href=\"https:\/\/photo-madame.lefigaro.fr\/celebrites\/actu-people\/le-clan-windsor-se-reunit-pour-la-ceremonie-de-trooping-the-colour-20250614\" data-fig-type=\"SlideShowResource\" data-gtm-custom-categorie=\"navigation\" data-gtm-custom-action=\"crossclick\" data-gtm-custom-label=\"Contextuel\" data-gtm-event=\"customEventSPE\" data-fig-domain=\"MADAME\" target=\"_blank\" rel=\"noopener\">Trooping The Color<\/a>, et deux jours plus tard pour la c\u00e9r\u00e9monie de l\u2019Ordre de la Jarreti\u00e8re,\u00a0<a href=\"http:\/\/madame.lefigaro.fr\/style\/kate-middleton-rayonne-en-blanc-pour-la-ceremonie-de-l-ordre-de-la-jarretiere-20250616\" data-fig-type=\"Article\" data-gtm-custom-categorie=\"navigation\" data-gtm-custom-action=\"crossclick\" data-gtm-custom-label=\"Contextuel\" data-gtm-event=\"customEventSPE\" data-fig-domain=\"MADAME\" target=\"_blank\" rel=\"noopener\">Kate \u00e9tait apparue rayonnante<\/a>\u00a0et laissait pr\u00e9sager un \u00e9t\u00e9 sous le signe de la \u00abforce\u00bb, comme l\u2019avait titr\u00e9 People en Une. En r\u00e9alit\u00e9, ce d\u00e9sistement de derni\u00e8re minute ne serait qu\u2019une forme de pr\u00e9caution, pour ne pas trop tirer sur la corde. \u00ab<a href=\"http:\/\/madame.lefigaro.fr\/celebrites\/actu-people\/de-grands-changements-arrivent-comment-kate-middleton-envisage-l-avenir-apres-avoir-vaincu-son-cancer-20250618\" data-fig-type=\"Article\" data-gtm-custom-categorie=\"navigation\" data-gtm-custom-action=\"crossclick\" data-gtm-custom-label=\"Contextuel\" data-gtm-event=\"customEventSPE\" data-fig-domain=\"MADAME\" target=\"_blank\" rel=\"noopener\">Elle fait preuve de bon sens<\/a>, \u00e9coute ce que son corps lui dit et reprend progressivement sa vie publique\u00bb, explique Ailsa Anderson, ancienne porte-parole de la reine Elizabeth II, au tablo\u00efd am\u00e9ricain. S\u2019\u00e9conomiser pour miser sur le long terme, peut-\u00eatre la strat\u00e9gie d\u2019une future reine.<\/p>\n","protected":false},"excerpt":{"rendered":"Le prince de Galles est venu assister aux courses hippiques \u00e0 Ascot, ce mercredi 18 juin. Son \u00e9pouse&hellip;\n","protected":false},"author":2,"featured_media":186826,"comment_status":"","ping_status":"","sticky":false,"template":"","format":"standard","meta":{"footnotes":""},"categories":[8],"tags":[976,970,972,58,59,638,1011,27,5858,977,973,975,3936,971,974],"class_list":{"0":"post-186825","1":"post","2":"type-post","3":"status-publish","4":"format-standard","5":"has-post-thumbnail","7":"category-divertissement","8":"tag-actu-people","9":"tag-aristo-co","10":"tag-celebrite","11":"tag-divertissement","12":"tag-entertainment","13":"tag-figaro","14":"tag-fr","15":"tag-france","16":"tag-kate-middleton","17":"tag-madame","18":"tag-people","19":"tag-potain-de-stars","20":"tag-prince-william","21":"tag-royaute","22":"tag-star"},"share_on_mastodon":{"url":"https:\/\/pubeurope.com\/@fr\/114706514194260057","error":""},"_links":{"self":[{"href":"https:\/\/www.europesays.com\/fr\/wp-json\/wp\/v2\/posts\/186825","targetHints":{"allow":["GET"]}}],"collection":[{"href":"https:\/\/www.europesays.com\/fr\/wp-json\/wp\/v2\/posts"}],"about":[{"href":"https:\/\/www.europesays.com\/fr\/wp-json\/wp\/v2\/types\/post"}],"author":[{"embeddable":true,"href":"https:\/\/www.europesays.com\/fr\/wp-json\/wp\/v2\/users\/2"}],"replies":[{"embeddable":true,"href":"https:\/\/www.europesays.com\/fr\/wp-json\/wp\/v2\/comments?post=186825"}],"version-history":[{"count":0,"href":"https:\/\/www.europesays.com\/fr\/wp-json\/wp\/v2\/posts\/186825\/revisions"}],"wp:featuredmedia":[{"embeddable":true,"href":"https:\/\/www.europesays.com\/fr\/wp-json\/wp\/v2\/media\/186826"}],"wp:attachment":[{"href":"https:\/\/www.europesays.com\/fr\/wp-json\/wp\/v2\/media?parent=186825"}],"wp:term":[{"taxonomy":"category","embeddable":true,"href":"https:\/\/www.europesays.com\/fr\/wp-json\/wp\/v2\/categories?post=186825"},{"taxonomy":"post_tag","embeddable":true,"href":"https:\/\/www.europesays.com\/fr\/wp-json\/wp\/v2\/tags?post=186825"}],"curies":[{"name":"wp","href":"https:\/\/api.w.org\/{rel}","templated":true}]}}