{"id":186827,"date":"2025-06-18T21:34:07","date_gmt":"2025-06-18T21:34:07","guid":{"rendered":"https:\/\/www.europesays.com\/fr\/186827\/"},"modified":"2025-06-18T21:34:07","modified_gmt":"2025-06-18T21:34:07","slug":"concurrente-de-la-future-playstation-6-microsoft-aborde-pour-la-premiere-fois-le-sujet-de-sa-prochaine-console-de-salon-xbox-jeuxvideo-com","status":"publish","type":"post","link":"https:\/\/www.europesays.com\/fr\/186827\/","title":{"rendered":"Concurrente de la future PlayStation 6, Microsoft aborde pour la premi\u00e8re fois le sujet de sa prochaine console de salon Xbox &#8211; JeuxVideo.com"},"content":{"rendered":"<ol>\n<li><a href=\"https:\/\/news.google.com\/rss\/articles\/CBMi-wFBVV95cUxPMlUxYkZsdVRZTjFJeTBMeE1kUzh1SUVCRWd4X1dTVXF1dWIycHZ5aXBSanJLdXM3ZC1saFBTRG4wRGtreW81dUc2UFo5aUJvdDRMRVo3S0pnWVNKcXkxU0R4cmVoblhTU1pOOHRkRl9SZHhiVGpLSmljWmtpZmJkY0tDVmpPN2RqdmVRWG9qdnk3eW9pbW5OeC01Zk8wMi1zcWsxeGlpSlFWc2lkbko1emtjWWtHNHZ0WVdEeDJ1ZnpFX2poeE8wSXJPdjJkU2RzTVNEMlhRSTRoSG5kVHRBemtBSmI2MkEtY251amdyeWY2N1J2cmRja3RObw?oc=5\" target=\"_blank\" rel=\"nofollow noopener\">Concurrente de la future PlayStation 6, Microsoft aborde pour la premi\u00e8re fois le sujet de sa prochaine console de salon Xbox<\/a>&nbsp;&nbsp;JeuxVideo.com<\/li>\n<li><a href=\"https:\/\/news.google.com\/rss\/articles\/CBMi3wFBVV95cUxOajZnUTBLeThLbjFmTUZQRGNTMUFpakh1eTVOMFBVaVlXRk5QUlBtMmFHMEJieWp5N0FKMElQal9yVmhaVktBYzNHM0lOTWJoVndjX19jcFBEczNWWE9IYkFrVVMySHhpdS1rVEo5M1RlaTVBNkZPNFFIQ19FenRXd0tCRG1QNVN5Ym5jcFE1TXBieXJhY0FWdTJ3Y0FSLTE1dDJZQmtILTVQb0N6M1JaYkxnSGZMdU1hWGJ6cmhsOF9MdTN6elpSNzFqa2JCZHZPUU80OUp6R2tOa0ljM2Fj?oc=5\" target=\"_blank\" rel=\"nofollow noopener\">Microsoft confirme travailler sur une nouvelle version de sa console Xbox<\/a>&nbsp;&nbsp;20 Minutes<\/li>\n<li><a href=\"https:\/\/news.google.com\/rss\/articles\/CBMiwAFBVV95cUxNU0xhYjZMejAxZmZUcEdvSE5lbU5jMHhfeXBlWHpIVHdyWWhoaU82UjJIdFNMQU56QkplaVFSbHR6UW5RZncyMDh1Ymx2NEFwMVg2dEdXWEFqZzZNNVBXRWpjUnE2RHE3N1N6QXMxZTFIVFBaQ3BHOWpmd3lJT2RPajZwdE9DR2ExRm5uRnRpcnZfX3pkQVJiTnBaOHNjN3M0R29MQi1VMnkwRTE2T3lzZnZXOEdEc2s4bU1UakZDMHY?oc=5\" target=\"_blank\" rel=\"nofollow noopener\">Xbox s&rsquo;associe avec AMD pour concevoir ses futures consoles<\/a>&nbsp;&nbsp;BFMTV<\/li>\n<li><a href=\"https:\/\/news.google.com\/rss\/articles\/CBMi6AFBVV95cUxNd3I0VWlKRUdUSGx4MWVpZ3Z5TUFGVmN4bDBfNkFpcVdMLXJfNno0czhZS3FtUktFaWlqYTdVVFpuY29YNlFJdlZqSUV0aEN5Tl9GT3dyWk9lRGZsSW9oZ1ZxOUFEX3ItTGg5MEtFSnRzTC1YaVBUZXpyQ3VwdzdsaFA3cnZBLU1kWUdFYnlFUXFzbFdUOWJFSGEtOEdqeEtwMjRnOUxFdDFpT2tYWjJHMXZkbjJUcG5ZeHh3eHVfNHNTcllfLTNGMlh5UE9WdmVqWDNNam4wMUl3YzlNZlpUWmNEOXp2LXg4?oc=5\" target=\"_blank\" rel=\"nofollow noopener\">Partenariat avec AMD, r\u00e9trocompatibilit\u00e9&#8230; La prochaine console Xbox abord\u00e9e officiellement par Microsoft<\/a>&nbsp;&nbsp;Gamekult<\/li>\n<li><a href=\"https:\/\/news.google.com\/rss\/articles\/CBMiqgFBVV95cUxNSnNPT0s1REZfMWtXR0dsa0psdkZ3TFVzRi1hWG9PNElHendXRWxtY3daVjRyR1YtakRYeGFfQjZkQVZfdTJjSm4zamFnVkY5QlVsWElwZzZxUkxKY0dOUG5teFF6M1ZVcXozMzlwdVpRNFpKd2lITG04QkxkOVBMYWlfNUYwMW9sajB3M01jYWcwaVRUU1VPSXNOUzFORXhDemJzU0lPQkIyQQ?oc=5\" target=\"_blank\" rel=\"nofollow noopener\">Microsoft confirme travailler \u00e0 une nouvelle console Xbox<\/a>&nbsp;&nbsp;ladepeche.fr<\/li>\n<\/ol>\n","protected":false},"excerpt":{"rendered":"Concurrente de la future PlayStation 6, Microsoft aborde pour la premi\u00e8re fois le sujet de sa prochaine console&hellip;\n","protected":false},"author":2,"featured_media":1445,"comment_status":"","ping_status":"","sticky":false,"template":"","format":"standard","meta":{"footnotes":""},"categories":[7],"tags":[1011,27,43,40,41,39,42,44],"class_list":{"0":"post-186827","1":"post","2":"type-post","3":"status-publish","4":"format-standard","5":"has-post-thumbnail","7":"category-sciences-et-technologies","8":"tag-fr","9":"tag-france","10":"tag-science","11":"tag-science-and-technology","12":"tag-sciences","13":"tag-sciences-et-technologies","14":"tag-technologies","15":"tag-technology"},"share_on_mastodon":{"url":"https:\/\/pubeurope.com\/@fr\/114706518212405893","error":""},"_links":{"self":[{"href":"https:\/\/www.europesays.com\/fr\/wp-json\/wp\/v2\/posts\/186827","targetHints":{"allow":["GET"]}}],"collection":[{"href":"https:\/\/www.europesays.com\/fr\/wp-json\/wp\/v2\/posts"}],"about":[{"href":"https:\/\/www.europesays.com\/fr\/wp-json\/wp\/v2\/types\/post"}],"author":[{"embeddable":true,"href":"https:\/\/www.europesays.com\/fr\/wp-json\/wp\/v2\/users\/2"}],"replies":[{"embeddable":true,"href":"https:\/\/www.europesays.com\/fr\/wp-json\/wp\/v2\/comments?post=186827"}],"version-history":[{"count":0,"href":"https:\/\/www.europesays.com\/fr\/wp-json\/wp\/v2\/posts\/186827\/revisions"}],"wp:featuredmedia":[{"embeddable":true,"href":"https:\/\/www.europesays.com\/fr\/wp-json\/wp\/v2\/media\/1445"}],"wp:attachment":[{"href":"https:\/\/www.europesays.com\/fr\/wp-json\/wp\/v2\/media?parent=186827"}],"wp:term":[{"taxonomy":"category","embeddable":true,"href":"https:\/\/www.europesays.com\/fr\/wp-json\/wp\/v2\/categories?post=186827"},{"taxonomy":"post_tag","embeddable":true,"href":"https:\/\/www.europesays.com\/fr\/wp-json\/wp\/v2\/tags?post=186827"}],"curies":[{"name":"wp","href":"https:\/\/api.w.org\/{rel}","templated":true}]}}