{"id":186828,"date":"2025-06-18T21:35:13","date_gmt":"2025-06-18T21:35:13","guid":{"rendered":"https:\/\/www.europesays.com\/fr\/186828\/"},"modified":"2025-06-18T21:35:13","modified_gmt":"2025-06-18T21:35:13","slug":"coup-de-frein-sur-la-croissance-conclave-des-retraites-decision-de-la-fed-ce-quil-faut-retenir-de-ce-mercredi-18-juin","status":"publish","type":"post","link":"https:\/\/www.europesays.com\/fr\/186828\/","title":{"rendered":"Coup de frein sur la croissance, conclave des retraites, d\u00e9cision de la Fed&#8230; Ce qu&rsquo;il faut retenir de ce mercredi 18 juin"},"content":{"rendered":"<p><strong>Bonsoir \u00e0 toutes et tous.<\/strong> Parmi\u00a0les actualit\u00e9s \u00e0 retenir ce mercredi, plusieurs faits notables, \u00e0 commencer par la <strong>croissance attendue au ralenti<\/strong> par l&rsquo;Insee pour 2025. En France \u00e9galement, le\u00a0<strong>\u00ab conclave \u00bb\u00a0sur retraites<\/strong> se\u00a0laisse\u00a0une journ\u00e9e de plus\u00a0lundi prochain, apr\u00e8s l&rsquo;\u00e9chec des n\u00e9gociations qui devaient se terminer mardi. Dans le m\u00eame temps,\u00a0Donald Trump s&rsquo;en est de nouveau pris au pr\u00e9sident de la Fed, quelques heures avant que<strong>\u00a0la banque centrale am\u00e9ricaine<\/strong>\u00a0ne maintienne ses<strong> taux inchang\u00e9s<\/strong>.<\/p>\n<p><strong>\ud83d\udc4b Bonne lecture et\u00a0bonne\u00a0soir\u00e9e<\/strong><\/p>\n<p>Une croissance attendue au ralenti en 2025<\/p>\n<p>Net coup de frein sur la croissance fran\u00e7aise en 2025.\u00a0La\u00a0<strong>hausse du produit int\u00e9rieur brut (PIB) est attendue \u00e0 0,6 % apr\u00e8s 1,1 % en 2024<\/strong>, dans un contexte de restrictions budg\u00e9taires et d&rsquo;incertitude \u00e9conomique mondiale, a indiqu\u00e9 ce mercredi l&rsquo;Insee. Selon l&rsquo;Institut national de la statistique, dont la pr\u00e9vision est inf\u00e9rieure \u00e0 celle du gouvernement (0,7 %), la consommation des m\u00e9nages n&rsquo;augmenterait que mod\u00e9r\u00e9ment cette ann\u00e9e malgr\u00e9 une inflation assagie, les investissements des entreprises manqueraient d&rsquo;allant et le commerce ext\u00e9rieur ne soutiendrait plus la croissance.<\/p>\n<p><strong>\ud83d\udc49\u00a0Pour en savoir plus :<\/strong>\u00a0<a href=\"https:\/\/www.latribune.fr\/economie\/france\/croissance-chomage-la-menace-de-stagnation-plane-sur-l-economie-francaise-1027615.html\" rel=\"nofollow noopener\" target=\"_blank\">Croissance, ch\u00f4mage : la menace de stagnation plane sur l&rsquo;\u00e9conomie fran\u00e7aise<\/a><\/p>\n<p>Ultime op\u00e9ration sauvetage pour le conclave des retraites<\/p>\n<p>Pour \u00e9viter l&rsquo;\u00e9chec apr\u00e8s presque quatre mois de concertation, le conclave des retraites initi\u00e9 par Fran\u00e7ois Bayrou se donne <strong>une journ\u00e9e de plus pour conclure, le 23 juin.<\/strong>\u00a0\u00a0\u00ab <strong>La CFDT sera au rendez-vous<\/strong> lundi \u00bb, a indiqu\u00e9 sa secr\u00e9taire g\u00e9n\u00e9rale, Marylise L\u00e9on, \u00e0 l&rsquo;AFP. Mais le patronat ne cache pas ses doutes, et l&rsquo;opposition de gauche demande des comptes au Premier ministre. Le patron du <strong>Medef<\/strong>, Patrick Martin, s&rsquo;est dit\u00a0<strong>\u00ab tr\u00e8s r\u00e9serv\u00e9 \u00bb<\/strong> sur la pr\u00e9sence de l&rsquo;organisation patronale \u00e0 l&rsquo;ultime r\u00e9union.<\/p>\n<p>Les grosses annonces du salon du Bourget<\/p>\n<p><strong>Grosse commande de Vietjet Air pour Airbus<\/strong>, par ailleurs choisi pour la\u00a0premi\u00e8re\u00a0fois par la compagnie polonaise LOT, <strong>quelques achats d&rsquo;Embraer et Boeing tr\u00e8s discret<\/strong> : voil\u00e0 les principales annonces au salon du Bourget, le plus important rendez-vous a\u00e9ronautique au monde qui se tient jusqu&rsquo;\u00e0 dimanche au nord de Paris.<\/p>\n<p><strong>\ud83d\udc49 Pour en savoir plus :<\/strong>\u00a0<a href=\"https:\/\/www.latribune.fr\/entreprises-finance\/industrie\/aeronautique-defense\/en-direct-salon-du-bourget-airbus-va-augmenter-ses-dividendes-1027612.html\" rel=\"nofollow noopener\" target=\"_blank\">Airbus, Dassault Aviation, drones&#8230; Ce qu&rsquo;il faut retenir de la troisi\u00e8me journ\u00e9e du Salon du Bourget<\/a><\/p>\n<p>La Fed maintient les taux d&rsquo;int\u00e9r\u00eat<\/p>\n<p>La Fed a laiss\u00e9 ses <strong>taux inchang\u00e9s pour la quatri\u00e8me fois d&rsquo;affil\u00e9e<\/strong> ce mercredi soir. La banque centrale am\u00e9ricaine\u00a0estime que l&rsquo;incertitude \u00ab a diminu\u00e9 mais reste \u00e9lev\u00e9e \u00bb, et\u00a0envisage toujours deux baisses de taux dans l&rsquo;ann\u00e9e.\u00a0Donald Trump a mis un nouveau coup de pression sur l&rsquo;institution plus t\u00f4t dans la journ\u00e9e. \u00ab Il n&rsquo;y a pas d&rsquo;inflation \u00bb aux \u00c9tats-Unis \u00ab et donc j&rsquo;aimerais voir les taux baisser \u00bb, a-t-il d\u00e9clar\u00e9.\u00a0Le pr\u00e9sident am\u00e9ricain a qualifi\u00e9 le pr\u00e9sident de la banque centrale am\u00e9ricaine, <strong>Jerome Powell<\/strong>, de \u00ab <strong>personne stupide<\/strong> \u00bb. Et aussi affirm\u00e9 que ce dernier, qu&rsquo;il avait lui-m\u00eame d\u00e9sign\u00e9 pour prendre la t\u00eate de l&rsquo;institution en 2018, \u00e9tait \u00ab <strong>politis\u00e9<\/strong> \u00bb.<\/p>\n<p><strong>\ud83d\udc49\u00a0Pour aller plus loin :<\/strong>\u00a0<a href=\"https:\/\/www.latribune.fr\/economie\/international\/une-fed-a-deux-tetes-l-hypothese-trump-qui-inquiete-les-marches-1027640.html\" rel=\"nofollow noopener\" target=\"_blank\">Une Fed \u00e0 deux t\u00eates ? L&rsquo;hypoth\u00e8se Trump qui inqui\u00e8te les march\u00e9s<\/a><\/p>\n<p>Accord de fusion entre US Steel et Nippon Steel<\/p>\n<p><strong>Deal.<\/strong> Les sid\u00e9rurgistes am\u00e9ricain US Steel et japonais Nippon Steel ont annonc\u00e9 ce mercredi la<strong> finalisation de leur accord de fusion<\/strong>, qui pr\u00e9voit notamment un investissement de <strong>11 milliards de dollars aux \u00c9tats-Unis d&rsquo;ici 2028<\/strong> et une participation de blocage pour le gouvernement am\u00e9ricain. Apr\u00e8s moult rebondissements depuis l&rsquo;annonce du rachat de U.S. Steel par Nippon pour <strong>14,9 milliards de dollars<\/strong> (dette comprise) en d\u00e9cembre 2023, le pr\u00e9sident am\u00e9ricain Donald Trump avait donn\u00e9 son assentiment le 23 mai en annon\u00e7ant un \u00ab partenariat \u00bb entre les deux entreprises.<\/p>\n<p><strong>\ud83d\udc49 Pour en savoir plus :<\/strong> <a href=\"https:\/\/www.latribune.fr\/entreprises-finance\/industrie\/industrie-lourde\/acier-feu-vert-pour-la-fusion-us-steel-nippon-steel-1027648.html\" rel=\"nofollow noopener\" target=\"_blank\">Acier : feu vert pour la fusion US Steel-Nippon Steel<\/a><\/p>\n<p>Le S\u00e9nat am\u00e9ricain adopte une loi sur les stablecoins<\/p>\n<p><strong>Une premi\u00e8re aux \u00c9tats-Unis.<\/strong>\u00a0Le S\u00e9nat am\u00e9ricain a adopt\u00e9 ce mercredi un texte instaurant un cadre l\u00e9gislatif pour les\u00a0<strong>stablecoins<\/strong>, des cryptomonnaies adoss\u00e9es \u00e0 une devise ordinaire, un vote consid\u00e9r\u00e9 comme une \u00e9tape importante pour le d\u00e9veloppement de cet actif. Les stablecoins sont consid\u00e9r\u00e9s comme les plus s\u00fbres et les moins volatiles des monnaies num\u00e9riques car ils conservent, au fil du temps, leur\u00a0<strong>parit\u00e9 avec une devise classique<\/strong>, souvent le dollar. Cette loi, baptis\u00e9e \u00ab\u00a0<strong>GENIUS Act<\/strong>\u00a0\u00bb et soutenue par 68 s\u00e9nateurs (30 contre), oblige les \u00e9metteurs de cryptomonnaies \u00e0 conserver des r\u00e9serves au moins \u00e9quivalentes \u00e0 la valeur du stock de stablecoins.<\/p>\n<p><strong>\ud83d\udc49 Pour\u00a0plus d&rsquo;informations :<\/strong>\u00a0<a href=\"https:\/\/www.latribune.fr\/entreprises-finance\/banques-finance\/le-senat-americain-veut-encadrer-les-stablecoins-1027564.html\" rel=\"nofollow noopener\" target=\"_blank\">Les Etats-Unis vote une importante loi sur les stablecoins<\/a><\/p>\n<p>\ud83d\udcc8 Le point sur les march\u00e9s mondiaux<\/p>\n<p>Les <strong>march\u00e9s mondiaux \u00e9voluent prudemment<\/strong> mercredi, face \u00e0 la poursuite du conflit entre Isra\u00ebl et l&rsquo;Iran, mais ne c\u00e8dent pas \u00e0 la panique, pariant sur le fait que l&rsquo;affrontement ne provoquera pas de guerre g\u00e9n\u00e9ralis\u00e9e. En Europe, <strong>Paris a perdu 0,36 %<\/strong> et Francfort 0,50 %. Les places de Milan (+0,08 %) et Londres (+0,11 %) sont rest\u00e9es \u00e0 l&rsquo;\u00e9quilibre. \u00c0 Wall Street, vers\u00a018 heures GMT (20 heures \u00e0 Paris), le S&amp;P 500 prenait 0,12 %, le Dow Jones 0,17 % et le Nasdaq 0,14 %.<\/p>\n<p>\ud83d\udcf0 La Une du jeudi\u00a019 juin 2025, d\u00e9j\u00e0 disponible \ud83d\udc49ici<\/p>\n<p><img alt=\"QN du 19 juin 2025\" loading=\"lazy\" decoding=\"async\" data-nimg=\"fill\" class=\" TwicCore_img__i9TC1 undefined  undefined\" style=\"position:absolute;height:100%;width:100%;left:0;top:0;right:0;bottom:0;color:transparent;background-size:cover;background-position:50% 50%;background-repeat:no-repeat;background-image:url(&quot;data:image\/svg+xml;charset=utf-8,%3Csvg xmlns='http:\/\/www.w3.org\/2000\/svg' %3E%3Cfilter id='b' color-interpolation-filters='sRGB'%3E%3CfeGaussianBlur stdDeviation='20'\/%3E%3CfeColorMatrix values='1 0 0 0 0 0 1 0 0 0 0 0 1 0 0 0 0 0 100 -1' result='s'\/%3E%3CfeFlood x='0' y='0' width='100%25' height='100%25'\/%3E%3CfeComposite operator='out' in='s'\/%3E%3CfeComposite in2='SourceGraphic'\/%3E%3CfeGaussianBlur stdDeviation='20'\/%3E%3C\/filter%3E%3Cimage width='100%25' height='100%25' x='0' y='0' preserveAspectRatio='none' style='filter: url(%23b);' href='data:image\/png;base64,iVBORw0KGgoAAAANSUhEUgAAAT4AAAC2BAMAAACygvwCAAAAAXNSR0IArs4c6QAAACFQTFRF\/\/\/\/8\/f44+zwytrirMTUl7XIeqG5XIqqNW+XH16MD1KGr8SVvQAABu1JREFUeNrs0rtKA0EUxvFvNqu2Yxas13hrN1qonReCraJRLBVJYSWCsVcstBQEk1rR3ZfRB\/D2BCE+gJd8JKNrOkWypzi\/4uyZrf7sLJRSSimllFJKKaWUUkoppZRSWTODLRDBK5XKpbWud+uVlmVI4NfjenzZ\/S5pOZLRx5QYPwwldNGL28Nf5NszlNo3CTJS+0wE8oaF9uVCgKT2BWgrCO1zXb4V2WeKaPMikX1eiA6hfRYdIyL78uxrcAusxL4Cx6O7aXl98xwPTQDGSutzH+39+Z59RYF9vgXw8XLHvSCtzzU1mk98BAL7ihxvaPDhh+L6vGHO16moyeecuD4Tcg5VdmwvfkAfvxVYzkF3EvL9yh0WeaTlrYg+891X6L7tjPlJWmjOkh+2hPXxmHYkrG8goRrVuV0J65vlvFmkTa63wvp2Oa9BE1zjOVF9I2ec56C+hPay7quljdZoD5Q75X6MbHnltKBMEciUuK8iW7nDtDG3VBYsAJ9rdfzQOSgCWOK2hZYNbisc1ZDnaXf+Uo3+9\/+bTpzaiQX6ud3OJE493gZ2ue3jk10z9m0aiOLwM64yX0oJa2AglIn2KiqYUkBFMFEUKpGJIBFEJpIUhWYjBdV0bRxKdmLf\/ZXo3fniF3OZ2rss\/QbrnWQrn372u\/MlgazqTvH4GsevsOpJgnDkh8RV6mfY01ajgt\/Yv5\/s2fxiZskPRax+qUu\/lBX8tIg1P3niPz\/5xfhRWnl+Q+KXVP37ndv8Rvb8RMu\/38zqZ3n+kNj78yfTe7nfhPOd6bL8EFEnfuIi0lzSj\/7egdXt7PUg6CizR9rPTCAPluanlY0fzc2B3wwASja\/TSxa9vywQ\/z4YX4QWvyCprqN9v5Fc+L3jCu2nORn80sHg2942oRZ80Ni0h\/Z89d3lV+p2B+G95b119DRfoRzJ\/lxzj9jkVT+8+sDWPIz+PETUfRLInGp6CeOmMlvRX6U78aP0F91fnRxsvjZ+1ccr8DvB5QW+negTEZNkx\/12\/fvlzykfuNyef2F6u6m+eBAXdZSfnvDBT\/x8a3iqUO\/N7DgZ85Ln5g5ck3mfvUa1n7WD6mGsmv3k5sSOYDgsUTq2i888+aXHKpxXPQr70rkvkSSxn72Yq\/94B31E43nmqqL+Tno6AyK\/aEjqkhKUs38KrkfMlX8qTtZ33REXeonhJCKFM\/OmUDmB0PjR3HhN4NQf7eW+xFmwVASRnO\/mi+\/vwCd4vxMhcgYxYxfeOYrP5NFz7p+wAa5wTHM\/YKX\/vJbmy7bH40ZTiwGcZD7wS1f+dn2HxrxGyeM8NgMT4D4wdCRXxghWFWw+AkAtQhp4+F0NzKcft0CZOMTSsmLIwYA2T7NXPQholyJ3w2OzKttVOaq4shNbrjLQLO+c9huN7bVkCNsfvUdTmGwKgIAdv1Pzn\/t2sFu1EYcx\/Hv3057qZT8HYx6a2eb3VzrtNlIPWU3ITk36yznqiU8APc+QnmEigdoe67KoeEKl8ANRYBzDoongRvgAXY8SCuuFiA0H8nyePSX5qeRPDOS\/XlbHfFJ+8nwMel7DYFAgA1AdK5f6V4yLSHdbxuD6R7JjoGNA0M6ncDqgZJO8gK5+isAX\/wMqwUL0z3Yvaak1\/dg2CthcL2AqRkWSAnDadHF99\/k7TkyLRXZ31Hy\/TVkR5HtvkH2x1D2R8hWbki3hgCkBawoy28q07dVl3\/YgtxswfrKGpQ6WEO2Ib+iXeTjxX1FUHj6wHD38U3AIIu3FDn9HRYPFS4BycsTAlvBw5vw1R3IjhOQHpD9aUDUAAr8e9hJPmdBThSw\/klQsI3FYdteAXA1MwpNBViEM3yFKoCD0ARqOsjn9SyeA3AKenyEEFwouOQ2tHFOQ\/Vx1fZltFy21PH\/Bwp6rr4hgNQK9kcDyRivLuBV+g0zCo+BdIRwZplxQssmDm\/ddJLvy00LFsg3KxyQuQx0x0Ae8jUGmlslM5aZfoEjcAktl73Lp53ke\/VXhakVmlPbzp8A\/4N7+g\/eogL3ns+tcseHCAQnBInFu111ku\/l38BaBvU5OEB7AtaCNEd4jUD6\/fnc\/DVHOFYM3jlBUuE9sp29H1lPwT0DAWRZYJ47gXQPTwmEgeJVtJYSS9BVPln6A3AXBQ6Q\/wRPeoCG4TO8RENOJ6IgCjhCha3wlrWrfLg6A54UCKB1hkt+sbj8BlyMKj9ms\/AtM18X\/nYDnm1WnPUboAGeTCqwdVg0dws6kExArqRjknIwQrZhYEoYXmv338GBko4vF8juBIAFv69emo6Rjd+U9OoY1r8roX9QQLmeF8hsKzcf4vwiBMI8JVxePPNHURRFURRFURRFURRFURRFURRFURRFURTNew2yWjoowjMyqwAAAABJRU5ErkJggg=='\/%3E%3C\/svg%3E&quot;)\"   src=\"https:\/\/www.latribune.fr\/842\/2603842.jpg?twic=v1\/cover=1200x675\"\/>Photo d&rsquo;illustration (Cr\u00e9dits : La Tribune)<\/p>\n<p>(Veille r\u00e9alis\u00e9e via l&rsquo;AFP, Reuters, les infos de\u00a0La Tribune, ainsi que\u00a0d&rsquo;autres m\u00e9dias)<\/p>\n","protected":false},"excerpt":{"rendered":"Bonsoir \u00e0 toutes et tous. Parmi\u00a0les actualit\u00e9s \u00e0 retenir ce mercredi, plusieurs faits notables, \u00e0 commencer par la&hellip;\n","protected":false},"author":2,"featured_media":63532,"comment_status":"","ping_status":"","sticky":false,"template":"","format":"standard","meta":{"footnotes":""},"categories":[6],"tags":[17,35,13175,3952,913,154,33,34,1011,27,31815,9910,3356],"class_list":{"0":"post-186828","1":"post","2":"type-post","3":"status-publish","4":"format-standard","5":"has-post-thumbnail","7":"category-economie","8":"tag-17","9":"tag-business","10":"tag-conclave","11":"tag-coup","12":"tag-croissance","13":"tag-des","14":"tag-economie","15":"tag-economy","16":"tag-fr","17":"tag-france","18":"tag-frein","19":"tag-retraites","20":"tag-sur"},"share_on_mastodon":{"url":"https:\/\/pubeurope.com\/@fr\/114706522120053504","error":""},"_links":{"self":[{"href":"https:\/\/www.europesays.com\/fr\/wp-json\/wp\/v2\/posts\/186828","targetHints":{"allow":["GET"]}}],"collection":[{"href":"https:\/\/www.europesays.com\/fr\/wp-json\/wp\/v2\/posts"}],"about":[{"href":"https:\/\/www.europesays.com\/fr\/wp-json\/wp\/v2\/types\/post"}],"author":[{"embeddable":true,"href":"https:\/\/www.europesays.com\/fr\/wp-json\/wp\/v2\/users\/2"}],"replies":[{"embeddable":true,"href":"https:\/\/www.europesays.com\/fr\/wp-json\/wp\/v2\/comments?post=186828"}],"version-history":[{"count":0,"href":"https:\/\/www.europesays.com\/fr\/wp-json\/wp\/v2\/posts\/186828\/revisions"}],"wp:featuredmedia":[{"embeddable":true,"href":"https:\/\/www.europesays.com\/fr\/wp-json\/wp\/v2\/media\/63532"}],"wp:attachment":[{"href":"https:\/\/www.europesays.com\/fr\/wp-json\/wp\/v2\/media?parent=186828"}],"wp:term":[{"taxonomy":"category","embeddable":true,"href":"https:\/\/www.europesays.com\/fr\/wp-json\/wp\/v2\/categories?post=186828"},{"taxonomy":"post_tag","embeddable":true,"href":"https:\/\/www.europesays.com\/fr\/wp-json\/wp\/v2\/tags?post=186828"}],"curies":[{"name":"wp","href":"https:\/\/api.w.org\/{rel}","templated":true}]}}