{"id":186829,"date":"2025-06-18T21:36:11","date_gmt":"2025-06-18T21:36:11","guid":{"rendered":"https:\/\/www.europesays.com\/fr\/186829\/"},"modified":"2025-06-18T21:36:11","modified_gmt":"2025-06-18T21:36:11","slug":"lincroyable-infiltration-du-mossad-en-iran","status":"publish","type":"post","link":"https:\/\/www.europesays.com\/fr\/186829\/","title":{"rendered":"l\u2019incroyable infiltration du Mossad en Iran"},"content":{"rendered":"<p><strong>R\u00c9CIT &#8211;<\/strong> L\u2019op\u00e9ration avec laquelle Isra\u00ebl a d\u00e9clench\u00e9 la guerre doit son succ\u00e8s \u00e0 un long travail de pr\u00e9paration des services de renseignements ext\u00e9rieurs.<\/p>\n<p class=\"fig-paragraph\">\u00ab\u00a0Nous sommes pr\u00eats \u00e0 tous les sc\u00e9narios\u00a0!\u00a0\u00bb Ce 12\u00a0juin 2025,\u00a0<a href=\"http:\/\/www.lefigaro.fr\/international\/qui-etait-hossein-salami-le-commandant-en-chef-des-gardiens-de-la-revolution-annonce-mort-cette-nuit-lors-des-frappes-menees-par-israel-20250613\" data-fig-type=\"NewsFlash\" data-gtm-custom-categorie=\"navigation\" data-gtm-custom-action=\"crossclick\" data-gtm-custom-label=\"Contextuel\" data-gtm-event=\"customEventSPE\" data-fig-domain=\"LEFIGARO\" target=\"_blank\" rel=\"noopener\">le g\u00e9n\u00e9ral Hossein Salami<\/a>, num\u00e9ro un des gardiens de la r\u00e9volution, affiche une confiance \u00e0 toute \u00e9preuve devant les cam\u00e9ras de la t\u00e9l\u00e9vision iranienne. Quelques heures plus tard, dans la nuit du 13\u00a0juin, ce haut grad\u00e9 proche du guide supr\u00eame, l\u2019<a href=\"http:\/\/www.lefigaro.fr\/international\/l-ayatollah-khamenei-pourrait-subir-le-meme-sort-que-saddam-hussein-previent-un-ministre-israelien-20250617\" data-fig-type=\"NewsFlash\" data-gtm-custom-categorie=\"navigation\" data-gtm-custom-action=\"crossclick\" data-gtm-custom-label=\"Contextuel\" data-gtm-event=\"customEventSPE\" data-fig-domain=\"LEFIGARO\" target=\"_blank\" rel=\"noopener\">ayatollah Khamenei<\/a>, est l\u2019un des premiers \u00e0 tomber sous le feu de l\u2019op\u00e9ration Rising Lion lanc\u00e9e par Isra\u00ebl, alors qu\u2019il se trouve au c\u0153ur du quartier g\u00e9n\u00e9ral du commandement des pasdarans. \u00ab\u00a0Ce n\u2019est pas seulement un revers militaire\u00a0: c\u2019est l\u2019effondrement d\u2019un mythe. Celui d\u2019un r\u00e9gime qui, pendant des d\u00e9cennies, a construit sa l\u00e9gitimit\u00e9 sur une posture d\u2019invuln\u00e9rabilit\u00e9 strat\u00e9gique et de \u201cr\u00e9sistance\u201d. Il n\u2019a m\u00eame pas \u00e9t\u00e9 capable de prot\u00e9ger ses propres dirigeants\u00a0\u00bb, observe la journaliste iranienne Sharareh Mehboudi, r\u00e9fugi\u00e9e \u00e0 Paris.<\/p>\n<p class=\"fig-paragraph\">Il n\u2019y a pas le moindre doute\u00a0: l\u2019\u00e9limination, en moins d\u2019une semaine, de plus d\u2019une vingtaine de figures du pouvoir iranien\u2026<\/p>\n<p class=\"fig-premium-paywall__infos\">\n        Cet article est r\u00e9serv\u00e9 aux abonn\u00e9s.        Il vous reste 91% \u00e0 d\u00e9couvrir.\n    <\/p>\n<p>                <img  data- alt=\"Le Figaro\" class=\"fig-img--complete fig-img\"\/><\/p>\n<p class=\"fig-premium-paywall__title\">Vente Flash<\/p>\n<p class=\"fig-premium-paywall__subtitle\">3,99\u20ac par mois pendant 12 mois. Sans engagement.<\/p>\n<p class=\"fig-premium-paywall__connect\">\n                D\u00e9j\u00e0 abonn\u00e9\u00a0?                <a class=\"fig-premium-paywall__connect-link\" href=\"https:\/\/connect.lefigaro.fr\/login?client=horizon_web&amp;type=main&amp;redirect_uri=https%3A%2F%2Fwww.lefigaro.fr%2Finternational%2Fce-qu-ils-ont-fait-depasse-l-imagination-l-incroyable-infiltration-du-mossad-en-iran-20250618\" data-js-gtm=\"{&quot;customCategorie&quot;: &quot;conversion&quot;, &quot;customAction&quot;: &quot;before_Landing_Connexion_paywall_auto&quot;, &quot;customLabel&quot;: &quot;bGVmaWdhcm8uZnJfXzFmMDRjNTc3LTIxMTItNmY0ZS1iODM0LTgzM2UzNjJlYmRiMV9fQXJ0aWNsZQ==_\u00abCe qu\u2019ils ont fait d\u00e9passe l\u2019imagination\u00bb: l\u2019incroyable infiltration du Mossad en Iran_129&quot;, &quot;customIDSPE&quot;: &quot;bGVmaWdhcm8uZnJfXzFmMDRjNTc3LTIxMTItNmY0ZS1iODM0LTgzM2UzNjJlYmRiMV9fQXJ0aWNsZQ==&quot;, &quot;event&quot;: &quot;customEventSPE&quot;}\" target=\"_blank\" rel=\"noopener\"><br \/>\n                    Connectez-vous<br \/>\n                <\/a>\n            <\/p>\n","protected":false},"excerpt":{"rendered":"R\u00c9CIT &#8211; L\u2019op\u00e9ration avec laquelle Isra\u00ebl a d\u00e9clench\u00e9 la guerre doit son succ\u00e8s \u00e0 un long travail de&hellip;\n","protected":false},"author":2,"featured_media":186830,"comment_status":"","ping_status":"","sticky":false,"template":"","format":"standard","meta":{"footnotes":""},"categories":[5],"tags":[259,11,260,1011,27,14,3019,664,261,12,262,28],"class_list":{"0":"post-186829","1":"post","2":"type-post","3":"status-publish","4":"format-standard","5":"has-post-thumbnail","7":"category-international","8":"tag-actualite-internationale","9":"tag-actualites","10":"tag-affaires-etrangeres","11":"tag-fr","12":"tag-france","13":"tag-international","14":"tag-iran","15":"tag-israel","16":"tag-ministere-des-affaires-etrangeres","17":"tag-news","18":"tag-politique-etrangere","19":"tag-world"},"share_on_mastodon":{"url":"https:\/\/pubeurope.com\/@fr\/114706525981816079","error":""},"_links":{"self":[{"href":"https:\/\/www.europesays.com\/fr\/wp-json\/wp\/v2\/posts\/186829","targetHints":{"allow":["GET"]}}],"collection":[{"href":"https:\/\/www.europesays.com\/fr\/wp-json\/wp\/v2\/posts"}],"about":[{"href":"https:\/\/www.europesays.com\/fr\/wp-json\/wp\/v2\/types\/post"}],"author":[{"embeddable":true,"href":"https:\/\/www.europesays.com\/fr\/wp-json\/wp\/v2\/users\/2"}],"replies":[{"embeddable":true,"href":"https:\/\/www.europesays.com\/fr\/wp-json\/wp\/v2\/comments?post=186829"}],"version-history":[{"count":0,"href":"https:\/\/www.europesays.com\/fr\/wp-json\/wp\/v2\/posts\/186829\/revisions"}],"wp:featuredmedia":[{"embeddable":true,"href":"https:\/\/www.europesays.com\/fr\/wp-json\/wp\/v2\/media\/186830"}],"wp:attachment":[{"href":"https:\/\/www.europesays.com\/fr\/wp-json\/wp\/v2\/media?parent=186829"}],"wp:term":[{"taxonomy":"category","embeddable":true,"href":"https:\/\/www.europesays.com\/fr\/wp-json\/wp\/v2\/categories?post=186829"},{"taxonomy":"post_tag","embeddable":true,"href":"https:\/\/www.europesays.com\/fr\/wp-json\/wp\/v2\/tags?post=186829"}],"curies":[{"name":"wp","href":"https:\/\/api.w.org\/{rel}","templated":true}]}}