{"id":186834,"date":"2025-06-18T21:39:29","date_gmt":"2025-06-18T21:39:29","guid":{"rendered":"https:\/\/www.europesays.com\/fr\/186834\/"},"modified":"2025-06-18T21:39:29","modified_gmt":"2025-06-18T21:39:29","slug":"saint-etienne-une-nouvelle-residence-etudiante-de-201-logements-a-la-metare","status":"publish","type":"post","link":"https:\/\/www.europesays.com\/fr\/186834\/","title":{"rendered":"Saint-\u00c9tienne. Une nouvelle r\u00e9sidence \u00e9tudiante de 201 logements \u00e0 la M\u00e9tare"},"content":{"rendered":"<p>\u00ab\u00a0Il y a une continuit\u00e9 symbolique tr\u00e8s forte puisque c\u2019est un lieu qui va \u00e0 nouveau accueillir des jeunes qui sont en apprentissage\u00a0\u00bb, s\u2019est r\u00e9joui le maire, <a href=\"http:\/\/www.leprogres.fr\/p\/gael-perdriau\" target=\"_blank\" rel=\"noopener\">Ga\u00ebl Perdriau<\/a>, ce mercredi matin, lors de la visite de fin de chantier d\u2019une nouvelle r\u00e9sidence \u00e9tudiante dans le quartier de la M\u00e9tare.<\/p>\n<p>Cette r\u00e9sidence a, en effet, \u00e9t\u00e9 construite \u00e0 l\u2019angle de la rue Docteur-Paul-Michelon et de la rue Baptiste-Marcet, en lieu et place de l\u2019ancienne \u00e9cole \u00e9l\u00e9mentaire Baptiste-Marcet, qui avait ferm\u00e9 ses portes en 2011 et qui \u00e9tait inoccup\u00e9e depuis.<\/p>\n<p>  Un investissement priv\u00e9 de 10\u00a0millions d\u2019euros<\/p>\n<p>La Ville avait vendu le t\u00e8nement en 2022, pour la somme de 600\u00a0000\u00a0euros, aux deux promoteurs de l\u2019op\u00e9ration, le groupe national \u00c9douard-Denis et le groupe local Faure (L\u2019\u00c9trat). Au total, ceux-ci ont investi environ 10\u00a0millions d\u2019euros TTC dans l\u2019op\u00e9ration.<\/p>\n<p>Commenc\u00e9s en avril\u00a02023, les travaux sont d\u00e9sormais termin\u00e9s, mis \u00e0 part quelques finitions, et les premiers \u00e9tudiants emm\u00e9nageront d\u00e8s fin juillet-d\u00e9but ao\u00fbt. La r\u00e9sidence Otti-Berger (du nom d\u2019une artiste yougoslave d\u00e9c\u00e9d\u00e9e \u00e0 Auschwitz) se d\u00e9ploie sur pr\u00e8s de 5\u00a0500 m2 r\u00e9partis entre trois b\u00e2timents. Environ un tiers de la r\u00e9sidence a \u00e9t\u00e9 am\u00e9nag\u00e9 dans l\u2019ancienne \u00e9cole, mais on ne voit quasiment pas la diff\u00e9rence entre la partie r\u00e9nov\u00e9e et la partie neuve.<\/p>\n<p>  Des loyers de 445 \u00e0 550\u00a0euros tout compris<\/p>\n<p>La r\u00e9sidence compte 201 logements, qui pour beaucoup b\u00e9n\u00e9ficient de loggias, voire de belles terrasses. Il s\u2019agit de studios qui font entre 18 et 30 m2 , enti\u00e8rement meubl\u00e9s et \u00e9quip\u00e9s. Pour le loyer, il faut compter entre 445 et 550\u00a0euros par mois tout compris, avec l\u2019eau, le chauffage, l\u2019\u00e9lectricit\u00e9, le wi-fi\u2026<\/p>\n<p>Outre sa tr\u00e8s belle architecture contemporaine (que l\u2019on doit \u00e0 l\u2019atelier st\u00e9phanois Chapela Architectures), la r\u00e9sidence offre de nombreux atouts\u00a0: ext\u00e9rieurs paysagers, terrain de basket, salle de sport, salle de d\u00e9tente et de coworking, laverie, locaux \u00e0 v\u00e9los\u2026 Deux agents seront en outre pr\u00e9sents en permanence pour veiller au calme et \u00e0 la s\u00e9curit\u00e9 des lieux.<\/p>\n<p>  D\u00e9j\u00e0 50 studios r\u00e9serv\u00e9s<\/p>\n<p>\u00ab\u00a0\u00c0 ce jour, on a d\u00e9j\u00e0 cinquante studios r\u00e9serv\u00e9s et autant en cours de signature, ce qui fait qu\u2019on aura d\u00e8s la rentr\u00e9e un taux de remplissage d\u2019au moins 50\u00a0%. On est notamment tr\u00e8s sollicit\u00e9s par les \u00e9coles pour leurs \u00e9tudiants \u00e9trangers\u00a0\u00bb, confie Julie Ricord, gestionnaire de la r\u00e9sidence pour le compte de Logifac. Cette filiale du groupe Smerra-Fac Habitat exploite d\u00e9j\u00e0 deux r\u00e9sidences sur la m\u00e9tropole st\u00e9phanoise, Charcot \u00e0 Bellevue et Sirius \u00e0 Saint-Priest-en-Jarez.<\/p>\n<p>La r\u00e9sidence Otti-Berger devrait notamment s\u00e9duire les \u00e9tudiants de la facult\u00e9 des sciences et techniques de l\u2019universit\u00e9 Jean-Monnet, situ\u00e9e juste de l\u2019autre c\u00f4t\u00e9 de la rue, mais aussi ceux de l\u2019IUT, de l\u2019Enise ou de l\u2019Irup.<\/p>\n<p>  \u00ab\u00a03\u00a0000 logements \u00e9tudiants ont \u00e9t\u00e9 construits depuis 2014\u00a0\u00bb<\/p>\n<p>Ga\u00ebl Perdriau a rappel\u00e9 que \u00ab\u00a0quelque 3\u00a0000 logements \u00e9tudiants ont \u00e9t\u00e9 construits depuis 2014\u00a0\u00bb. Et ce n\u2019est pas termin\u00e9\u00a0: le mois prochain, une autre r\u00e9sidence de 106 logements sera encore livr\u00e9e, cette fois-ci du c\u00f4t\u00e9 de Montferr\u00e9, sur <a href=\"https:\/\/www.leprogres.fr\/economie\/2023\/03\/16\/la-demolition-de-la-maison-vergnette-est-enclenchee\" target=\"_blank\" rel=\"noopener\">le site de la fameuse maison Vergnette<\/a>.<\/p>\n<p>Aux yeux du maire, toutes ces r\u00e9sidences participent de la dynamique engag\u00e9e par les diff\u00e9rents acteurs du territoire pour faire de Saint-\u00c9tienne une grande ville \u00e9tudiante. \u00ab\u00a0On compte aujourd\u2019hui 33\u00a0000 \u00e9tudiants, et notre objectif d\u2019atteindre les 40\u00a0000 en 2035 devrait largement \u00eatre atteint\u00a0\u00bb, a-t-il assur\u00e9.<\/p>\n<p class=\"note\">Plus de renseignements\u00a0: Julie Ricord 06.58.80.93.47. Dossiers \u00e0 d\u00e9poser en ligne sur <a href=\"https:\/\/www.logifac.fr\/\" target=\"_blank\" rel=\"noopener\">logifac.fr<\/a><\/p>\n","protected":false},"excerpt":{"rendered":"\u00ab\u00a0Il y a une continuit\u00e9 symbolique tr\u00e8s forte puisque c\u2019est un lieu qui va \u00e0 nouveau accueillir des&hellip;\n","protected":false},"author":2,"featured_media":186835,"comment_status":"","ping_status":"","sticky":false,"template":"","format":"standard","meta":{"footnotes":""},"categories":[9653],"tags":[1111,11,2430,4749,33,7539,1777,674,1011,27,1908,12,25,4001,7538,104],"class_list":{"0":"post-186834","1":"post","2":"type-post","3":"status-publish","4":"format-standard","5":"has-post-thumbnail","7":"category-saint-etienne","8":"tag-actu","9":"tag-actualites","10":"tag-auvergne-rhone-alpes","11":"tag-btp-et-chantiers","12":"tag-economie","13":"tag-edition-loire-sud","14":"tag-eu","15":"tag-europe","16":"tag-fr","17":"tag-france","18":"tag-logement","19":"tag-news","20":"tag-republique-francaise","21":"tag-saint-etienne","22":"tag-saint-etienne-ville","23":"tag-societe"},"share_on_mastodon":{"url":"https:\/\/pubeurope.com\/@fr\/114706537773671616","error":""},"_links":{"self":[{"href":"https:\/\/www.europesays.com\/fr\/wp-json\/wp\/v2\/posts\/186834","targetHints":{"allow":["GET"]}}],"collection":[{"href":"https:\/\/www.europesays.com\/fr\/wp-json\/wp\/v2\/posts"}],"about":[{"href":"https:\/\/www.europesays.com\/fr\/wp-json\/wp\/v2\/types\/post"}],"author":[{"embeddable":true,"href":"https:\/\/www.europesays.com\/fr\/wp-json\/wp\/v2\/users\/2"}],"replies":[{"embeddable":true,"href":"https:\/\/www.europesays.com\/fr\/wp-json\/wp\/v2\/comments?post=186834"}],"version-history":[{"count":0,"href":"https:\/\/www.europesays.com\/fr\/wp-json\/wp\/v2\/posts\/186834\/revisions"}],"wp:featuredmedia":[{"embeddable":true,"href":"https:\/\/www.europesays.com\/fr\/wp-json\/wp\/v2\/media\/186835"}],"wp:attachment":[{"href":"https:\/\/www.europesays.com\/fr\/wp-json\/wp\/v2\/media?parent=186834"}],"wp:term":[{"taxonomy":"category","embeddable":true,"href":"https:\/\/www.europesays.com\/fr\/wp-json\/wp\/v2\/categories?post=186834"},{"taxonomy":"post_tag","embeddable":true,"href":"https:\/\/www.europesays.com\/fr\/wp-json\/wp\/v2\/tags?post=186834"}],"curies":[{"name":"wp","href":"https:\/\/api.w.org\/{rel}","templated":true}]}}