{"id":18684,"date":"2025-04-12T00:53:19","date_gmt":"2025-04-12T00:53:19","guid":{"rendered":"https:\/\/www.europesays.com\/fr\/18684\/"},"modified":"2025-04-12T00:53:19","modified_gmt":"2025-04-12T00:53:19","slug":"la-pollution-a-t-elle-baisse-en-2024","status":"publish","type":"post","link":"https:\/\/www.europesays.com\/fr\/18684\/","title":{"rendered":"la pollution a-t-elle baiss\u00e9 en 2024 ?"},"content":{"rendered":"<p class=\"article-p mdl\">L&rsquo;air en \u00cele-de-France est-il respirable ? Si on en croit un communiqu\u00e9 de\u00a0Airparif, l&rsquo;organisme de surveillance de la qualit\u00e9 de l&rsquo;air dans la r\u00e9gion, <strong>il y a du mieux en 2024.<\/strong> Les concentrations de dioxyde d&rsquo;azote (NO2), un gaz polluant qui aggrave notamment le risque de mortalit\u00e9 li\u00e9 au diab\u00e8te et aux AVC, ont <strong>baiss\u00e9 en moyenne de 45% entre 2014 et 2024.\u00a0<\/strong><\/p>\n<p class=\"article-p mdl\">Les concentrations de\u00a0<a class=\"link\" href=\"https:\/\/www.rtl.fr\/actu\/debats-societe\/particules-fines-trois-departements-du-sud-est-et-la-vallee-de-l-arve-en-vigilance-rouge-7900456282\" title=\"Particules fines : trois d\u00e9partements du Sud-Est et la vall\u00e9e de l\u2019Arve en vigilance rouge\" target=\"_blank\" rel=\"noopener\">particules fines<\/a>\u00a0(PM2.5), dont l&rsquo;inhalation augmente le risque de maladies cardiovasculaires et respiratoires et impacte la sant\u00e9 p\u00e9rinatale, ont, quant \u00e0 elles, baiss\u00e9 en moyenne de 35% entre 2014 et 2024, est-il \u00e9galement indiqu\u00e9.\u00a0<\/p>\n<p class=\"article-p mdl\">En revanche,<strong> les indicateurs d&rsquo;impact sur la sant\u00e9 de l&rsquo;ozone de basse altitude (O3), nocif pour le syst\u00e8me respiratoire, ont globalement stagn\u00e9 entre 2004 et 2024,<\/strong> avec des variations fortes d&rsquo;une ann\u00e9e sur l&rsquo;autre en fonction des conditions m\u00e9t\u00e9orologiques. <strong>L&rsquo;augmentation des temp\u00e9ratures \u00e9tant favorable \u00e0 la formation de l&rsquo;ozone.\u00a0<\/strong><\/p>\n<p>            Moins de d\u00e9c\u00e8s pr\u00e9matur\u00e9s<\/p>\n<p class=\"article-p mdl\">Seulement <strong>trois \u00e9pisodes de pollution, un aux particules et deux \u00e0 l&rsquo;ozone, ont \u00e9t\u00e9 enregistr\u00e9s en 2024 en r\u00e9gion parisienne,<\/strong> un chiffre au plus bas jamais enregistr\u00e9. Une baisse a \u00e9galement \u00e9t\u00e9 observ\u00e9e quant au<strong> nombre de d\u00e9c\u00e8s pr\u00e9matur\u00e9s dus \u00e0 la pollution de l&rsquo;air.<\/strong> Ils \u00e9taient 10.000 par an en \u00cele-de-France en 2010 contre <strong>6.200 en 2019.\u00a0<\/strong><\/p>\n<p class=\"article-p mdl\"><strong>Une am\u00e9lioration globale \u00e0 mettre au cr\u00e9dit des r\u00e9glementations et des politiques publiques<\/strong> de r\u00e9duction des \u00e9missions de polluants de l&rsquo;air li\u00e9es notamment au trafic routier, au chauffage et aux activit\u00e9s industrielles, explique Airparif.\u00a0<\/p>\n<p class=\"article-p mdl\">Malgr\u00e9 ces am\u00e9liorations, la pollution de l&rsquo;air a encore <strong>un impact significatif sur\u00a0<\/strong><a class=\"link\" href=\"https:\/\/www.rtl.fr\/actu\/economie-consommation\/pollution-pourquoi-les-freins-sont-ils-plus-nocifs-que-les-pots-d-echappement-7900474793\" title=\"Pollution : pourquoi les freins sont-ils plus nocifs que les pots d&#039;\u00e9chappement ?\" target=\"_blank\" rel=\"noopener\"><strong>la sant\u00e9 humaine,<\/strong><\/a>\u00a0estim\u00e9 \u00e0 une perte moyenne de 10 mois d&rsquo;esp\u00e9rance de vie par adulte en 2019,<a class=\"link\" href=\"https:\/\/www.rtl.fr\/actu\/economie-consommation\/les-infos-de-5h-baisse-du-covoiturage-en-ile-de-france-les-automobilistes-preferent-rouler-seuls-7900422381\" title=\"Les infos de 5h - Baisse du covoiturage : en \u00cele-de-France, les automobilistes pr\u00e9f\u00e8rent rouler seuls\" target=\"_blank\" rel=\"noopener\"> en \u00cele-de-France,<\/a>\u00a0selon Airparif. En 2024, <strong>plus de 2,6 millions de Franciliens respiraient un air dont les concentrations de polluants \u00e9taient sup\u00e9rieures aux seuils de la nouvelle directive europ\u00e9enne<\/strong>, \u00e0 respecter en 2030, ajoute-t-elle.\u00a0<\/p>\n<p>    La r\u00e9daction vous recommande<\/p>\n<p class=\"s-newsletter__title\">\n                L\u2019actualit\u00e9 par la r\u00e9daction de RTL dans votre bo\u00eete mail.\n            <\/p>\n<p class=\"s-newsletter__subtitle\">\n                Gr\u00e2ce \u00e0 votre compte RTL abonnez-vous \u00e0 la newsletter RTL info pour suivre toute l&rsquo;actualit\u00e9 au quotidien\n            <\/p>\n<p>\n                                    Lire la suite\n                                <\/p>\n","protected":false},"excerpt":{"rendered":"L&rsquo;air en \u00cele-de-France est-il respirable ? Si on en croit un communiqu\u00e9 de\u00a0Airparif, l&rsquo;organisme de surveillance de la&hellip;\n","protected":false},"author":2,"featured_media":18685,"comment_status":"","ping_status":"","sticky":false,"template":"","format":"standard","meta":{"footnotes":""},"categories":[1592],"tags":[1111,11,1777,674,107,1011,27,662,12,626,1800,25,71],"class_list":{"0":"post-18684","1":"post","2":"type-post","3":"status-publish","4":"format-standard","5":"has-post-thumbnail","7":"category-ile-de-france","8":"tag-actu","9":"tag-actualites","10":"tag-eu","11":"tag-europe","12":"tag-fil-info","13":"tag-fr","14":"tag-france","15":"tag-ile-de-france","16":"tag-news","17":"tag-paris","18":"tag-pollution","19":"tag-republique-francaise","20":"tag-sante"},"share_on_mastodon":{"url":"https:\/\/pubeurope.com\/@fr\/114322263485788449","error":""},"_links":{"self":[{"href":"https:\/\/www.europesays.com\/fr\/wp-json\/wp\/v2\/posts\/18684","targetHints":{"allow":["GET"]}}],"collection":[{"href":"https:\/\/www.europesays.com\/fr\/wp-json\/wp\/v2\/posts"}],"about":[{"href":"https:\/\/www.europesays.com\/fr\/wp-json\/wp\/v2\/types\/post"}],"author":[{"embeddable":true,"href":"https:\/\/www.europesays.com\/fr\/wp-json\/wp\/v2\/users\/2"}],"replies":[{"embeddable":true,"href":"https:\/\/www.europesays.com\/fr\/wp-json\/wp\/v2\/comments?post=18684"}],"version-history":[{"count":0,"href":"https:\/\/www.europesays.com\/fr\/wp-json\/wp\/v2\/posts\/18684\/revisions"}],"wp:featuredmedia":[{"embeddable":true,"href":"https:\/\/www.europesays.com\/fr\/wp-json\/wp\/v2\/media\/18685"}],"wp:attachment":[{"href":"https:\/\/www.europesays.com\/fr\/wp-json\/wp\/v2\/media?parent=18684"}],"wp:term":[{"taxonomy":"category","embeddable":true,"href":"https:\/\/www.europesays.com\/fr\/wp-json\/wp\/v2\/categories?post=18684"},{"taxonomy":"post_tag","embeddable":true,"href":"https:\/\/www.europesays.com\/fr\/wp-json\/wp\/v2\/tags?post=18684"}],"curies":[{"name":"wp","href":"https:\/\/api.w.org\/{rel}","templated":true}]}}