{"id":186842,"date":"2025-06-18T21:43:11","date_gmt":"2025-06-18T21:43:11","guid":{"rendered":"https:\/\/www.europesays.com\/fr\/186842\/"},"modified":"2025-06-18T21:43:11","modified_gmt":"2025-06-18T21:43:11","slug":"un-homme-age-victime-dun-malaise-cardiaque-sur-une-plage-a-sanary","status":"publish","type":"post","link":"https:\/\/www.europesays.com\/fr\/186842\/","title":{"rendered":"Un homme \u00e2g\u00e9 victime d\u2019un malaise cardiaque sur une plage \u00e0 Sanary"},"content":{"rendered":"<p>Ce jeudi vers 18h30, un septuag\u00e9naire a \u00e9t\u00e9 victime d\u2019un malaise cardiaque sur la plage de Portissol, \u00e0 Sanary.<\/p>\n<p>Les sauveteurs l\u2019ont imm\u00e9diatement pris en charge, avec le d\u00e9fibrillateur, en attendant l\u2019arriv\u00e9e des pompiers. L\u2019homme est ensuite revenu \u00e0 lui, avant d\u2019\u00eatre transport\u00e9 en ambulance \u00e0 l\u2019h\u00f4pital pour des soins approfondis.<\/p>\n","protected":false},"excerpt":{"rendered":"Ce jeudi vers 18h30, un septuag\u00e9naire a \u00e9t\u00e9 victime d\u2019un malaise cardiaque sur la plage de Portissol, \u00e0&hellip;\n","protected":false},"author":2,"featured_media":186843,"comment_status":"","ping_status":"","sticky":false,"template":"","format":"standard","meta":{"footnotes":""},"categories":[9619],"tags":[1111,11,1777,674,118,1011,27,12,882,25,2310,3366],"class_list":{"0":"post-186842","1":"post","2":"type-post","3":"status-publish","4":"format-standard","5":"has-post-thumbnail","7":"category-toulon","8":"tag-actu","9":"tag-actualites","10":"tag-eu","11":"tag-europe","12":"tag-faits-divers","13":"tag-fr","14":"tag-france","15":"tag-news","16":"tag-provence-alpes-cote-dazur","17":"tag-republique-francaise","18":"tag-toulon","19":"tag-vie-locale"},"share_on_mastodon":{"url":"https:\/\/pubeurope.com\/@fr\/114706553562515808","error":""},"_links":{"self":[{"href":"https:\/\/www.europesays.com\/fr\/wp-json\/wp\/v2\/posts\/186842","targetHints":{"allow":["GET"]}}],"collection":[{"href":"https:\/\/www.europesays.com\/fr\/wp-json\/wp\/v2\/posts"}],"about":[{"href":"https:\/\/www.europesays.com\/fr\/wp-json\/wp\/v2\/types\/post"}],"author":[{"embeddable":true,"href":"https:\/\/www.europesays.com\/fr\/wp-json\/wp\/v2\/users\/2"}],"replies":[{"embeddable":true,"href":"https:\/\/www.europesays.com\/fr\/wp-json\/wp\/v2\/comments?post=186842"}],"version-history":[{"count":0,"href":"https:\/\/www.europesays.com\/fr\/wp-json\/wp\/v2\/posts\/186842\/revisions"}],"wp:featuredmedia":[{"embeddable":true,"href":"https:\/\/www.europesays.com\/fr\/wp-json\/wp\/v2\/media\/186843"}],"wp:attachment":[{"href":"https:\/\/www.europesays.com\/fr\/wp-json\/wp\/v2\/media?parent=186842"}],"wp:term":[{"taxonomy":"category","embeddable":true,"href":"https:\/\/www.europesays.com\/fr\/wp-json\/wp\/v2\/categories?post=186842"},{"taxonomy":"post_tag","embeddable":true,"href":"https:\/\/www.europesays.com\/fr\/wp-json\/wp\/v2\/tags?post=186842"}],"curies":[{"name":"wp","href":"https:\/\/api.w.org\/{rel}","templated":true}]}}