{"id":186844,"date":"2025-06-18T21:44:17","date_gmt":"2025-06-18T21:44:17","guid":{"rendered":"https:\/\/www.europesays.com\/fr\/186844\/"},"modified":"2025-06-18T21:44:17","modified_gmt":"2025-06-18T21:44:17","slug":"top-14-tous-ces-joueurs-qui-ont-porte-les-maillots-de-toulon-et-bordeaux-durant-leur-carriere","status":"publish","type":"post","link":"https:\/\/www.europesays.com\/fr\/186844\/","title":{"rendered":"Top 14. Tous ces joueurs qui ont port\u00e9 les maillots de Toulon et Bordeaux durant leur carri\u00e8re"},"content":{"rendered":"<p>            Par<br \/>\n        <strong><br \/>\n            <a href=\"https:\/\/actu.fr\/auteur\/nathan-heuillet\" title=\"Consulter tous les articles de Nathan Heuillet\" target=\"_blank\" rel=\"noopener\">Nathan Heuillet<\/a><br \/>\n        <\/strong><\/p>\n<p>        Publi\u00e9 le<\/p>\n<p>            18 juin 2025 \u00e0 17h02        <\/p>\n<p>Samedi 21 juin, \u00e0 l\u2019occasion de la demi-finale de Top 14 opposant <strong>Toulon<\/strong> \u00e0 <strong>Bordeaux-B\u00e8gles<\/strong>, le pilier gauche girondin, <a href=\"https:\/\/actu.fr\/rugby\/joueur\/poirot_64e096197b8c09c4fed02e1e\/\" target=\"_blank\" rel=\"noopener\">Jefferson Poirot<\/a>, battra le fer avec son pote <a href=\"https:\/\/actu.fr\/rugby\/joueur\/serin_64ea343edf93c276aa33ff58\/\" target=\"_blank\" rel=\"noopener\">Baptiste Serin<\/a>. Avant le barrage contre Castres, <a href=\"https:\/\/actu.fr\/nouvelle-aquitaine\/bordeaux_33063\/le-sms-de-jefferson-poirot-a-un-joueur-de-toulon-avant-la-demi-finale-de-top-14_62782304.html\" target=\"_blank\" rel=\"noopener\">Poirot avait envoy\u00e9 un SMS<\/a> au demi de m\u00eal\u00e9e du RCT pour lui donner rendez-vous en demi-finale pour des retrouvailles amicales. Preuve qu\u2019en Gironde, on n\u2019a pas oubli\u00e9 Serin, qui fait partie d\u2019une pl\u00e9iade de joueurs qui ont port\u00e9 le maillot des deux clubs durant leur carri\u00e8re. En voici la preuve.<\/p>\n<p>Fran\u00e7ois Trinh-Duc\u00a0<\/p>\n<p class=\" wall-content\">S\u2019il a pass\u00e9 une bonne partie de sa carri\u00e8re du c\u00f4t\u00e9 du MHR, l\u2019ancien ouvreur finaliste de la Coupe du monde 2011 avec l\u2019\u00e9quipe de France a quitt\u00e9 les Cistes pour rejoindre Toulon de 2016 \u00e0 2019. Il termina sa carri\u00e8re \u00e0 Bordeaux, disputant 25 matchs de Top 14 avec l\u2019UBB lors de sa derni\u00e8re saison.<\/p>\n<p>Marc de Rougemont<\/p>\n<p class=\" wall-content\">Embl\u00e9matique talonneur du Toulon du d\u00e9but des ann\u00e9es 90, champion de France en 1992, a rejoint B\u00e8gles-Bordeaux en 1998, en compagnie de son ami \u00ab\u00a0Tonton L\u00e9on\u00a0\u00bb Loppy. L\u2019aventure girondine termin\u00e9e en 2000, Marc \u00ab\u00a0le Rouge\u00a0\u00bb (13 s\u00e9lections), vainqueur du Grand Chelem 1997, est retourn\u00e9e sur sa rade, lui le natif de La-Seyne-sur-Mer.<\/p>\n<p>L\u00e9on Loppy<\/p>\n<p class=\" wall-content\">Champ, Melville, Louvet et Loppy : voici les 4 mousquetaires de la redoutable 3e ligne de Toulon du d\u00e9but des ann\u00e9es 90. En 1998, L\u00e9on Loppy (1 s\u00e9lection), qui a effectu\u00e9 un passage \u00e0 Castres, rejoint B\u00e8ges-Bordeaux o\u00f9 il retrouve son tr\u00e8s grand ami Marc de Rougemont. Les deux hommes quittent la Gironde au m\u00eame moment, en 2000.<\/p>\n<p>Semi Radradra<\/p>\n<p class=\" wall-content\">D\u00e9couvert par le public fran\u00e7ais du c\u00f4t\u00e9 de la rade, le fantasque Fidjien illumine Toulon pendant une saison, avant de rejoindre Bordeaux, o\u00f9 il explose et encha\u00eene les feuilles de match. Il partit \u00e0 Bristol un an et demi apr\u00e8s son arriv\u00e9e en Gironde.<\/p>\n<p>Vid\u00e9os : en ce moment sur ActuUJ Seuteni<\/p>\n<p class=\" wall-content\">D\u2019un \u00eelien \u00e0 un autre, si UJ Seuteni a connu une trajectoire diff\u00e9rente de celle de Radradra, il d\u00e9bute lui aussi en Top 14 avec Toulon, lors de la saison 2015-2016. Apr\u00e8s un passage \u00e0 Oyonnax, il rejoint Bordeaux pour quatre saisons, de 2018 \u00e0 2022.<\/p>\n<p>Laurent Delboulb\u00e8s<\/p>\n<p class=\" wall-content\">Lui a pr\u00e9f\u00e9r\u00e9 terminer l\u00e0 o\u00f9 tout a commenc\u00e9. Laurent Delboulb\u00e8s d\u00e9couvre le Top 14 avec l\u2019UBB entre 2013 et 2015, avant de partir chercher du temps de jeu \u00e0 Oyonnax. Il rejoint Toulon en 2016 pour deux saisons, avant de revenir \u00e0 Bordeaux terminer sa carri\u00e8re.<\/p>\n<p class=\" wall-content\">\n<p>Patrice Collazo<\/p>\n<p class=\" wall-content\">Le natif de La Seyne-sur-Mer a d\u00e9couvert l\u2019\u00e9lite fran\u00e7aise avec B\u00e8gles-Bordeaux au d\u00e9but des ann\u00e9es 90. Deux saisons, de 1993 \u00e0 1995, suffisent \u00e0 cet enfant de la rade pour retrouver son club de c\u0153ur. Il ne repr\u00e9sente cependant Toulon qu\u2019une saison en tant que joueur, avant de retourner en Gironde jusqu\u2019au d\u00e9but des ann\u00e9es 2000.<\/p>\n<p>S\u00e9bastien Taofifenua<\/p>\n<p class=\" wall-content\">R\u00e9v\u00e9l\u00e9 \u00e0 Perpignan, c\u2019est \u00e0 Bordeaux que \u00ab\u00a0petit Tao\u00a0\u00bb confirme son potentiel pendant quatre saisons (2014-2018). Il rejoint ensuite Toulon de 2018 \u00e0 2021, disputant 53 matchs et obtenant quelques s\u00e9lections en \u00e9quipe de France, avant de signer au LOU.<\/p>\n<p>Thomas Jolmes<\/p>\n<p class=\" wall-content\">Probablement celui qui a disput\u00e9 le moins de matchs avec Toulon dans cette s\u00e9lection. Thomas Jolmes arrive en septembre 2020 sur la rade, avant de la quitter en mars 2021 pour Bordeaux. Le grand chevelu \u00e9volue \u00e0 l\u2019UBB pendant trois saisons, avant de rejoindre Pau.<\/p>\n<p class=\" wall-content\"><strong>Et aussi<\/strong> : Pierre Bernard, Nicol\u00e1s S\u00e1nchez, Darly Domvo, Nicolas Plazy, David G\u00e9rard, Thierry Brana\u2026<\/p>\n<p class=\" wall-content\">Suivez toute l\u2019actualit\u00e9 de vos villes et m\u00e9dias favoris en vous inscrivant \u00e0 <a href=\"https:\/\/moncompte.actu.fr\" title=\"D\u00e9couvez Mon Actu\" rel=\"nofollow noopener\" data-trk=\"{&quot;cta&quot;:{&quot;action&quot;:&quot;https:\\\/\\\/moncompte.actu.fr&quot;,&quot;category&quot;:&quot;mon compte&quot;,&quot;from&quot;:&quot;article footer&quot;,&quot;name&quot;:&quot;Mon actu&quot;,&quot;type&quot;:&quot;cta&quot;}}\" target=\"_blank\">Mon Actu<\/a>.<\/p>\n<ul class=\"ac-article-tag wall-content\">\n<li><a href=\"https:\/\/actu.fr\/tag\/rct-rugby-club-toulonnais\" data-trk=\"{&quot;cta&quot;:{&quot;action&quot;:&quot;RCT Rugby club toulonnais&quot;,&quot;category&quot;:&quot;tag&quot;,&quot;from&quot;:&quot;article footer&quot;,&quot;name&quot;:&quot;RCT Rugby club toulonnais&quot;,&quot;type&quot;:&quot;cta&quot;}}\" target=\"_blank\" rel=\"noopener\">#RCT Rugby club toulonnais<\/a><\/li>\n<li><a href=\"https:\/\/actu.fr\/tag\/usb-union-bordeaux-begles\" data-trk=\"{&quot;cta&quot;:{&quot;action&quot;:&quot;UBB Union Bordeaux B\\u00e8gles&quot;,&quot;category&quot;:&quot;tag&quot;,&quot;from&quot;:&quot;article footer&quot;,&quot;name&quot;:&quot;UBB Union Bordeaux B\\u00e8gles&quot;,&quot;type&quot;:&quot;cta&quot;}}\" target=\"_blank\" rel=\"noopener\">#UBB Union Bordeaux B\u00e8gles<\/a><\/li>\n<\/ul>\n","protected":false},"excerpt":{"rendered":"Par Nathan Heuillet Publi\u00e9 le 18 juin 2025 \u00e0 17h02 Samedi 21 juin, \u00e0 l\u2019occasion de la demi-finale&hellip;\n","protected":false},"author":2,"featured_media":186845,"comment_status":"","ping_status":"","sticky":false,"template":"","format":"standard","meta":{"footnotes":""},"categories":[9619],"tags":[1111,11,1777,674,1011,27,12,882,6717,25,479,60,478,2310,4435],"class_list":{"0":"post-186844","1":"post","2":"type-post","3":"status-publish","4":"format-standard","5":"has-post-thumbnail","7":"category-toulon","8":"tag-actu","9":"tag-actualites","10":"tag-eu","11":"tag-europe","12":"tag-fr","13":"tag-france","14":"tag-news","15":"tag-provence-alpes-cote-dazur","16":"tag-rct-rugby-club-toulonnais","17":"tag-republique-francaise","18":"tag-rugby","19":"tag-sports","20":"tag-top-14","21":"tag-toulon","22":"tag-ubb-union-bordeaux-begles"},"share_on_mastodon":{"url":"https:\/\/pubeurope.com\/@fr\/114706557491952739","error":""},"_links":{"self":[{"href":"https:\/\/www.europesays.com\/fr\/wp-json\/wp\/v2\/posts\/186844","targetHints":{"allow":["GET"]}}],"collection":[{"href":"https:\/\/www.europesays.com\/fr\/wp-json\/wp\/v2\/posts"}],"about":[{"href":"https:\/\/www.europesays.com\/fr\/wp-json\/wp\/v2\/types\/post"}],"author":[{"embeddable":true,"href":"https:\/\/www.europesays.com\/fr\/wp-json\/wp\/v2\/users\/2"}],"replies":[{"embeddable":true,"href":"https:\/\/www.europesays.com\/fr\/wp-json\/wp\/v2\/comments?post=186844"}],"version-history":[{"count":0,"href":"https:\/\/www.europesays.com\/fr\/wp-json\/wp\/v2\/posts\/186844\/revisions"}],"wp:featuredmedia":[{"embeddable":true,"href":"https:\/\/www.europesays.com\/fr\/wp-json\/wp\/v2\/media\/186845"}],"wp:attachment":[{"href":"https:\/\/www.europesays.com\/fr\/wp-json\/wp\/v2\/media?parent=186844"}],"wp:term":[{"taxonomy":"category","embeddable":true,"href":"https:\/\/www.europesays.com\/fr\/wp-json\/wp\/v2\/categories?post=186844"},{"taxonomy":"post_tag","embeddable":true,"href":"https:\/\/www.europesays.com\/fr\/wp-json\/wp\/v2\/tags?post=186844"}],"curies":[{"name":"wp","href":"https:\/\/api.w.org\/{rel}","templated":true}]}}