{"id":186850,"date":"2025-06-18T21:50:51","date_gmt":"2025-06-18T21:50:51","guid":{"rendered":"https:\/\/www.europesays.com\/fr\/186850\/"},"modified":"2025-06-18T21:50:51","modified_gmt":"2025-06-18T21:50:51","slug":"de-fortes-perturbations-prevues-vendredi-et-samedi","status":"publish","type":"post","link":"https:\/\/www.europesays.com\/fr\/186850\/","title":{"rendered":"de fortes perturbations pr\u00e9vues vendredi et samedi"},"content":{"rendered":"<p>\u00ab\u00a0La r\u00e9cr\u00e9ation est termin\u00e9e\u00a0\u00bb avaient tonn\u00e9 le 6\u00a0juin les syndicats FO, Sud, Unsa et CFE-CGC de MTag. <a href=\"https:\/\/www.ledauphine.com\/social\/2025\/06\/06\/isere-transports-en-commun-les-syndicats-de-mtag-deposent-un-preavis-de-greve-pour-la-fete-de-la-musique\" target=\"_blank\" rel=\"noopener\">Ils s\u2019en expliquaient dans un communiqu\u00e9<\/a> \u00a0: \u201cDepuis plusieurs mois, la direction, s\u2019appuyant sur un contrat d\u2019obligation de service public qu\u2019elle a sign\u00e9 seule avec le Syndicat mixte des mobilit\u00e9s de l\u2019aire grenobloise (Smmag), et rejet\u00e9 par toutes les organisations syndicales, cherche \u00e0 r\u00e9organiser le travail dans tous les services, en ciblant tout particuli\u00e8rement les agents de conduite. Son objectif est clair, augmenter les cadences et la productivit\u00e9, au m\u00e9pris des conditions de travail.\u201d<\/p>\n<p>Ce mercredi, la direction de MTag avertit \u00e9galement les usagers qu\u2019\u00e0 la suite d\u2019un pr\u00e9avis \u00ab\u00a0d\u00e9pos\u00e9 par les organisations repr\u00e9sentatives du personnel MTag pour le vendredi\u00a020 et le samedi 21\u00a0juin 2025, le r\u00e9seau op\u00e9r\u00e9 par MTag sera tr\u00e8s fortement perturb\u00e9, avec de nombreuses lignes dont les services ne pourront \u00eatre assur\u00e9s. Les personnels devant se d\u00e9clarer gr\u00e9vistes 48\u00a0heures au minimum avant leur prise de poste, des pr\u00e9cisions seront apport\u00e9es sur le trafic des tramways et des lignes de bus dans la soir\u00e9e du mercredi 18\u00a0juin.\u00a0\u00bb<\/p>\n<p>  Le Gr\u00e9sivaudan et le Voironnais moins touch\u00e9s\u00a0?<\/p>\n<p>La F\u00eate de la musique devrait avoir \u00e0 en souffrir, d\u2019autant que la Ville de Grenoble <a href=\"https:\/\/www.ledauphine.com\/culture-loisirs\/2025\/06\/12\/fete-de-la-musique-le-centre-ville-encore-plus-pieton-mais-sans-transports-en-commun\" target=\"_blank\" rel=\"noopener\">a \u00e9tendu la pi\u00e9tonnisation<\/a> pour cette journ\u00e9e festive et demande aux habitants de \u00ab\u00a0privil\u00e9gier les transports en commun.\u00a0\u00bb<\/p>\n<p>La direction tente de d\u00e9samorcer les raisons de cette gr\u00e8ve qui \u00ab\u00a0est une r\u00e9action au projet de r\u00e9organisation des services de conduite. Ce projet, pr\u00e9vu dans le contrat d\u2019obligation de service public liant MTag au Smmag depuis septembre\u00a02024, a d\u00e9j\u00e0 donn\u00e9 lieu \u00e0 de nombreuses entrevues entre la direction et les organisations syndicales repr\u00e9sentatives\u00a0: il vise \u00e0 se rapprocher des niveaux de performance des r\u00e9seaux de transport de tailles similaires, tout en maintenant une offre de transport de qualit\u00e9 \u00e0 destination des clients.\u00a0\u00bb<\/p>\n<p>MTag pr\u00e9cise par ailleurs que \u00ab\u00a0les lignes intra-Gr\u00e9sivaudan, exploit\u00e9es par GR4 Mobilit\u00e9s, ainsi que les lignes intra-Voironnais, exploit\u00e9es par le Smmag, ne seront pas impact\u00e9es par ce mouvement social.\u00a0\u00bb L\u2019information de circulation des lignes sera relay\u00e9e <a href=\"https:\/\/www.reso-m.fr\/\" target=\"_blank\" rel=\"noopener\">sur son site internet<\/a> et les r\u00e9seaux sociaux.<\/p>\n","protected":false},"excerpt":{"rendered":"\u00ab\u00a0La r\u00e9cr\u00e9ation est termin\u00e9e\u00a0\u00bb avaient tonn\u00e9 le 6\u00a0juin les syndicats FO, Sud, Unsa et CFE-CGC de MTag. Ils&hellip;\n","protected":false},"author":2,"featured_media":186851,"comment_status":"","ping_status":"","sticky":false,"template":"","format":"standard","meta":{"footnotes":""},"categories":[9566],"tags":[1111,11,2430,3542,9671,112,113,114,1777,674,1011,27,2731,2732,108,1985,12,25,801,2803],"class_list":{"0":"post-186850","1":"post","2":"type-post","3":"status-publish","4":"format-standard","5":"has-post-thumbnail","7":"category-grenoble","8":"tag-actu","9":"tag-actualites","10":"tag-auvergne-rhone-alpes","11":"tag-circulation","12":"tag-conflit-social","13":"tag-edition-grenoble-agglomeration","14":"tag-edition-gresivaudan-oisans","15":"tag-edition-voiron-saint-marcellin","16":"tag-eu","17":"tag-europe","18":"tag-fr","19":"tag-france","20":"tag-grenoble","21":"tag-grenoble-bassin","22":"tag-isere","23":"tag-metropole-de-grenoble","24":"tag-news","25":"tag-republique-francaise","26":"tag-social","27":"tag-transport"},"share_on_mastodon":{"url":"https:\/\/pubeurope.com\/@fr\/114706584907988486","error":""},"_links":{"self":[{"href":"https:\/\/www.europesays.com\/fr\/wp-json\/wp\/v2\/posts\/186850","targetHints":{"allow":["GET"]}}],"collection":[{"href":"https:\/\/www.europesays.com\/fr\/wp-json\/wp\/v2\/posts"}],"about":[{"href":"https:\/\/www.europesays.com\/fr\/wp-json\/wp\/v2\/types\/post"}],"author":[{"embeddable":true,"href":"https:\/\/www.europesays.com\/fr\/wp-json\/wp\/v2\/users\/2"}],"replies":[{"embeddable":true,"href":"https:\/\/www.europesays.com\/fr\/wp-json\/wp\/v2\/comments?post=186850"}],"version-history":[{"count":0,"href":"https:\/\/www.europesays.com\/fr\/wp-json\/wp\/v2\/posts\/186850\/revisions"}],"wp:featuredmedia":[{"embeddable":true,"href":"https:\/\/www.europesays.com\/fr\/wp-json\/wp\/v2\/media\/186851"}],"wp:attachment":[{"href":"https:\/\/www.europesays.com\/fr\/wp-json\/wp\/v2\/media?parent=186850"}],"wp:term":[{"taxonomy":"category","embeddable":true,"href":"https:\/\/www.europesays.com\/fr\/wp-json\/wp\/v2\/categories?post=186850"},{"taxonomy":"post_tag","embeddable":true,"href":"https:\/\/www.europesays.com\/fr\/wp-json\/wp\/v2\/tags?post=186850"}],"curies":[{"name":"wp","href":"https:\/\/api.w.org\/{rel}","templated":true}]}}