{"id":186852,"date":"2025-06-18T21:51:20","date_gmt":"2025-06-18T21:51:20","guid":{"rendered":"https:\/\/www.europesays.com\/fr\/186852\/"},"modified":"2025-06-18T21:51:20","modified_gmt":"2025-06-18T21:51:20","slug":"grenoble-pourquoi-les-gendarmes-quadrillent-et-controlent-massivement-les-routes-en-isere","status":"publish","type":"post","link":"https:\/\/www.europesays.com\/fr\/186852\/","title":{"rendered":"Grenoble. Pourquoi les gendarmes quadrillent et contr\u00f4lent massivement les routes en Is\u00e8re"},"content":{"rendered":"<p>            Par<br \/>\n        <strong><br \/>\n            <a href=\"https:\/\/actu.fr\/auteur\/lisa-rodrigues\" title=\"Consulter tous les articles de Lisa Rodrigues\" target=\"_blank\" rel=\"noopener\">Lisa Rodrigues<\/a><br \/>\n        <\/strong><\/p>\n<p>        Publi\u00e9 le<\/p>\n<p>            18 juin 2025 \u00e0 18h05        <\/p>\n<p>Depuis environ 9 heures mercredi 18 juin, la gendarmerie de l\u2019Is\u00e8re est en <strong>pleine traque<\/strong> d\u2019un d\u00e9tenu, \u00e2g\u00e9 de 27 ans, qui a r\u00e9ussi \u00e0<a href=\"https:\/\/actu.fr\/auvergne-rhone-alpes\/grenoble_38185\/grenoble-un-detenu-s-evade-de-prison-d-importants-moyens-deployes-pour-le-retrouver_62788325.html\" target=\"_blank\" rel=\"noopener\"> s\u2019\u00e9vader de la prison de Grenoble Varces<\/a>, o\u00f9 il \u00e9tait emprisonn\u00e9 depuis plusieurs mois.<br \/>C\u2019est au moment du d\u00e9part d\u2019une <strong>sortie organis\u00e9e par l\u2019administration p\u00e9nitentiaire<\/strong> qu\u2019il a fauss\u00e9 compagnie aux agents charg\u00e9s de l\u2019encadrement des prisonniers autoris\u00e9s \u00e0 participer \u00e0 l\u2019\u00e9v\u00e9nement. Plusieurs <strong>barrages routiers<\/strong> ont \u00e9t\u00e9 install\u00e9s sur les principaux axes de circulation de <a href=\"https:\/\/actu.fr\/auvergne-rhone-alpes\/grenoble_38185\" target=\"_blank\" rel=\"noopener\">Grenoble<\/a> et de l\u2019Is\u00e8re pour le retrouver.<\/p>\n<p>    <a href=\"https:\/\/www.google.com\/maps\/embed?pb=!1m18!1m12!1m3!1d1408.1771289564572!2d5.684436745835645!3d45.09888629900588!2m3!1f0!2f0!3f0!3m2!1i1024!2i768!4f13.1!3m3!1m2!1s0x478a8c1b5809c851%3A0x742dc5c389208638!2sMaison%20d%27arr%C3%AAt%20de%20Grenoble-Varces!5e0!3m2!1sfr!2sfr!4v1750261057526!5m2!1sfr!2sfr\" title=\"Ouvrie le lien\" target=\"_blank\" rel=\"noopener\">Cliquez ici pour visualiser le contenu<\/a><\/p>\n<p>Il prenait une cigarette en attendant ses complices<\/p>\n<p class=\" wall-content\">L\u2019\u00e9vasion a <strong>pris par surprise<\/strong> les agents p\u00e9nitentiaires et s\u2019est d\u00e9roul\u00e9e sans violences particuli\u00e8res.<\/p>\n<p class=\" wall-content\">Alors qu\u2019il s\u2019appr\u00eatait \u00e0 partir avec le reste du groupe, l\u2019homme a fait mine de prendre une nouvelle cigarette, juste pour laisser le temps \u00e0 un ou des complices dans une voiture gar\u00e9e sur le parking de la prison de s\u2019approcher. La zone de stationnement \u00e9tant ouverte aux visiteurs, notamment aux proches de d\u00e9tenus se rendant au parloir, le mouvement de la voiture des complices n\u2019aurait pas attir\u00e9 davantage l\u2019attention.<\/p>\n<p class=\" wall-content\">Une fois celle-ci arriv\u00e9e \u00e0 sa hauteur, le d\u00e9tenu est tout simplement mont\u00e9 \u00e0 bord, avant que la <strong>voiture ne prenne la fuite<\/strong>.<\/p>\n<p>Aucun signe avant-coureur<\/p>\n<p class=\" wall-content\">L\u2019homme \u00e9tait emprisonn\u00e9 depuis plusieurs mois au centre p\u00e9nitencier, pour des <strong>faits de violences avec armes<\/strong>. Selon les informations recueillies par des m\u00e9dias locaux et confirm\u00e9es \u00e0 actu Grenoble, il ne faisait l\u2019objet d\u2019aucune suspicion de projet d\u2019\u00e9vasion.<\/p>\n<p class=\" wall-content\">Son <strong>comportement en d\u00e9tention<\/strong> a m\u00eame \u00e9t\u00e9 jug\u00e9 <strong>suffisamment bon<\/strong> pour avoir \u00e9t\u00e9 s\u00e9lectionn\u00e9 pour participer \u00e0 la sortie accompagn\u00e9e en ext\u00e9rieur, sorties dont les participants font l\u2019objet d\u2019une minutieuse s\u00e9lection de la part des agents p\u00e9nitenciers. Aucun signal d\u2019alarme n\u2019a \u00e9t\u00e9 relev\u00e9 concernant ce d\u00e9tenu en particulier.<\/p>\n<p class=\" wall-content\">Reste \u00e0 savoir combien de temps sa cavale va durer, le r\u00e9seau routier is\u00e9rois \u00e9tant toujours quadrill\u00e9 par les forces de l\u2019ordre ce mercredi apr\u00e8s-midi.<\/p>\n<p class=\" wall-content\">Suivez toute l\u2019actualit\u00e9 de vos villes et m\u00e9dias favoris en vous inscrivant \u00e0 <a href=\"https:\/\/moncompte.actu.fr\" title=\"D\u00e9couvez Mon Actu\" rel=\"nofollow noopener\" data-trk=\"{&quot;cta&quot;:{&quot;action&quot;:&quot;https:\\\/\\\/moncompte.actu.fr&quot;,&quot;category&quot;:&quot;mon compte&quot;,&quot;from&quot;:&quot;article footer&quot;,&quot;name&quot;:&quot;Mon actu&quot;,&quot;type&quot;:&quot;cta&quot;}}\" target=\"_blank\">Mon Actu<\/a>.<\/p>\n","protected":false},"excerpt":{"rendered":"Par Lisa Rodrigues Publi\u00e9 le 18 juin 2025 \u00e0 18h05 Depuis environ 9 heures mercredi 18 juin, la&hellip;\n","protected":false},"author":2,"featured_media":186853,"comment_status":"","ping_status":"","sticky":false,"template":"","format":"standard","meta":{"footnotes":""},"categories":[9566],"tags":[1111,11,2430,1777,674,118,1011,27,3381,2731,12,899,25],"class_list":{"0":"post-186852","1":"post","2":"type-post","3":"status-publish","4":"format-standard","5":"has-post-thumbnail","7":"category-grenoble","8":"tag-actu","9":"tag-actualites","10":"tag-auvergne-rhone-alpes","11":"tag-eu","12":"tag-europe","13":"tag-faits-divers","14":"tag-fr","15":"tag-france","16":"tag-gendarmerie","17":"tag-grenoble","18":"tag-news","19":"tag-prisons","20":"tag-republique-francaise"},"share_on_mastodon":{"url":"https:\/\/pubeurope.com\/@fr\/114706585036213506","error":""},"_links":{"self":[{"href":"https:\/\/www.europesays.com\/fr\/wp-json\/wp\/v2\/posts\/186852","targetHints":{"allow":["GET"]}}],"collection":[{"href":"https:\/\/www.europesays.com\/fr\/wp-json\/wp\/v2\/posts"}],"about":[{"href":"https:\/\/www.europesays.com\/fr\/wp-json\/wp\/v2\/types\/post"}],"author":[{"embeddable":true,"href":"https:\/\/www.europesays.com\/fr\/wp-json\/wp\/v2\/users\/2"}],"replies":[{"embeddable":true,"href":"https:\/\/www.europesays.com\/fr\/wp-json\/wp\/v2\/comments?post=186852"}],"version-history":[{"count":0,"href":"https:\/\/www.europesays.com\/fr\/wp-json\/wp\/v2\/posts\/186852\/revisions"}],"wp:featuredmedia":[{"embeddable":true,"href":"https:\/\/www.europesays.com\/fr\/wp-json\/wp\/v2\/media\/186853"}],"wp:attachment":[{"href":"https:\/\/www.europesays.com\/fr\/wp-json\/wp\/v2\/media?parent=186852"}],"wp:term":[{"taxonomy":"category","embeddable":true,"href":"https:\/\/www.europesays.com\/fr\/wp-json\/wp\/v2\/categories?post=186852"},{"taxonomy":"post_tag","embeddable":true,"href":"https:\/\/www.europesays.com\/fr\/wp-json\/wp\/v2\/tags?post=186852"}],"curies":[{"name":"wp","href":"https:\/\/api.w.org\/{rel}","templated":true}]}}