{"id":186854,"date":"2025-06-18T21:52:18","date_gmt":"2025-06-18T21:52:18","guid":{"rendered":"https:\/\/www.europesays.com\/fr\/186854\/"},"modified":"2025-06-18T21:52:18","modified_gmt":"2025-06-18T21:52:18","slug":"en-ille-et-vilaine-deux-incendies-de-longeres-se-declenchent-au-meme-moment-70-pompiers-mobilises","status":"publish","type":"post","link":"https:\/\/www.europesays.com\/fr\/186854\/","title":{"rendered":"En Ille-et-Vilaine, deux incendies de long\u00e8res se d\u00e9clenchent au m\u00eame moment\u00a0: 70 pompiers mobilis\u00e9s"},"content":{"rendered":"<p>\u00c0 13 h 47 et \u00e0 13 h 50 : ce mercredi 18 juin, deux incendies de long\u00e8res ont d\u00e9marr\u00e9 coup sur coup \u00e0 Saint-Thurial et Montauban-de-Bretagne, \u00e0 l\u2019ouest de Rennes en Ille-et-Vilaine. Pr\u00e8s de 70 sapeurs-pompiers ont \u00e9t\u00e9 d\u00e9ploy\u00e9s sur les deux sinistres, avec des interventions qui \u00e9taient toujours en cours, en fin de journ\u00e9e.<\/p>\n<p>\u00c0 Montauban-de-Bretagne, c\u2019est une long\u00e8re de 400m2 comprenant cinq logements qui s\u2019est embras\u00e9e. Trois logements ont \u00e9t\u00e9 compl\u00e8tement d\u00e9truits par les flammes, qui ont n\u00e9cessit\u00e9 l\u2019intervention de deux lances \u00e0 incendie et 38 pompiers. Le feu n\u2019a pas fait de victime, mais plusieurs personnes devront \u00eatre relog\u00e9es dans leurs familles respectives.<\/p>\n<p>\u00c0 Saint-Thurial, la long\u00e8re a pris feu au lieu-dit les No\u00ebs. Deux lances et la grande \u00e9chelle ont \u00e9t\u00e9 requises pour venir \u00e0 bout des flammes, qui n\u2019ont heureusement pas fait de victimes. Les personnes sinistr\u00e9es ont pu trouver des solutions de relogement par leurs propres moyens, indiquait en fin d\u2019apr\u00e8s-midi le centre op\u00e9rationnel des pompiers d\u2019Ille-et-Vilaine.<\/p>\n","protected":false},"excerpt":{"rendered":"\u00c0 13 h 47 et \u00e0 13 h 50 : ce mercredi 18 juin, deux incendies de long\u00e8res&hellip;\n","protected":false},"author":2,"featured_media":186855,"comment_status":"","ping_status":"","sticky":false,"template":"","format":"standard","meta":{"footnotes":""},"categories":[2821],"tags":[1111,11,829,765,1777,674,1011,27,848,12,584,25],"class_list":{"0":"post-186854","1":"post","2":"type-post","3":"status-publish","4":"format-standard","5":"has-post-thumbnail","7":"category-rennes","8":"tag-actu","9":"tag-actualites","10":"tag-bretagne","11":"tag-en-continu","12":"tag-eu","13":"tag-europe","14":"tag-fr","15":"tag-france","16":"tag-ille-et-vilaine","17":"tag-news","18":"tag-rennes","19":"tag-republique-francaise"},"share_on_mastodon":{"url":"https:\/\/pubeurope.com\/@fr\/114706588852673687","error":""},"_links":{"self":[{"href":"https:\/\/www.europesays.com\/fr\/wp-json\/wp\/v2\/posts\/186854","targetHints":{"allow":["GET"]}}],"collection":[{"href":"https:\/\/www.europesays.com\/fr\/wp-json\/wp\/v2\/posts"}],"about":[{"href":"https:\/\/www.europesays.com\/fr\/wp-json\/wp\/v2\/types\/post"}],"author":[{"embeddable":true,"href":"https:\/\/www.europesays.com\/fr\/wp-json\/wp\/v2\/users\/2"}],"replies":[{"embeddable":true,"href":"https:\/\/www.europesays.com\/fr\/wp-json\/wp\/v2\/comments?post=186854"}],"version-history":[{"count":0,"href":"https:\/\/www.europesays.com\/fr\/wp-json\/wp\/v2\/posts\/186854\/revisions"}],"wp:featuredmedia":[{"embeddable":true,"href":"https:\/\/www.europesays.com\/fr\/wp-json\/wp\/v2\/media\/186855"}],"wp:attachment":[{"href":"https:\/\/www.europesays.com\/fr\/wp-json\/wp\/v2\/media?parent=186854"}],"wp:term":[{"taxonomy":"category","embeddable":true,"href":"https:\/\/www.europesays.com\/fr\/wp-json\/wp\/v2\/categories?post=186854"},{"taxonomy":"post_tag","embeddable":true,"href":"https:\/\/www.europesays.com\/fr\/wp-json\/wp\/v2\/tags?post=186854"}],"curies":[{"name":"wp","href":"https:\/\/api.w.org\/{rel}","templated":true}]}}