{"id":186874,"date":"2025-06-18T22:03:09","date_gmt":"2025-06-18T22:03:09","guid":{"rendered":"https:\/\/www.europesays.com\/fr\/186874\/"},"modified":"2025-06-18T22:03:09","modified_gmt":"2025-06-18T22:03:09","slug":"voici-nos-idees-de-soirees-et-concerts-a-ne-pas-manquer","status":"publish","type":"post","link":"https:\/\/www.europesays.com\/fr\/186874\/","title":{"rendered":"voici nos id\u00e9es de soir\u00e9es et concerts \u00e0 ne pas manquer\u00a0!"},"content":{"rendered":"<p>            Par<br \/>\n        <strong><br \/>\n            <a href=\"https:\/\/actu.fr\/auteur\/gabriel-kenedi\" title=\"Consulter tous les articles de Gabriel Kenedi\" rel=\"nofollow noopener\" target=\"_blank\">Gabriel Kenedi<\/a><br \/>\n        <\/strong><\/p>\n<p>        Publi\u00e9 le<\/p>\n<p>            18 juin 2025 \u00e0 20h00        <\/p>\n<p>Il va y en avoir de la musique dans les rues de la Ville rose ! Voici quelques (bonnes) id\u00e9es \u00e0 faire pour la f\u00eate de la musique \u00e0 Toulouse, samedi 21 juin 2025.\u00a0<\/p>\n<p>#1. Place du Capitole<\/p>\n<p class=\" wall-content\">Rendez-vous place du Capitole pour f\u00eater la musique avec Heaven Flow Group ! Au programme, un grand concert Gospel exceptionnel avec une ambiance de musiques urbaines en plein air.<\/p>\n<p>De 17h00 \u00e0 22h00, sur la place du Capitole.\u00a0<\/p>\n<p>#2. \u00c0 la Cartoucherie\u00a0<\/p>\n<p class=\" wall-content\">Le 21 juin, Les Halles de la Cartoucherie et La Tisseuse s\u2019associent pour vous faire d\u00e9couvrir deux p\u00e9pites locales : M\u00e9lys (indie-folk \/ rock) et Danger Zoo (rock). Une soir\u00e9e rock, gratuite et en ext\u00e9rieur (sur la place situ\u00e9e devant les Halles de la Cartoucherie) pour c\u00e9l\u00e9brer la musique et le d\u00e9but de l\u2019\u00e9t\u00e9 !<\/p>\n<p>De 20h \u00e0 22h. Gratuit.\u00a0<\/p>\n<p>#3. Au (Petit) Bikini\u00a0<\/p>\n<p class=\" wall-content\">La c\u00e9l\u00e8bre salle de spectacles organise une soir\u00e9e gratuite dans sa guinguette, le Petit Bikini. Au programme ? Un mix efficace et \u00e9clectique c\u00e9l\u00e9brant 42 ans de musique au Bikini. Petit plus ? La baignade est autoris\u00e9e. L\u2019entr\u00e9e est libre dans la limite des places disponibles.\u00a0<\/p>\n<p>Ouverture des portes : 18h. Au Petit Bikini, \u00e0 Ramonville. Gratuit.\u00a0<\/p>\n<p>#4. La R\u00e9union \u00e0 l\u2019honneur\u00a0<\/p>\n<p class=\" wall-content\">Chanteur r\u00e9unionnais de renom, Zanmari Bar\u00e9 a su porter la voix du Maloya sur la sc\u00e8ne internationale. Avec des albums couronn\u00e9s de succ\u00e8s, il fait rayonner une musique sensible, v\u00e9ritable ode \u00e0 l\u2019amour ! Pour aller le voir, c\u2019est \u00e0 la Maison Malep\u00e8re (guinguette estivale et transitoire) que \u00e7a se passe ! Et c\u2019est gratuit !\u00a0<\/p>\n<p>6 Rue Nouadhibou, 31400 Toulouse. De 18h \u00e0 23h. Gratuit.\u00a0<\/p>\n<p>#5. \u00c0 la Daurade\u00a0<\/p>\n<p class=\" wall-content\">Cette ann\u00e9e, Pyroliz revient aux P\u00eacheurs de Sable et s\u2019empare du Quai de la Daurade pour une F\u00eate de la Musique comme on les aime : en plein air, en mode d\u00e9tente, et surtout, pleine de bonnes vibes. Au programme ? Un cocktail musical \u00e9clectique, festif et 100 % gratuit !\u00a0<\/p>\n<p>De 17h \u00e0 0h30, aux P\u00eacheurs de Sable, quai de la Daurade. Gratuit.\u00a0<\/p>\n<p>#6. \u00c0 Arnaud-Bernard<\/p>\n<p class=\" wall-content\">Envie de fanfaronner ? Alors direction la place des Tiercerettes, o\u00f9 le Breughel organise une soir\u00e9e en ext\u00e9rieur, sur la place, avec plusieurs fanfares. La soir\u00e9e se poursuivra jusqu\u2019au bout de la nuit avec DJ No Breakfast.\u00a0<\/p>\n<p>De 19h \u00e0 minuit, place des Tiercerettes. Gratuit.\u00a0<\/p>\n<p>#7. \u00c0 Saint-Cyprien<\/p>\n<p class=\" wall-content\">Si vous choisissez de vous balader \u00e0 Saint-Cyprien pour la F\u00eate de la musique, on vous conseille vivement de faire un tour au Bistrot 12, qui organise une jolie soir\u00e9e avec le Bel Air Festival et Baccus Social Club. \u00c7a va groover derri\u00e8re les platines !\u00a0<\/p>\n<p>De 18 h \u00e0 1h, 12 place int\u00e9rieure Saint-Cyprien. Gratuit.<\/p>\n<p>#8. Aux Abattoirs<\/p>\n<p class=\" wall-content\">Rendez-vous dans la cour des Abattoirs pour un moment musical haut en couleurs avec la chorale Les Voix des Fiert\u00e9s. Leur r\u00e9pertoire a cappella m\u00eale pop, chanson fran\u00e7aise et classiques modernes, de Lil Nas X \u00e0 Brel, en passant par Clara Luciani et David Bowie. Un concert inclusif, accessible \u00e0 tous, dans une ambiance conviviale.<\/p>\n<p>De 16h \u00e0 18h, aux Abattoirs. Gratuit.\u00a0<\/p>\n<p>#9. \u00c0 Saint-Aubin\u00a0<\/p>\n<p class=\" wall-content\">Sur la place Saint-Aubin, Laissez-vous surprendre par un programme musical vari\u00e9 : Williams Brutus (reggae), Frantic Forms (garage rock), Moonless (pop rock), Jaccky Blbck et Sa\u00efko (hip hop) et Lerka Jo (rap fusion).<\/p>\n<p>18h00 \u00e0 00h00, place Saint-Aubin. Gratuit<\/p>\n<p>#10. \u00c0 la Halle de La Machine<\/p>\n<p class=\" wall-content\">Les 80 chanteuses et chanteurs du Ch\u0153ur de l\u2019Atelier Sonore montent le ton. \u00c2g\u00e9s de 7 \u00e0 77 ans, ils investissent la Halle de la Machine, sous la direction musicale de Jessie BrenacLitzinger et du compositeur et chef d\u2019orchestre de la Cie La Machine pour faire groover le bestiaire m\u00e9canique. Tout simplement enchanteur !<\/p>\n<p>Samedi 21 juin de 10h \u00e0 18h. Ce temps fort est compris dans le billet d\u2019entr\u00e9e de la Halle de la Machine.<\/p>\n<p class=\" wall-content\">Suivez toute l\u2019actualit\u00e9 de vos villes et m\u00e9dias favoris en vous inscrivant \u00e0 <a href=\"https:\/\/moncompte.actu.fr\" title=\"D\u00e9couvez Mon Actu\" rel=\"nofollow noopener\" data-trk=\"{&quot;cta&quot;:{&quot;action&quot;:&quot;https:\\\/\\\/moncompte.actu.fr&quot;,&quot;category&quot;:&quot;mon compte&quot;,&quot;from&quot;:&quot;article footer&quot;,&quot;name&quot;:&quot;Mon actu&quot;,&quot;type&quot;:&quot;cta&quot;}}\" target=\"_blank\">Mon Actu<\/a>.<\/p>\n<ul class=\"ac-article-tag wall-content\">\n<li><a href=\"https:\/\/actu.fr\/tag\/fete-de-la-musique\" data-trk=\"{&quot;cta&quot;:{&quot;action&quot;:&quot;F\\u00eate de la musique&quot;,&quot;category&quot;:&quot;tag&quot;,&quot;from&quot;:&quot;article footer&quot;,&quot;name&quot;:&quot;F\\u00eate de la musique&quot;,&quot;type&quot;:&quot;cta&quot;}}\" rel=\"nofollow noopener\" target=\"_blank\">#F\u00eate de la musique<\/a><\/li>\n<li><a href=\"https:\/\/actu.fr\/tag\/sortir-a-toulouse\" data-trk=\"{&quot;cta&quot;:{&quot;action&quot;:&quot;Sortir \\u00e0 Toulouse&quot;,&quot;category&quot;:&quot;tag&quot;,&quot;from&quot;:&quot;article footer&quot;,&quot;name&quot;:&quot;Sortir \\u00e0 Toulouse&quot;,&quot;type&quot;:&quot;cta&quot;}}\" rel=\"nofollow noopener\" target=\"_blank\">#Sortir \u00e0 Toulouse<\/a><\/li>\n<\/ul>\n","protected":false},"excerpt":{"rendered":"Par Gabriel Kenedi Publi\u00e9 le 18 juin 2025 \u00e0 20h00 Il va y en avoir de la musique&hellip;\n","protected":false},"author":2,"featured_media":186875,"comment_status":"","ping_status":"","sticky":false,"template":"","format":"standard","meta":{"footnotes":""},"categories":[2816],"tags":[1111,11,1777,674,25885,1011,27,1652,12,2680,25,1341,2312],"class_list":{"0":"post-186874","1":"post","2":"type-post","3":"status-publish","4":"format-standard","5":"has-post-thumbnail","7":"category-toulouse","8":"tag-actu","9":"tag-actualites","10":"tag-eu","11":"tag-europe","12":"tag-fete-de-la-musique","13":"tag-fr","14":"tag-france","15":"tag-loisirs-culture","16":"tag-news","17":"tag-occitanie","18":"tag-republique-francaise","19":"tag-sortir-a-toulouse","20":"tag-toulouse"},"share_on_mastodon":{"url":"https:\/\/pubeurope.com\/@fr\/114706632120522679","error":""},"_links":{"self":[{"href":"https:\/\/www.europesays.com\/fr\/wp-json\/wp\/v2\/posts\/186874","targetHints":{"allow":["GET"]}}],"collection":[{"href":"https:\/\/www.europesays.com\/fr\/wp-json\/wp\/v2\/posts"}],"about":[{"href":"https:\/\/www.europesays.com\/fr\/wp-json\/wp\/v2\/types\/post"}],"author":[{"embeddable":true,"href":"https:\/\/www.europesays.com\/fr\/wp-json\/wp\/v2\/users\/2"}],"replies":[{"embeddable":true,"href":"https:\/\/www.europesays.com\/fr\/wp-json\/wp\/v2\/comments?post=186874"}],"version-history":[{"count":0,"href":"https:\/\/www.europesays.com\/fr\/wp-json\/wp\/v2\/posts\/186874\/revisions"}],"wp:featuredmedia":[{"embeddable":true,"href":"https:\/\/www.europesays.com\/fr\/wp-json\/wp\/v2\/media\/186875"}],"wp:attachment":[{"href":"https:\/\/www.europesays.com\/fr\/wp-json\/wp\/v2\/media?parent=186874"}],"wp:term":[{"taxonomy":"category","embeddable":true,"href":"https:\/\/www.europesays.com\/fr\/wp-json\/wp\/v2\/categories?post=186874"},{"taxonomy":"post_tag","embeddable":true,"href":"https:\/\/www.europesays.com\/fr\/wp-json\/wp\/v2\/tags?post=186874"}],"curies":[{"name":"wp","href":"https:\/\/api.w.org\/{rel}","templated":true}]}}