{"id":186880,"date":"2025-06-18T22:06:12","date_gmt":"2025-06-18T22:06:12","guid":{"rendered":"https:\/\/www.europesays.com\/fr\/186880\/"},"modified":"2025-06-18T22:06:12","modified_gmt":"2025-06-18T22:06:12","slug":"pres-de-marseille-la-baignade-dans-letang-de-berre-encore-interdite-voici-jusqua-quand","status":"publish","type":"post","link":"https:\/\/www.europesays.com\/fr\/186880\/","title":{"rendered":"Pr\u00e8s de Marseille. La baignade dans l&rsquo;\u00e9tang de Berre encore interdite : voici jusqu&rsquo;\u00e0 quand"},"content":{"rendered":"<p>            Par<br \/>\n        <strong><br \/>\n            <a href=\"https:\/\/actu.fr\/auteur\/fabien-binacchi\" title=\"Consulter tous les articles de Fabien Binacchi\" target=\"_blank\" rel=\"noopener\">Fabien Binacchi<\/a><br \/>\n        <\/strong><\/p>\n<p>        Publi\u00e9 le<\/p>\n<p>            18 juin 2025 \u00e0 23h27        <\/p>\n<p>L\u2019\u00e9tang de Berre reste une zone d\u2019exclusion. Apr\u00e8s le violent incendie qui a touch\u00e9 une usine de traitement de d\u00e9chets dangereux, ce samedi 14\u00a0juin 2025, \u00e0 <a href=\"https:\/\/actu.fr\/provence-alpes-cote-d-azur\/rognac_13081\" target=\"_blank\" rel=\"noopener\">Rognac<\/a>, pr\u00e8s de <a href=\"https:\/\/actu.fr\/marseille\/\" target=\"_blank\" rel=\"noopener\">Marseille<\/a>, la pr\u00e9fecture des <a href=\"https:\/\/actu.fr\/provence-alpes-cote-d-azur\/bouches-du-rhone_13\" target=\"_blank\" rel=\"noopener\">Bouches-du-Rh\u00f4ne<\/a> renouvelle ses arr\u00eat\u00e9s d\u2019interdiction, de baignade et de p\u00eache notamment. Pris d\u00e8s le lendemain du sinistre \u00e0 cause d\u2019<strong>une \u00ab\u2009pollution\u2009\u00bb du plan d\u2019eau,<\/strong> et en vigueur jusqu\u2019\u00e0 ce mercredi soir, ils sont prolong\u00e9s, annoncent les Services de l\u2019\u00c9tat. Une d\u00e9cision prise <strong>\u00ab\u2009par principe de pr\u00e9caution\u2009\u00bb<\/strong> sur une dur\u00e9e limit\u00e9e.<\/p>\n<p>Jusqu\u2019au vendredi 20\u00a0juin \u00e0 minuit<\/p>\n<p class=\" wall-content\">Depuis ce dimanche 15\u00a0juin, la <strong>baignade<\/strong> et les <strong>activit\u00e9s nautiques<\/strong> mais aussi la <strong>p\u00eache professionnelle et de loisir<\/strong> ainsi que le <strong>ramassage<\/strong> et la <strong>consommation des coquillages<\/strong> sont interdits sur l\u2019\u00c9tang de Berre. C\u2019est une cons\u00e9quence de l\u2019incendie qui a mobilis\u00e9 un important dispositif de secours dans des installations de Spur environnement.<\/p>\n<p class=\" wall-content\">Class\u00e9 Seveso, le site sensible de Rognac, sp\u00e9cialiste du traitement des \u00ab\u2009d\u00e9chets dangereux\u2009\u00bb et notamment des <strong>\u00ab\u2009pots de peinture, solvants, a\u00e9rosols\u2009\u00bb<\/strong>, est situ\u00e9e \u00e0 seulement 500m de la lagune. Et \u00ab\u2009les eaux d\u2019extinction, [qui] transportent potentiellement les substances pr\u00e9sentes dans les d\u00e9chets stock\u00e9s [\u2026], n\u2019ont pu \u00eatre totalement contenues par le bassin de r\u00e9tention de l\u2019exploitant\u2009\u00bb, rappelle la pr\u00e9fecture.<\/p>\n<p class=\" wall-content\">Ces arr\u00eat\u00e9s, <strong>en vigueur sur tout le plan d\u2019eau,<\/strong> jusqu\u2019\u00e0 ce mercredi 18\u00a0juin minuit, sont prolong\u00e9s jusqu\u2019au vendredi 20\u00a0juin minuit, annoncent les services de l\u2019\u00c9tat.<\/p>\n<blockquote class=\"ac-article-quote wall-content\">\n<p>Cela concerne dix communes du d\u00e9partement : Rognac, Berre, Saint-Chamas, Miramas, Istres, Saint-Mitre-Les-Remparts, Martigues, Ch\u00e2teauneuf-les-Martigues, Marignane et Vitrolles.<\/p>\n<p>    <strong>La pr\u00e9fecture des Bouches-du-Rh\u00f4ne<\/strong>\n            <\/p><\/blockquote>\n<p>Des polluants issus des d\u00e9chets\u2026 et des bact\u00e9ries\u2009?<\/p>\n<p class=\" wall-content\">Une d\u00e9cision prise \u00ab\u2009par principe de pr\u00e9caution, et malgr\u00e9 la <strong>dilution dans l\u2019\u00e9tang<\/strong> de ces substances potentiellement pr\u00e9sentes et les efforts d\u00e9ploy\u00e9s pour arr\u00eater l\u2019\u00e9coulement des eaux d\u2019extinction\u2009\u00bb, peut-on lire dans le texte sign\u00e9 par le pr\u00e9fet.<\/p>\n<p class=\" wall-content\">Les autorit\u00e9s \u00e9voquent \u00e9galement un autre type de pollution, \u00e9galement induit par l\u2019incendie. \u00ab\u2009La teneur en [bact\u00e9ries] <strong>E. coli<\/strong> au niveau de la zone isol\u00e9e par les barrages\u2009\u00bb, mis en place pour \u00e9viter l\u2019\u00e9coulement des eaux d\u2019extinction, pourrait faire craindre une \u00ab\u2009contamination potentiellement diffusable vers l\u2019\u00e9tang de Berre\u2009\u00bb, indiquent-elles.<\/p>\n<p class=\" wall-content\">Des r\u00e9sultats d\u2019<strong>analyses bact\u00e9riologiques<\/strong> dans la chair des coquillages sont attendus. En fonction de ces conclusions, les arr\u00eat\u00e9s pourraient \u00eatre \u00e0 nouveau renouvel\u00e9s.<\/p>\n<p class=\" wall-content\">Suivez toute l\u2019actualit\u00e9 de vos villes et m\u00e9dias favoris en vous inscrivant \u00e0 <a href=\"https:\/\/moncompte.actu.fr\" title=\"D\u00e9couvez Mon Actu\" rel=\"nofollow noopener\" data-trk=\"{&quot;cta&quot;:{&quot;action&quot;:&quot;https:\\\/\\\/moncompte.actu.fr&quot;,&quot;category&quot;:&quot;mon compte&quot;,&quot;from&quot;:&quot;article footer&quot;,&quot;name&quot;:&quot;Mon actu&quot;,&quot;type&quot;:&quot;cta&quot;}}\" target=\"_blank\">Mon Actu<\/a>.<\/p>\n","protected":false},"excerpt":{"rendered":"Par Fabien Binacchi Publi\u00e9 le 18 juin 2025 \u00e0 23h27 L\u2019\u00e9tang de Berre reste une zone d\u2019exclusion. Apr\u00e8s&hellip;\n","protected":false},"author":2,"featured_media":186881,"comment_status":"","ping_status":"","sticky":false,"template":"","format":"standard","meta":{"footnotes":""},"categories":[2814],"tags":[1111,11,1777,674,1011,27,1310,884,12,52,1800,882,25],"class_list":{"0":"post-186880","1":"post","2":"type-post","3":"status-publish","4":"format-standard","5":"has-post-thumbnail","7":"category-marseille","8":"tag-actu","9":"tag-actualites","10":"tag-eu","11":"tag-europe","12":"tag-fr","13":"tag-france","14":"tag-incendie","15":"tag-marseille","16":"tag-news","17":"tag-planete","18":"tag-pollution","19":"tag-provence-alpes-cote-dazur","20":"tag-republique-francaise"},"share_on_mastodon":{"url":"https:\/\/pubeurope.com\/@fr\/114706644062829347","error":""},"_links":{"self":[{"href":"https:\/\/www.europesays.com\/fr\/wp-json\/wp\/v2\/posts\/186880","targetHints":{"allow":["GET"]}}],"collection":[{"href":"https:\/\/www.europesays.com\/fr\/wp-json\/wp\/v2\/posts"}],"about":[{"href":"https:\/\/www.europesays.com\/fr\/wp-json\/wp\/v2\/types\/post"}],"author":[{"embeddable":true,"href":"https:\/\/www.europesays.com\/fr\/wp-json\/wp\/v2\/users\/2"}],"replies":[{"embeddable":true,"href":"https:\/\/www.europesays.com\/fr\/wp-json\/wp\/v2\/comments?post=186880"}],"version-history":[{"count":0,"href":"https:\/\/www.europesays.com\/fr\/wp-json\/wp\/v2\/posts\/186880\/revisions"}],"wp:featuredmedia":[{"embeddable":true,"href":"https:\/\/www.europesays.com\/fr\/wp-json\/wp\/v2\/media\/186881"}],"wp:attachment":[{"href":"https:\/\/www.europesays.com\/fr\/wp-json\/wp\/v2\/media?parent=186880"}],"wp:term":[{"taxonomy":"category","embeddable":true,"href":"https:\/\/www.europesays.com\/fr\/wp-json\/wp\/v2\/categories?post=186880"},{"taxonomy":"post_tag","embeddable":true,"href":"https:\/\/www.europesays.com\/fr\/wp-json\/wp\/v2\/tags?post=186880"}],"curies":[{"name":"wp","href":"https:\/\/api.w.org\/{rel}","templated":true}]}}