{"id":186882,"date":"2025-06-18T22:07:14","date_gmt":"2025-06-18T22:07:14","guid":{"rendered":"https:\/\/www.europesays.com\/fr\/186882\/"},"modified":"2025-06-18T22:07:14","modified_gmt":"2025-06-18T22:07:14","slug":"marseille-et-ses-villes-jumelles-decouvrez-tous-les-jumelages-officiels","status":"publish","type":"post","link":"https:\/\/www.europesays.com\/fr\/186882\/","title":{"rendered":"Marseille et ses villes jumelles : d\u00e9couvrez tous les jumelages officiels"},"content":{"rendered":"<p>Je parcourais le Vieux-Port quand une pancarte de signal\u00e9tique urbaine a attir\u00e9 mon attention : \u00ab\u00a0Glasgow, 1871 km\u00a0\u00bb. Un rappel du lien qui unit notre cit\u00e9 phoc\u00e9enne \u00e0 cette <strong>ville \u00e9cossaise jumel\u00e9e avec Marseille<\/strong> depuis 2006. Cette d\u00e9couverte m\u2019a donn\u00e9 envie d\u2019examiner plus en profondeur les relations internationales que ma ville entretient avec le monde.<\/p>\n<p>Les partenariats historiques et r\u00e9cents de Marseille avec ses villes jumelles<\/p>\n<p>Marseille a tiss\u00e9 son premier r\u00e9seau de coop\u00e9ration internationale d\u00e8s 1958, ann\u00e9e fondatrice qui vit na\u00eetre cinq jumelages simultan\u00e9s. J\u2019ai \u00e9t\u00e9 impressionn\u00e9 d\u2019apprendre que notre ville compte aujourd\u2019hui 16 <strong>villes jumelles r\u00e9parties sur quatre continents<\/strong>, positionnant notre territoire comme l\u2019un des plus actifs en mati\u00e8re de politique municipale internationale en France.<\/p>\n<p>Les premiers jumelages fondateurs (1958-1980)<\/p>\n<p>La premi\u00e8re vague d\u2019accords de jumelage a dessin\u00e9 les contours d\u2019une vision m\u00e9diterran\u00e9enne et europ\u00e9enne. Abidjan, Anvers, Copenhague, G\u00eanes, Ha\u00effa et Hambourg ont inaugur\u00e9 cette d\u00e9marche d\u2019ouverture. Puis Kobe au Japon (1961), Dakar au S\u00e9n\u00e9gal (1968) et Odessa en Ukraine (1972) ont \u00e9largi le cercle des partenariats strat\u00e9giques. Ces alliances r\u00e9pondaient parfaitement \u00e0 la philosophie d\u00e9finie par Jean Bareth, pour qui un jumelage symbolise la rencontre entre deux communes qui confrontent leurs probl\u00e8mes et d\u00e9veloppent des liens d\u2019amiti\u00e9 durables.<\/p>\n<p>Les jumelages r\u00e9cents et leur signification pour Marseille (apr\u00e8s 2000)<\/p>\n<ul>\n<li>Marrakech (2004) : renforcement des liens avec le Maghreb<\/li>\n<li>Glasgow (2006) : partenariat culturel et \u00e9conomique avec l\u2019\u00c9cosse<\/li>\n<li>Naples (2024) : alliance entre deux ports m\u00e9diterran\u00e9ens historiques<\/li>\n<li>Erevan (vote en 2024) : renouvellement d\u2019un partenariat datant des ann\u00e9es 1990<\/li>\n<\/ul>\n<p>Coop\u00e9ration portuaire et populaire : des d\u00e9fis urbains partag\u00e9s<\/p>\n<p>En d\u00e9ambulant sur le J4 face \u00e0 la M\u00e9diterran\u00e9e, je comprends mieux pourquoi Marseille privil\u00e9gie les jumelages avec d\u2019autres cit\u00e9s portuaires. Notre ville partage avec Naples, Hambourg, Le Pir\u00e9e, Shanghai et G\u00eanes un <strong>patrimoine fa\u00e7onn\u00e9 par l\u2019activit\u00e9 maritime et le commerce international<\/strong>. Ces villes-s\u0153urs travaillent ensemble sur des probl\u00e9matiques communes comme la r\u00e9habilitation des friches portuaires.<\/p>\n<p>Des ports m\u00e9diterran\u00e9ens aux ports mondiaux<\/p>\n<p>L\u2019accord entre le Grand Port Maritime de Marseille et l\u2019Autorit\u00e9 Portuaire de Hambourg illustre cette dimension technique des partenariats. De m\u00eame, le dialogue entre Eurom\u00e9diterran\u00e9e et HafenCity renforce le d\u00e9veloppement territorial commun. Ces coop\u00e9rations d\u00e9passent la simple amiti\u00e9 pour aborder des enjeux industriels concrets.<\/p>\n<p>Gestion des d\u00e9fis urbains contemporains entre villes portuaires<\/p>\n<p>Ces villes partagent \u00e9galement une forte identit\u00e9 populaire et des d\u00e9fis sociaux similaires. La lutte contre l\u2019habitat indigne constitue un axe prioritaire du r\u00e9cent jumelage avec Naples, tout en gardant ce petit accent chantant qui nous rassemble, cousin de notre accent marseillais!<\/p>\n<p><img loading=\"lazy\" width=\"1344\" height=\"896\" decoding=\"async\" src=\"data:image\/svg+xml,%3Csvg%20xmlns=\" http:=\"\" alt=\"Vue panoramique d'une rue italienne ensoleill\u00e9e avec balcons color\u00e9s\" data-lazy-src=\"https:\/\/www.europesays.com\/fr\/wp-content\/uploads\/2025\/06\/rues_pittoresques_de_syracuse_sicile_7356.jpg\"\/><\/p>\n<p>Enjeux climatiques et touristiques dans les coop\u00e9rations marseillaises<\/p>\n<p>Face au mistral qui souffle aujourd\u2019hui, je pense aux d\u00e9fis environnementaux que Marseille partage avec ses partenaires internationaux. La r\u00e9silience climatique figure d\u00e9sormais en t\u00eate des accords r\u00e9cents.<\/p>\n<p>Face au r\u00e9chauffement climatique : strat\u00e9gies partag\u00e9es<\/p>\n<ol>\n<li>\u00c9change de bonnes pratiques en gestion de l\u2019eau<\/li>\n<li>Pr\u00e9vention des risques naturels (incendies, inondations)<\/li>\n<li>Protection du patrimoine naturel c\u00f4tier<\/li>\n<li>Innovation technologique pour des villes durables<\/li>\n<\/ol>\n<p>\u00c9quilibrer attractivit\u00e9 touristique et pr\u00e9servation de l\u2019identit\u00e9 locale<\/p>\n<p>Le succ\u00e8s touristique du partenariat avec Shanghai a d\u00e9montr\u00e9 l\u2019impact \u00e9conomique positif de ces coop\u00e9rations. Plus d\u2019un million de visiteurs chinois en 2016! Mais comment g\u00e9rer ces flux sans d\u00e9naturer nos quartiers? C\u2019est tout l\u2019enjeu des <strong>\u00e9changes d\u2019exp\u00e9riences entre villes touristiques m\u00e9diterran\u00e9ennes<\/strong> qui cherchent \u00e0 pr\u00e9server leur \u00e2me tout en restant ouvertes sur le monde.<\/p>\n<p><img loading=\"lazy\" decoding=\"async\" width=\"150\" height=\"150\" src=\"data:image\/svg+xml,%3Csvg%20xmlns=\" http:=\"\" class=\"attachment-150x150 size-150x150\" alt=\"\" itemprop=\"image\" data-lazy- data-lazy- data-lazy-src=\"https:\/\/www.europesays.com\/fr\/wp-content\/uploads\/2025\/04\/img2-150x150.png\"\/><\/p>\n<p>Je suis Adrien, r\u00e9dacteur virtuel depuis quelques ann\u00e9es. J&rsquo;aime pouvoir partager avec vous les tendances Lifestyle sur le blog News Of Marseille. J&rsquo;esp\u00e8re que vous prendrez plaisir \u00e0 lire mes articles !<\/p>\n<p>Partagez l&rsquo;article ou suivez nous !<\/p>\n<p>\n\tNos images sont \u00e0 but illustratif et peuvent ne pas repr\u00e9senter la r\u00e9alit\u00e9<\/p>\n","protected":false},"excerpt":{"rendered":"Je parcourais le Vieux-Port quand une pancarte de signal\u00e9tique urbaine a attir\u00e9 mon attention : \u00ab\u00a0Glasgow, 1871 km\u00a0\u00bb.&hellip;\n","protected":false},"author":2,"featured_media":186883,"comment_status":"","ping_status":"","sticky":false,"template":"","format":"standard","meta":{"footnotes":""},"categories":[2814],"tags":[1111,11,1777,674,1011,27,884,12,882,2543,25,32464],"class_list":{"0":"post-186882","1":"post","2":"type-post","3":"status-publish","4":"format-standard","5":"has-post-thumbnail","7":"category-marseille","8":"tag-actu","9":"tag-actualites","10":"tag-eu","11":"tag-europe","12":"tag-fr","13":"tag-france","14":"tag-marseille","15":"tag-news","16":"tag-provence-alpes-cote-dazur","17":"tag-relations-internationales","18":"tag-republique-francaise","19":"tag-villes-jumelles"},"share_on_mastodon":{"url":"https:\/\/pubeurope.com\/@fr\/114706647937428288","error":""},"_links":{"self":[{"href":"https:\/\/www.europesays.com\/fr\/wp-json\/wp\/v2\/posts\/186882","targetHints":{"allow":["GET"]}}],"collection":[{"href":"https:\/\/www.europesays.com\/fr\/wp-json\/wp\/v2\/posts"}],"about":[{"href":"https:\/\/www.europesays.com\/fr\/wp-json\/wp\/v2\/types\/post"}],"author":[{"embeddable":true,"href":"https:\/\/www.europesays.com\/fr\/wp-json\/wp\/v2\/users\/2"}],"replies":[{"embeddable":true,"href":"https:\/\/www.europesays.com\/fr\/wp-json\/wp\/v2\/comments?post=186882"}],"version-history":[{"count":0,"href":"https:\/\/www.europesays.com\/fr\/wp-json\/wp\/v2\/posts\/186882\/revisions"}],"wp:featuredmedia":[{"embeddable":true,"href":"https:\/\/www.europesays.com\/fr\/wp-json\/wp\/v2\/media\/186883"}],"wp:attachment":[{"href":"https:\/\/www.europesays.com\/fr\/wp-json\/wp\/v2\/media?parent=186882"}],"wp:term":[{"taxonomy":"category","embeddable":true,"href":"https:\/\/www.europesays.com\/fr\/wp-json\/wp\/v2\/categories?post=186882"},{"taxonomy":"post_tag","embeddable":true,"href":"https:\/\/www.europesays.com\/fr\/wp-json\/wp\/v2\/tags?post=186882"}],"curies":[{"name":"wp","href":"https:\/\/api.w.org\/{rel}","templated":true}]}}