{"id":186890,"date":"2025-06-18T22:11:11","date_gmt":"2025-06-18T22:11:11","guid":{"rendered":"https:\/\/www.europesays.com\/fr\/186890\/"},"modified":"2025-06-18T22:11:11","modified_gmt":"2025-06-18T22:11:11","slug":"les-chasseurs-ont-du-coeur-signature-de-la-convention-dile-de-france-avec-la-banque-alimentaire-et-les-representants-de-la-chasse-regionale","status":"publish","type":"post","link":"https:\/\/www.europesays.com\/fr\/186890\/","title":{"rendered":"Les Chasseurs ont du c\u0153ur\u00a0: signature de la convention d\u2019Ile de France avec la banque alimentaire et les repr\u00e9sentants de la chasse r\u00e9gionale"},"content":{"rendered":"<p itemprop=\"description\">C\u2019est lors du Game Fair que les repr\u00e9sentants des chasseurs d\u2019Ile de France ont sign\u00e9 une convention pour l\u2019op\u00e9ration \u00ab\u00a0 Les Chasseurs ont du c\u0153ur\u00a0\u00bb avec la f\u00e9d\u00e9ration Fran\u00e7aise des Banques Alimentaire<\/p>\n<p>Initi\u00e9e en 2013 par InterProchasse, l\u2019op\u00e9ration Les Chasseurs ont du C\u0153ur prend de l\u2019ampleur ces derni\u00e8res ann\u00e9es. Depuis la cr\u00e9ation de cette op\u00e9ration, l\u2019organisation interprofessionnelle de la fili\u00e8re Gibier de Chasse s\u2019est engag\u00e9e \u00e0 offrir de la viande de gibier au r\u00e9seau des Banques Alimentaires lors des f\u00eates de fin d\u2019ann\u00e9e. Cette op\u00e9ration a fait \u00ab tache d\u2019huile \u00bb et f\u00e9d\u00e8re d\u2019autres structures, unies par des valeurs de partage et de solidarit\u00e9.<\/p>\n<p>     <strong>\u00ab\u00a0 Les Chasseurs ont du C\u0153ur\u00a0\u00bb\u00a0: encore plus de g\u00e9n\u00e9rosit\u00e9 gr\u00e2ce aux chasseurs d\u2019Ile de France et de Seine et Marne.<\/strong>  <\/p>\n<p>En 2023 la <a href=\"https:\/\/www.ficif.com\/\" target=\"_blank\" rel=\"noopener\">FICIF<\/a> rejoint l\u2019op\u00e9ration. L\u2019ann\u00e9e suivante ce sont la <a href=\"https:\/\/frc-ile-de-france.fr\/\" target=\"_blank\" rel=\"noopener\">F\u00e9d\u00e9ration R\u00e9gionale d\u2019\u00eele de France<\/a> et la F\u00e9d\u00e9ration D\u00e9partementale des <a href=\"https:\/\/www.fdc77.fr\/\" target=\"_blank\" rel=\"noopener\">Chasseurs de Seine et Marne<\/a> qui compl\u00e8tent le dispositif.<\/p>\n<p>Une solidarit\u00e9 exemplaire s\u2019est exprim\u00e9e en d\u00e9cembre 2024. Lors de la premi\u00e8re \u00e9dition r\u00e9gionale de l\u2019op\u00e9ration \u00ab Les Chasseurs ont du C\u0153ur \u00bb. Organis\u00e9e au si\u00e8ge de la Fondation de l\u2019Arm\u00e9e du Salut \u00e0 Paris. Gr\u00e2ce \u00e0 la mobilisation des 32 000 chasseurs et des 3 200 territoires de chasse de la r\u00e9gion, ce projet in\u00e9dit a permis d\u2019offrir 10 000 \u00e9quivalents repas aux Banques Alimentaires de Paris et d\u2019<a href=\"https:\/\/www.lechasseurfrancais.com\/chasse\/les-chasseurs-ont-du-coeur-en-ile-de-france-87188.html\" target=\"_blank\" rel=\"noopener\">\u00cele-de-France<\/a>. Pour la prochaine \u00e9dition, les 3 F\u00e9d\u00e9rations et InterProchasse renouvellent cette mobilisation. En l\u2019amplifiant m\u00eame. Puisque ce sont non pas 10 000 mais 15 000 \u00e9quivalents repas qui vont \u00eatre offert aux plus d\u00e9munis.\u00a0 Et quel lieu plus embl\u00e9matique que le Game Fair pouvait servir d\u2019\u00e9crin pour la signature de cette convention.<\/p>\n<p>En photo, les signataires Jean-Christophe CHASTANG, Pr\u00e9sident d\u2019 InterProchasse. Beno\u00eet CHEVRON, Pr\u00e9sident de la F\u00e9d\u00e9ration R\u00e9gionale des Chasseurs d\u2019Ile-de-France et de la FDC 77. Philippe WAGUET, Pr\u00e9sident de la F\u00e9d\u00e9ration Interd\u00e9partementale \u00a0des chasseurs d\u2019\u00cele-de-France et Bruno JARRY, repr\u00e9sentant de la F\u00e9d\u00e9ration Fran\u00e7aise des Banques Alimentaires<\/p>\n","protected":false},"excerpt":{"rendered":"C\u2019est lors du Game Fair que les repr\u00e9sentants des chasseurs d\u2019Ile de France ont sign\u00e9 une convention pour&hellip;\n","protected":false},"author":2,"featured_media":186891,"comment_status":"","ping_status":"","sticky":false,"template":"","format":"standard","meta":{"footnotes":""},"categories":[1592],"tags":[1111,11,13194,3396,523,4183,7907,6521,4963,1805,32465,3029,12219,1777,674,1011,27,662,4743,151,12,2537,626,17878,32009,25,13040],"class_list":{"0":"post-186890","1":"post","2":"type-post","3":"status-publish","4":"format-standard","5":"has-post-thumbnail","7":"category-ile-de-france","8":"tag-actu","9":"tag-actualites","10":"tag-alimentaire","11":"tag-avec","12":"tag-banque","13":"tag-chasse","14":"tag-chasseurs","15":"tag-coeur","16":"tag-convention","17":"tag-de","18":"tag-dile","19":"tag-du","20":"tag-et","21":"tag-eu","22":"tag-europe","23":"tag-fr","24":"tag-france","25":"tag-ile-de-france","26":"tag-la","27":"tag-les","28":"tag-news","29":"tag-ont","30":"tag-paris","31":"tag-regionale","32":"tag-representants","33":"tag-republique-francaise","34":"tag-signature"},"share_on_mastodon":{"url":"https:\/\/pubeurope.com\/@fr\/114706663714329556","error":""},"_links":{"self":[{"href":"https:\/\/www.europesays.com\/fr\/wp-json\/wp\/v2\/posts\/186890","targetHints":{"allow":["GET"]}}],"collection":[{"href":"https:\/\/www.europesays.com\/fr\/wp-json\/wp\/v2\/posts"}],"about":[{"href":"https:\/\/www.europesays.com\/fr\/wp-json\/wp\/v2\/types\/post"}],"author":[{"embeddable":true,"href":"https:\/\/www.europesays.com\/fr\/wp-json\/wp\/v2\/users\/2"}],"replies":[{"embeddable":true,"href":"https:\/\/www.europesays.com\/fr\/wp-json\/wp\/v2\/comments?post=186890"}],"version-history":[{"count":0,"href":"https:\/\/www.europesays.com\/fr\/wp-json\/wp\/v2\/posts\/186890\/revisions"}],"wp:featuredmedia":[{"embeddable":true,"href":"https:\/\/www.europesays.com\/fr\/wp-json\/wp\/v2\/media\/186891"}],"wp:attachment":[{"href":"https:\/\/www.europesays.com\/fr\/wp-json\/wp\/v2\/media?parent=186890"}],"wp:term":[{"taxonomy":"category","embeddable":true,"href":"https:\/\/www.europesays.com\/fr\/wp-json\/wp\/v2\/categories?post=186890"},{"taxonomy":"post_tag","embeddable":true,"href":"https:\/\/www.europesays.com\/fr\/wp-json\/wp\/v2\/tags?post=186890"}],"curies":[{"name":"wp","href":"https:\/\/api.w.org\/{rel}","templated":true}]}}