{"id":186898,"date":"2025-06-18T22:15:20","date_gmt":"2025-06-18T22:15:20","guid":{"rendered":"https:\/\/www.europesays.com\/fr\/186898\/"},"modified":"2025-06-18T22:15:20","modified_gmt":"2025-06-18T22:15:20","slug":"demantelement-dun-reseau-bosnien-de-voleurs-dans-le-metro-parisien","status":"publish","type":"post","link":"https:\/\/www.europesays.com\/fr\/186898\/","title":{"rendered":"d\u00e9mant\u00e8lement d\u2019un r\u00e9seau bosnien de voleurs dans le m\u00e9tro parisien"},"content":{"rendered":"<p>Ce r\u00e9seau est notamment accus\u00e9 de traite d\u2019\u00eatre humains \u00e0 l\u2019\u00e9gard de mineurs en bande organis\u00e9e. Deux douzaines d\u2019entre eux ont \u00e9t\u00e9 arr\u00eat\u00e9s et plac\u00e9s dans des foyers.<\/p>\n<p class=\"fig-paragraph\">Un\u00a0<a href=\"http:\/\/www.lefigaro.fr\/faits-divers\/un-reseau-albanais-de-cambrioleurs-specialises-dans-les-celebrites-et-le-luxe-demantele-20250309\" data-fig-type=\"NewsFlash\" data-gtm-custom-categorie=\"navigation\" data-gtm-custom-action=\"crossclick\" data-gtm-custom-label=\"Contextuel\" data-gtm-event=\"customEventSPE\" data-fig-domain=\"LEFIGARO\" target=\"_blank\" rel=\"noopener\">r\u00e9seau de voleurs<\/a>\u00a0pr\u00e9sum\u00e9s dans\u00a0<a href=\"http:\/\/www.lefigaro.fr\/actualite-france\/les-vols-et-violences-ont-baisse-dans-les-transports-en-commun-en-france-en-2023-20240911\" data-fig-type=\"NewsFlash\" data-gtm-custom-categorie=\"navigation\" data-gtm-custom-action=\"crossclick\" data-gtm-custom-label=\"Contextuel\" data-gtm-event=\"customEventSPE\" data-fig-domain=\"LEFIGARO\" target=\"_blank\" rel=\"noopener\">le m\u00e9tro parisien<\/a>\u00a0a \u00e9t\u00e9 d\u00e9mantel\u00e9 ces derniers jours avec plusieurs personnes \u00e9crou\u00e9es tandis que des mineurs, forc\u00e9s \u00e0 voler, ont \u00e9t\u00e9 mis \u00e0 l&rsquo;abri, a appris l&rsquo;AFP mercredi de sources proches du dossier. Selon l&rsquo;une de ces sources, une vingtaine de personnes, principalement des femmes, n\u00e9es entre 1960 et 2005 et presque toutes de nationalit\u00e9 bosnienne, ont \u00e9t\u00e9 interpell\u00e9es entre samedi et mardi en France. L&rsquo;enqu\u00eate, men\u00e9e \u00e0 Paris et confi\u00e9e \u00e0 la Brigade de protection des mineurs (BPM), porte notamment sur les infractions de traite d&rsquo;\u00eatres humains \u00e0 l&rsquo;\u00e9gard de mineurs en bande organis\u00e9e ou encore association de malfaiteurs.<\/p>\n<p class=\"fig-paragraph\">Deux douzaines de mineurs ont \u00e9t\u00e9 mis \u00e0 l&rsquo;abri dans des foyers, selon cette m\u00eame source, mais selon une autre, ils se sont rapidement enfuis. Cette deuxi\u00e8me source a pr\u00e9cis\u00e9 que ce r\u00e9seau, dont les membres appartiendraient \u00e0 la minorit\u00e9 rom, est notamment suspect\u00e9 d&rsquo;avoir \u0153uvr\u00e9, au moins depuis 2022, dans le m\u00e9tro parisien, notamment sur la ligne 1, qui traverse Paris d&rsquo;est en ouest et relie plusieurs sites touristiques, dont les Champs-\u00c9lys\u00e9es. Le pr\u00e9judice a \u00e9t\u00e9 \u00e9valu\u00e9 \u00e0 500.000 euros.<\/p>\n<p class=\"fig-paragraph\">Selon une source polici\u00e8re, l&rsquo;enqu\u00eate a d\u00e9marr\u00e9 en ao\u00fbt 2024 apr\u00e8s l&rsquo;interpellation de 12 voleurs mineurs dans le m\u00e9tro par la BPM. Elle aurait mis au jour un r\u00e9seau communautaire international compos\u00e9 de plusieurs familles qui for\u00e7ait des enfants \u00e0 voler dans le m\u00e9tro parisien, mais \u00e9galement dans toute la France, ainsi qu&rsquo;en Belgique, en Allemagne et en Autriche. Mardi, une dizaine de suspects ont \u00e9t\u00e9 pr\u00e9sent\u00e9s \u00e0 des magistrats instructeurs et plusieurs ont \u00e9t\u00e9 mis en examen puis \u00e9crou\u00e9s. Sollicit\u00e9, Me Simon Olivennes, avocat d&rsquo;un homme accus\u00e9 d&rsquo;\u00eatre l&rsquo;un des chefs du r\u00e9seau, n&rsquo;a pas souhait\u00e9 commenter.<\/p>\n<p>Ces r\u00e9seaux r\u00e9duisent \u00abces enfants en esclavage\u00bb<\/p>\n<p class=\"fig-paragraph\">\u00abDans ce dossier sont mises en examen des femmes (&#8230;) qui reproduisent un syst\u00e8me qu&rsquo;on a ancr\u00e9 dans leur peau sans se poser de questions sur ce qu&rsquo;elles voudraient vraiment\u00bb, a comment\u00e9 Me Maxence Gallo, avocate d&rsquo;une femme \u00e9crou\u00e9e, suspect\u00e9e d&rsquo;avoir eu un r\u00f4le interm\u00e9diaire. \u00abMa cliente a quitt\u00e9 l&rsquo;\u00e9cole en CM2 et vagabonde depuis l&rsquo;\u00e2ge de 12 ans\u00bb, a indiqu\u00e9 de son c\u00f4t\u00e9 Me Reda Ghilaci. \u00abElle est elle-m\u00eame victime par ricochet d&rsquo;un syst\u00e8me d&rsquo;exploitation\u00bb. La source polici\u00e8re a pr\u00e9cis\u00e9 que deux chefs de clan ont en outre \u00e9t\u00e9 plac\u00e9s mardi en garde \u00e0 vue en Bosnie-Herz\u00e9govine.<\/p>\n<p class=\"fig-paragraph\">Interrog\u00e9, le parquet f\u00e9d\u00e9ral bosnien a renvoy\u00e9 vers un communiqu\u00e9 de la police f\u00e9d\u00e9rale du pays qui a confirm\u00e9 que deux hommes de Sarajevo, A.S., n\u00e9 en 1998, et A.K., n\u00e9 en 1993, ont \u00e9t\u00e9 arr\u00eat\u00e9s pour incitation internationale \u00e0 la prostitution. Au Parisien, la procureure de Paris Laure Beccuau a indiqu\u00e9 que cette affaire \u00abillustre la volont\u00e9 (de son) parquet d&rsquo;ouvrir des enqu\u00eates \u00e0 long terme afin d&rsquo;identifier et de neutraliser les t\u00eates de ces r\u00e9seaux criminels qui sont derri\u00e8re les activit\u00e9s de ces mineurs\u00bb. \u00abCes clans criminels ont r\u00e9duit ces enfants en esclavage pour les forcer \u00e0 voler\u00bb, a-t-elle ajout\u00e9.<\/p>\n","protected":false},"excerpt":{"rendered":"Ce r\u00e9seau est notamment accus\u00e9 de traite d\u2019\u00eatre humains \u00e0 l\u2019\u00e9gard de mineurs en bande organis\u00e9e. Deux douzaines&hellip;\n","protected":false},"author":2,"featured_media":186899,"comment_status":"","ping_status":"","sticky":false,"template":"","format":"standard","meta":{"footnotes":""},"categories":[1888],"tags":[1111,47,11,32454,1109,1112,1777,674,118,1108,107,1106,1107,1011,27,1110,1114,14,4047,12,1113,626,316,25],"class_list":{"0":"post-186898","1":"post","2":"type-post","3":"status-publish","4":"format-standard","5":"has-post-thumbnail","7":"category-paris","8":"tag-actu","9":"tag-actualite","10":"tag-actualites","11":"tag-bosnie","12":"tag-breves","13":"tag-depeches","14":"tag-eu","15":"tag-europe","16":"tag-faits-divers","17":"tag-fil","18":"tag-fil-info","19":"tag-flash","20":"tag-flash-actu","21":"tag-fr","22":"tag-france","23":"tag-informations","24":"tag-infos","25":"tag-international","26":"tag-metro","27":"tag-news","28":"tag-nouvelles","29":"tag-paris","30":"tag-politique","31":"tag-republique-francaise"},"share_on_mastodon":{"url":"https:\/\/pubeurope.com\/@fr\/114706679385148192","error":""},"_links":{"self":[{"href":"https:\/\/www.europesays.com\/fr\/wp-json\/wp\/v2\/posts\/186898","targetHints":{"allow":["GET"]}}],"collection":[{"href":"https:\/\/www.europesays.com\/fr\/wp-json\/wp\/v2\/posts"}],"about":[{"href":"https:\/\/www.europesays.com\/fr\/wp-json\/wp\/v2\/types\/post"}],"author":[{"embeddable":true,"href":"https:\/\/www.europesays.com\/fr\/wp-json\/wp\/v2\/users\/2"}],"replies":[{"embeddable":true,"href":"https:\/\/www.europesays.com\/fr\/wp-json\/wp\/v2\/comments?post=186898"}],"version-history":[{"count":0,"href":"https:\/\/www.europesays.com\/fr\/wp-json\/wp\/v2\/posts\/186898\/revisions"}],"wp:featuredmedia":[{"embeddable":true,"href":"https:\/\/www.europesays.com\/fr\/wp-json\/wp\/v2\/media\/186899"}],"wp:attachment":[{"href":"https:\/\/www.europesays.com\/fr\/wp-json\/wp\/v2\/media?parent=186898"}],"wp:term":[{"taxonomy":"category","embeddable":true,"href":"https:\/\/www.europesays.com\/fr\/wp-json\/wp\/v2\/categories?post=186898"},{"taxonomy":"post_tag","embeddable":true,"href":"https:\/\/www.europesays.com\/fr\/wp-json\/wp\/v2\/tags?post=186898"}],"curies":[{"name":"wp","href":"https:\/\/api.w.org\/{rel}","templated":true}]}}