{"id":186900,"date":"2025-06-18T22:16:10","date_gmt":"2025-06-18T22:16:10","guid":{"rendered":"https:\/\/www.europesays.com\/fr\/186900\/"},"modified":"2025-06-18T22:16:10","modified_gmt":"2025-06-18T22:16:10","slug":"vladimir-poutine-estime-que-le-rearmement-de-lotan-nest-pas-une-menace-pour-la-russie","status":"publish","type":"post","link":"https:\/\/www.europesays.com\/fr\/186900\/","title":{"rendered":"Vladimir Poutine estime que le r\u00e9armement de l&rsquo;Otan n&rsquo;est pas une \u00abmenace\u00bb pour la Russie"},"content":{"rendered":"<p>Le pr\u00e9sident russe a ajout\u00e9 que l\u2019id\u00e9e selon laquelle Moscou envisagerait d\u2019attaquer l\u2019alliance militaire occidentale \u00e9tait absurde.<\/p>\n<p class=\"fig-paragraph\">Le pr\u00e9sident russe Vladimir Poutine a affirm\u00e9 jeudi 18 juin que\u00a0<a href=\"http:\/\/www.lefigaro.fr\/international\/la-russie-n-a-aucune-chance-si-les-pays-de-l-otan-restent-unis-plaide-la-chef-de-la-diplomatie-de-l-ue-20250618\" target=\"_blank\" data-fig-type=\"NewsFlash\" rel=\"noopener\" data-gtm-custom-categorie=\"navigation\" data-gtm-custom-action=\"crossclick\" data-gtm-custom-label=\"Contextuel\" data-gtm-event=\"customEventSPE\" data-fig-domain=\"LEFIGARO\">le r\u00e9armement de l&rsquo;Otan<\/a>\u00a0n&rsquo;\u00e9tait pas une \u00abmenace\u00bb pour\u00a0<a href=\"https:\/\/www.lefigaro.fr\/tag\/russie\" target=\"_blank\" rel=\"noopener\" data-gtm-custom-categorie=\"navigation\" data-gtm-custom-action=\"crossclick\" data-gtm-custom-label=\"Contextuel\" data-gtm-event=\"customEventSPE\">la Russie<\/a>\u00a0car son pays a, selon lui, les \u00abcapacit\u00e9s de d\u00e9fense\u00bb n\u00e9cessaires pour y faire face. \u00abNous ne consid\u00e9rons aucun r\u00e9armement de l&rsquo;Otan comme une menace pour la F\u00e9d\u00e9ration de Russie, car nous sommes autosuffisants en mati\u00e8re de s\u00e9curit\u00e9\u00bb, a-t-il d\u00e9clar\u00e9, lors d&rsquo;un \u00e9change avec des repr\u00e9sentants d&rsquo;agences de presse \u00e9trang\u00e8res. \u00abNous am\u00e9liorons constamment nos forces arm\u00e9es et nos capacit\u00e9s de d\u00e9fense\u00bb, a-t-il ajout\u00e9.<\/p>\n<p class=\"fig-paragraph\">Le pr\u00e9sident russe a ajout\u00e9 que l\u2019id\u00e9e selon laquelle Moscou envisagerait d\u2019attaquer l\u2019alliance militaire de l\u2019OTAN \u00e9tait absurde et propag\u00e9e par les politiques occidentaux pour inciter les contribuables \u00e0 d\u00e9penser davantage pour la d\u00e9fense. Il a affirm\u00e9 que la Russie ne repr\u00e9sentait aucune menace pour l\u2019OTAN et qu\u2019il ne consid\u00e9rait pas les plans de r\u00e9armement de l\u2019alliance occidentale comme une menace pour la Russie, mais estimait que ces plans \u00e9taient absurdes.<\/p>\n","protected":false},"excerpt":{"rendered":"Le pr\u00e9sident russe a ajout\u00e9 que l\u2019id\u00e9e selon laquelle Moscou envisagerait d\u2019attaquer l\u2019alliance militaire occidentale \u00e9tait absurde. Le&hellip;\n","protected":false},"author":2,"featured_media":186901,"comment_status":"","ping_status":"","sticky":false,"template":"","format":"standard","meta":{"footnotes":""},"categories":[1591],"tags":[259,11,260,1887,14,261,12,262,1885,1886,132],"class_list":{"0":"post-186900","1":"post","2":"type-post","3":"status-publish","4":"format-standard","5":"has-post-thumbnail","7":"category-russie","8":"tag-actualite-internationale","9":"tag-actualites","10":"tag-affaires-etrangeres","11":"tag-federation-de-russie","12":"tag-international","13":"tag-ministere-des-affaires-etrangeres","14":"tag-news","15":"tag-politique-etrangere","16":"tag-russia","17":"tag-russian-federation","18":"tag-russie"},"share_on_mastodon":{"url":"https:\/\/pubeurope.com\/@fr\/114706683232048986","error":""},"_links":{"self":[{"href":"https:\/\/www.europesays.com\/fr\/wp-json\/wp\/v2\/posts\/186900","targetHints":{"allow":["GET"]}}],"collection":[{"href":"https:\/\/www.europesays.com\/fr\/wp-json\/wp\/v2\/posts"}],"about":[{"href":"https:\/\/www.europesays.com\/fr\/wp-json\/wp\/v2\/types\/post"}],"author":[{"embeddable":true,"href":"https:\/\/www.europesays.com\/fr\/wp-json\/wp\/v2\/users\/2"}],"replies":[{"embeddable":true,"href":"https:\/\/www.europesays.com\/fr\/wp-json\/wp\/v2\/comments?post=186900"}],"version-history":[{"count":0,"href":"https:\/\/www.europesays.com\/fr\/wp-json\/wp\/v2\/posts\/186900\/revisions"}],"wp:featuredmedia":[{"embeddable":true,"href":"https:\/\/www.europesays.com\/fr\/wp-json\/wp\/v2\/media\/186901"}],"wp:attachment":[{"href":"https:\/\/www.europesays.com\/fr\/wp-json\/wp\/v2\/media?parent=186900"}],"wp:term":[{"taxonomy":"category","embeddable":true,"href":"https:\/\/www.europesays.com\/fr\/wp-json\/wp\/v2\/categories?post=186900"},{"taxonomy":"post_tag","embeddable":true,"href":"https:\/\/www.europesays.com\/fr\/wp-json\/wp\/v2\/tags?post=186900"}],"curies":[{"name":"wp","href":"https:\/\/api.w.org\/{rel}","templated":true}]}}