{"id":186904,"date":"2025-06-18T22:18:11","date_gmt":"2025-06-18T22:18:11","guid":{"rendered":"https:\/\/www.europesays.com\/fr\/186904\/"},"modified":"2025-06-18T22:18:11","modified_gmt":"2025-06-18T22:18:11","slug":"khamenei-dit-que-liran-ne-se-rendra-jamais-menace-les-usa","status":"publish","type":"post","link":"https:\/\/www.europesays.com\/fr\/186904\/","title":{"rendered":"Khamenei dit que l&rsquo;Iran ne se rendra jamais, menace les USA"},"content":{"rendered":"<p>    <img fetchpriority=\"high\" src=\"https:\/\/www.europesays.com\/fr\/wp-content\/uploads\/2025\/06\/ccfe4278db14b1f553f432f184e36736d29310dc-89535926.jpg\" width=\"1400\" height=\"1050\" alt=\"\" loading=\"eager\" decoding=\"auto\"\/><\/p>\n<p>            Keystone-SDA        <\/p>\n<p>        Le guide supr\u00eame iranien, Ali Khamenei, a proclam\u00e9 mercredi que son pays ne se rendrait \u00ab\u00a0jamais\u00a0\u00bb face \u00e0 Isra\u00ebl. Ce dernier a pour sa part multipli\u00e9 les frappes a\u00e9riennes contre l&rsquo;Iran avant d&rsquo;\u00eatre vis\u00e9 par de nouveaux missiles hypersoniques.\n<\/p>\n<p>        Ce contenu a \u00e9t\u00e9 publi\u00e9 sur    <\/p>\n<p>        18 juin 2025 &#8211; 22:27\n<\/p>\n<p> (Keystone-ATS) Au sixi\u00e8me jour de guerre, l\u2019ayatollah Khamenei, au pouvoir depuis 1989, a mis en garde les Etats-Unis contre des \u00ab\u00a0dommages irr\u00e9parables\u00a0\u00bb s\u2019ils intervenaient dans le conflit.<\/p>\n<p>Il r\u00e9agissait aux menaces du pr\u00e9sident am\u00e9ricain Donald Trump, alli\u00e9 d\u2019Isra\u00ebl, qui a appel\u00e9 mardi l\u2019Iran \u00ab\u00a0\u00e0 capituler sans conditions\u00a0\u00bb et entretient le doute sur l\u2019\u00e9ventualit\u00e9 de frappes am\u00e9ricaines contre l\u2019Iran.<\/p>\n<p>\u00ab\u00a0Peut-\u00eatre, peut-\u00eatre pas\u00a0\u00bb<\/p>\n<p>\u00ab\u00a0Je vais peut-\u00eatre le faire, peut-\u00eatre pas\u00a0\u00bb, a-t-il dit avant de r\u00e9p\u00e9ter qu\u2019il n\u2019avait pas encore pris sa d\u00e9cision. Il a \u00e9galement affirm\u00e9 qu\u2019une chute de l\u2019actuel pouvoir \u00ab\u00a0pourrait arriver\u00a0\u00bb.<\/p>\n<p>Le secr\u00e9taire g\u00e9n\u00e9ral de l\u2019ONU, Antonio Guterres, a mis en garde contre \u00ab\u00a0toute intervention militaire suppl\u00e9mentaire\u00a0\u00bb, qui aurait \u00ab\u00a0des cons\u00e9quences \u00e9normes\u00a0\u00bb pour toute la r\u00e9gion.<\/p>\n<p>Policiers bless\u00e9s<\/p>\n<p>A T\u00e9h\u00e9ran, de puissantes explosions ont \u00e9t\u00e9 entendues mercredi et plusieurs panaches de fum\u00e9e \u00e9taient visibles en divers endroits. Une frappe isra\u00e9lienne a notamment vis\u00e9 les abords du si\u00e8ge de la police, blessant plusieurs policiers, a rapport\u00e9 l\u2019agence Irna.<\/p>\n<p>Isra\u00ebl a annonc\u00e9 des frappes contre des \u00ab\u00a0cibles militaires\u00a0\u00bb \u00e0 T\u00e9h\u00e9ran et sur l\u2019ouest de l\u2019Iran. Selon le ministre isra\u00e9lien de la D\u00e9fense, Isra\u00ebl Katz, l\u2019aviation a d\u00e9truit le \u00ab\u00a0quartier g\u00e9n\u00e9ral de la s\u00e9curit\u00e9 int\u00e9rieure\u00a0\u00bb iranienne \u00e0 T\u00e9h\u00e9ran, qu\u2019il a qualifi\u00e9e de \u00ab\u00a0principal organe de r\u00e9pression du dictateur iranien\u00a0\u00bb.<\/p>\n<p>Le Croissant-Rouge iranien a \u00e9galement annonc\u00e9 qu\u2019une attaque isra\u00e9lienne avait eu lieu pr\u00e8s de son b\u00e2timent.<\/p>\n<p>Missiles hypersoniques<\/p>\n<p>T\u00e9h\u00e9ran a de son c\u00f4t\u00e9 annonc\u00e9 avoir tir\u00e9 des missiles hypersoniques Fattah contre Isra\u00ebl, comme il l\u2019avait d\u00e9j\u00e0 fait la nuit pr\u00e9c\u00e9dente. Depuis le 13 juin, l\u2019Iran \u00ab\u00a0a tir\u00e9 environ 400 missiles balistiques\u00a0\u00bb sur Isra\u00ebl, dont 20 ont touch\u00e9 des zones civiles, et 1000 drones, selon des chiffres fournis par un responsable militaire isra\u00e9lien mercredi soir.<\/p>\n<p>L\u2019arm\u00e9e isra\u00e9lienne avait annonc\u00e9 peu avant des frappes contre des \u00ab\u00a0cibles militaires\u00a0\u00bb \u00e0 T\u00e9h\u00e9ran. De puissantes explosions ont \u00e9t\u00e9 entendues \u00e0 plusieurs reprises par des journalistes de l\u2019AFP et plusieurs panaches de fum\u00e9e \u00e9taient visibles dans l\u2019est et le sud-est de la capitale.<\/p>\n<p>Le Croissant-Rouge iranien a annonc\u00e9 qu\u2019une attaque isra\u00e9lienne avait eu lieu pr\u00e8s de son b\u00e2timent.<\/p>\n<p>Cyberattaques<\/p>\n<p>Des m\u00e9dias iraniens ont par ailleurs indiqu\u00e9 qu\u2019Isra\u00ebl avait bri\u00e8vement interrompu la diffusion des programmes de la t\u00e9l\u00e9vision d\u2019Etat, en y diffusant des images de manifestations de femmes et en appelant la population \u00e0 descendre dans la rue.<\/p>\n<p>La t\u00e9l\u00e9vision a d\u00e9nonc\u00e9 \u00ab\u00a0des cyberattaques men\u00e9es par l\u2019ennemi sioniste\u00a0\u00bb. Les autorit\u00e9s iraniennes ont \u00e9galement durci mercredi les restrictions impos\u00e9es \u00e0 internet, en accusant Isra\u00ebl de \u00ab\u00a0violation\u00a0\u00bb du r\u00e9seau \u00ab\u00a0\u00e0 des fins militaires\u00a0\u00bb.<\/p>\n<p>N\u00e9gociations \u00ab\u00a0torpill\u00e9es\u00a0\u00bb<\/p>\n<p>Affirmant disposer de renseignements prouvant que l\u2019Iran s\u2019approchait du \u00ab\u00a0point de non-retour\u00a0\u00bb vers la bombe atomique, Isra\u00ebl a lanc\u00e9 le 13 juin une attaque sans pr\u00e9c\u00e9dent contre ce pays, frappant des centaines de sites militaires et nucl\u00e9aires et tuant les plus hauts grad\u00e9s ainsi que des scientifiques du nucl\u00e9aire.<\/p>\n<p>L\u2019Iran, qui d\u00e9ment fabriquer l\u2019arme nucl\u00e9aire, a proclam\u00e9 son intention de riposter et accus\u00e9 Isra\u00ebl d\u2019avoir cherch\u00e9 \u00e0 torpiller les n\u00e9gociations qui avaient commenc\u00e9 sur le nucl\u00e9aire entre T\u00e9h\u00e9ran et Washington.<\/p>\n<p>\u00ab\u00a0Cette nation ne se rendra jamais (sous la pression) de qui que ce soit\u00a0\u00bb, a dit l\u2019ayatollah Khamenei mercredi dans un discours t\u00e9l\u00e9vis\u00e9. \u00ab\u00a0Les Am\u00e9ricains doivent savoir que toute intervention militaire de leur part entra\u00eenera assur\u00e9ment des d\u00e9g\u00e2ts irr\u00e9parables\u00a0\u00bb, a-t-il ajout\u00e9.<\/p>\n<p>Les Etats-Unis ont dit renforcer leur \u00ab\u00a0dispositif d\u00e9fensif\u00a0\u00bb au Moyen-Orient et envoyer dans la r\u00e9gion leur porte-avions Nimitz. Le Premier ministre isra\u00e9lien, Benjamin Netanyahu, a lui remerci\u00e9 Donald Trump pour son \u00ab\u00a0soutien\u00a0\u00bb \u00e0 la \u00ab\u00a0d\u00e9fense du ciel isra\u00e9lien\u00a0\u00bb.<\/p>\n<p>La Chine \u00ab\u00a0tr\u00e8s pr\u00e9occup\u00e9e\u00a0\u00bb<\/p>\n<p>Le ministre chinois des Affaires \u00e9trang\u00e8res Wang Yi s\u2019est de son c\u00f4t\u00e9 d\u00e9clar\u00e9 \u00ab\u00a0tr\u00e8s pr\u00e9occup\u00e9\u00a0\u00bb par le fait que le conflit entre Isra\u00ebl et l\u2019Iran \u00ab\u00a0puisse devenir incontr\u00f4lable\u00a0\u00bb et que la r\u00e9gion enti\u00e8re glisse dans un \u00ab\u00a0gouffre\u00a0\u00bb.<\/p>\n<p>\u00ab\u00a0Les actes d\u2019Isra\u00ebl ignorant le droit international et les r\u00e8gles internationales ont provoqu\u00e9 une tension soudaine au Moyen-Orient, et la Chine est \u00e9galement tr\u00e8s pr\u00e9occup\u00e9e par le fait que la situation puisse devenir incontr\u00f4lable\u00a0\u00bb, a d\u00e9clar\u00e9 M. Wang \u00e0 son homologue \u00e9gyptien lors d\u2019un appel t\u00e9l\u00e9phonique, a indiqu\u00e9 le minist\u00e8re chinois des Affaires \u00e9trang\u00e8res.<\/p>\n<p>Lors d\u2019un autre appel t\u00e9l\u00e9phonique avec le ministre des Affaires \u00e9trang\u00e8res d\u2019Oman mercredi, M. Wang a d\u00e9clar\u00e9 que les deux pays \u00ab\u00a0ne peuvent pas rester les bras crois\u00e9s et laisser la r\u00e9gion glisser dans un gouffre inconnu\u00a0\u00bb, a indiqu\u00e9 le minist\u00e8re des Affaires \u00e9trang\u00e8res.<\/p>\n<p>Stations-service \u00ab\u00a0bond\u00e9es\u00a0\u00bb<\/p>\n<p>En Iran, les frappes isra\u00e9liennes ont fait 224 morts, selon un bilan officiel datant de dimanche. Les salves de missiles et de drones tir\u00e9es en riposte par l\u2019Iran, qui ont atteint des zones urbaines, ont elles fait 24 morts en Isra\u00ebl, selon le gouvernement.<\/p>\n<p>A T\u00e9h\u00e9ran, de nombreux magasins ont ferm\u00e9 depuis le d\u00e9but de la guerre et de longues files se sont form\u00e9es devant les stations-service.<\/p>\n<p>A la fronti\u00e8re avec l\u2019Irak, un chauffeur de camion de 40 ans, parlant sous le pseudonyme de Fattah, rentrait chez lui mercredi avec des sacs de riz, du sucre et du th\u00e9.<\/p>\n<p>\u00ab\u00a0Il y a des p\u00e9nuries de nourriture, comme le riz, le pain, le sucre ou le th\u00e9\u00a0\u00bb, a-t-il racont\u00e9, ajoutant que les stations-service \u00ab\u00a0sont bond\u00e9es et les prix ont augment\u00e9\u00a0\u00bb.<\/p>\n<p>Centre de recherche touch\u00e9<\/p>\n<p>Mercredi avant l\u2019aube, \u00ab\u00a0plus de 50 avions\u00a0\u00bb de combat ont bombard\u00e9 \u00ab\u00a0une installation de production de centrifugeuses \u00e0 T\u00e9h\u00e9ran\u00a0\u00bb et \u00ab\u00a0plusieurs sites de fabrication d\u2019armes dont des installations de production de mati\u00e8res premi\u00e8res et de composants utilis\u00e9s pour assembler des missiles sol-sol\u00a0\u00bb, a indiqu\u00e9 l\u2019arm\u00e9e isra\u00e9lienne.<\/p>\n<p>L\u2019Agence internationale de l\u2019\u00e9nergie atomique (AIEA) a annonc\u00e9 la destruction par Isra\u00ebl de deux b\u00e2timents o\u00f9 \u00ab\u00a0\u00e9taient fabriqu\u00e9s des composants de centrifugeuses\u00a0\u00bb, les machines servant \u00e0 enrichir l\u2019uranium, \u00e0 Karaj pr\u00e8s de T\u00e9h\u00e9ran.<\/p>\n<p>Selon l\u2019AIEA, un \u00e9difice du Centre de recherche de T\u00e9h\u00e9ran produisant des pi\u00e8ces de ces machines, a \u00e9galement \u00e9t\u00e9 touch\u00e9.<\/p>\n<p>Drone isra\u00e9lien abattu<\/p>\n<p>Pour la premi\u00e8re fois depuis le 13 juin, l\u2019arm\u00e9e isra\u00e9lienne a annonc\u00e9 qu\u2019un de ses drones avait \u00e9t\u00e9 abattu au-dessus du territoire iranien par un missile.<\/p>\n<p>Les Occidentaux et Isra\u00ebl soup\u00e7onnent l\u2019Iran de chercher \u00e0 se doter de la bombe atomique, ce que T\u00e9h\u00e9ran d\u00e9ment, d\u00e9fendant son droit \u00e0 un programme nucl\u00e9aire civil.<\/p>\n<p>Isra\u00ebl, qui maintient l\u2019ambigu\u00eft\u00e9 sur sa propre possession de l\u2019arme atomique, d\u00e9tient 90 ogives nucl\u00e9aires, selon l\u2019Institut international de recherche sur la paix de Stockholm (Sipri).<\/p>\n<p>Si Donald Trump choisissait d\u2019engager son pays dans le conflit, une puissante bombe anti-bunker am\u00e9ricaine, la GBU-57, la seule \u00e0 m\u00eame de d\u00e9truire les installations nucl\u00e9aires iraniennes profond\u00e9ment enfouies, pourrait constituer une arme strat\u00e9gique de choix, selon les experts.<\/p>\n","protected":false},"excerpt":{"rendered":"Keystone-SDA Le guide supr\u00eame iranien, Ali Khamenei, a proclam\u00e9 mercredi que son pays ne se rendrait \u00ab\u00a0jamais\u00a0\u00bb face&hellip;\n","protected":false},"author":2,"featured_media":186905,"comment_status":"","ping_status":"","sticky":false,"template":"","format":"standard","meta":{"footnotes":""},"categories":[1589],"tags":[11,73,1866,12,4384,1864,1865,1863,308],"class_list":{"0":"post-186904","1":"post","2":"type-post","3":"status-publish","4":"format-standard","5":"has-post-thumbnail","7":"category-etats-unis","8":"tag-actualites","9":"tag-etats-unis","10":"tag-etats-unis-damerique","11":"tag-news","12":"tag-ticker","13":"tag-united-states","14":"tag-united-states-of-america","15":"tag-us","16":"tag-usa"},"share_on_mastodon":{"url":"https:\/\/pubeurope.com\/@fr\/114706691200759774","error":""},"_links":{"self":[{"href":"https:\/\/www.europesays.com\/fr\/wp-json\/wp\/v2\/posts\/186904","targetHints":{"allow":["GET"]}}],"collection":[{"href":"https:\/\/www.europesays.com\/fr\/wp-json\/wp\/v2\/posts"}],"about":[{"href":"https:\/\/www.europesays.com\/fr\/wp-json\/wp\/v2\/types\/post"}],"author":[{"embeddable":true,"href":"https:\/\/www.europesays.com\/fr\/wp-json\/wp\/v2\/users\/2"}],"replies":[{"embeddable":true,"href":"https:\/\/www.europesays.com\/fr\/wp-json\/wp\/v2\/comments?post=186904"}],"version-history":[{"count":0,"href":"https:\/\/www.europesays.com\/fr\/wp-json\/wp\/v2\/posts\/186904\/revisions"}],"wp:featuredmedia":[{"embeddable":true,"href":"https:\/\/www.europesays.com\/fr\/wp-json\/wp\/v2\/media\/186905"}],"wp:attachment":[{"href":"https:\/\/www.europesays.com\/fr\/wp-json\/wp\/v2\/media?parent=186904"}],"wp:term":[{"taxonomy":"category","embeddable":true,"href":"https:\/\/www.europesays.com\/fr\/wp-json\/wp\/v2\/categories?post=186904"},{"taxonomy":"post_tag","embeddable":true,"href":"https:\/\/www.europesays.com\/fr\/wp-json\/wp\/v2\/tags?post=186904"}],"curies":[{"name":"wp","href":"https:\/\/api.w.org\/{rel}","templated":true}]}}