{"id":186906,"date":"2025-06-18T22:19:11","date_gmt":"2025-06-18T22:19:11","guid":{"rendered":"https:\/\/www.europesays.com\/fr\/186906\/"},"modified":"2025-06-18T22:19:11","modified_gmt":"2025-06-18T22:19:11","slug":"royaume-uni-un-pacte-dans-les-ecoles-pour-interdire-le-portable-avant-14-ans","status":"publish","type":"post","link":"https:\/\/www.europesays.com\/fr\/186906\/","title":{"rendered":"Royaume-Uni: un pacte dans les \u00e9coles pour interdire le portable avant 14 ans"},"content":{"rendered":"<p class=\"t-content__chapo\">\n                                                De plus en plus de voix s&rsquo;\u00e9l\u00e8vent pour mieux prot\u00e9ger les enfants des dangers d&rsquo;internet et de l&rsquo;addiction aux smartphones. La France a port\u00e9 le d\u00e9bat au niveau europ\u00e9en. Avec la Gr\u00e8ce et l&rsquo;Espagne, elle pr\u00f4ne l&rsquo;instauration d&rsquo;une majorit\u00e9 num\u00e9rique fix\u00e9e \u00e0 15 ans. Les\u00a0familles et le milieu scolaire n&rsquo;attendent pas pour agir. Des initiatives voient le jour dans de nombreux pays. Au nord de Londres, dans la ville de St Albans, les parents et les \u00e9tablissements ont sign\u00e9 un pacte : \u00ab\u00a0Pas de portable avant 14 ans\u00a0\u00bb. 75% des parents, et 33 \u00e9coles sur les 36 que compte la ville en ont fait la promesse. \u00c0 l&rsquo;origine de cette initiative, l&rsquo;\u00e9cole Cunningham Hill Junior School, qui accueille des enfants de 7 \u00e0 11 ans.                    <\/p>\n<p>        <img decoding=\"async\" fetchpriority=\"low\" src=\"https:\/\/www.europesays.com\/fr\/wp-content\/uploads\/2025\/06\/AP24172484278089.jpg\" alt=\"Partout en Europe, les parents se mobilisent pour que la vie sans smartphone soit la norme pour les enfants de moins de 14 ans.\"   width=\"980\" height=\"551\" loading=\"eager\" class=\"m-figure__img lazy\"\/><\/p>\n<p>                Partout en Europe, les parents se mobilisent pour que la vie sans smartphone soit la norme pour les enfants de moins de 14 ans.                AP &#8211; Emilio Morenatti            <\/p>\n<p class=\"a-read-more\">\u00c0 lire aussi<a target=\"_self\" href=\"https:\/\/www.rfi.fr\/fr\/france\/20240829-la-france-veut-une-interdiction-totale-les-t%C3%A9l%C3%A9phones-portables-au-coll%C3%A8ge\" class=\"a-read-more__link\" rel=\"noopener\">La France veut une interdiction totale des t\u00e9l\u00e9phones portables au coll\u00e8ge<\/a><\/p>\n<p class=\"a-read-more\">\u00a0<\/p>\n<p class=\"a-read-more\">\u00c0 lire aussi<a target=\"_self\" href=\"https:\/\/www.rfi.fr\/fr\/podcasts\/reportage-france\/20250519-le-coll%C3%A8ge-sans-t%C3%A9l%C3%A9phone\" class=\"a-read-more__link\" rel=\"noopener\">Le coll\u00e8ge sans t\u00e9l\u00e9phone<\/a><\/p>\n","protected":false},"excerpt":{"rendered":"De plus en plus de voix s&rsquo;\u00e9l\u00e8vent pour mieux prot\u00e9ger les enfants des dangers d&rsquo;internet et de l&rsquo;addiction&hellip;\n","protected":false},"author":2,"featured_media":186907,"comment_status":"","ping_status":"","sticky":false,"template":"","format":"standard","meta":{"footnotes":""},"categories":[1588],"tags":[11,1057,1777,674,12,2436,473,1853,2362,1851,1850,1852],"class_list":{"0":"post-186906","1":"post","2":"type-post","3":"status-publish","4":"format-standard","5":"has-post-thumbnail","7":"category-royaume-uni","8":"tag-actualites","9":"tag-education","10":"tag-eu","11":"tag-europe","12":"tag-news","13":"tag-reportage-international","14":"tag-royaume-uni","15":"tag-royaume-uni-de-grande-bretagne-et-dirlande-du-nord","16":"tag-sante-et-medecine","17":"tag-uk","18":"tag-united-kingdom","19":"tag-united-kingdom-of-great-britain-and-northern-ireland"},"share_on_mastodon":{"url":"https:\/\/pubeurope.com\/@fr\/114706695156804605","error":""},"_links":{"self":[{"href":"https:\/\/www.europesays.com\/fr\/wp-json\/wp\/v2\/posts\/186906","targetHints":{"allow":["GET"]}}],"collection":[{"href":"https:\/\/www.europesays.com\/fr\/wp-json\/wp\/v2\/posts"}],"about":[{"href":"https:\/\/www.europesays.com\/fr\/wp-json\/wp\/v2\/types\/post"}],"author":[{"embeddable":true,"href":"https:\/\/www.europesays.com\/fr\/wp-json\/wp\/v2\/users\/2"}],"replies":[{"embeddable":true,"href":"https:\/\/www.europesays.com\/fr\/wp-json\/wp\/v2\/comments?post=186906"}],"version-history":[{"count":0,"href":"https:\/\/www.europesays.com\/fr\/wp-json\/wp\/v2\/posts\/186906\/revisions"}],"wp:featuredmedia":[{"embeddable":true,"href":"https:\/\/www.europesays.com\/fr\/wp-json\/wp\/v2\/media\/186907"}],"wp:attachment":[{"href":"https:\/\/www.europesays.com\/fr\/wp-json\/wp\/v2\/media?parent=186906"}],"wp:term":[{"taxonomy":"category","embeddable":true,"href":"https:\/\/www.europesays.com\/fr\/wp-json\/wp\/v2\/categories?post=186906"},{"taxonomy":"post_tag","embeddable":true,"href":"https:\/\/www.europesays.com\/fr\/wp-json\/wp\/v2\/tags?post=186906"}],"curies":[{"name":"wp","href":"https:\/\/api.w.org\/{rel}","templated":true}]}}