{"id":186908,"date":"2025-06-18T22:20:09","date_gmt":"2025-06-18T22:20:09","guid":{"rendered":"https:\/\/www.europesays.com\/fr\/186908\/"},"modified":"2025-06-18T22:20:09","modified_gmt":"2025-06-18T22:20:09","slug":"pays-bas-vs-allemagne-le-debat-de-lafter-foot","status":"publish","type":"post","link":"https:\/\/www.europesays.com\/fr\/186908\/","title":{"rendered":"Pays-Bas VS Allemagne, le d\u00e9bat de l&rsquo;After Foot"},"content":{"rendered":"<p>Pays-Bas VS Allemagne, le d\u00e9bat de l&rsquo;After Foot Sur le m\u00eame sujet<a href=\"https:\/\/rmcsport.bfmtv.com\/replay-emissions\/after-foot\/video-pays-bas-vs-allemagne-le-debat-de-l-after-foot_VN-202506180843.html\" title=\"Pays-Bas VS Allemagne, le d\u00e9bat de l&#039;After Foot\" rel=\"nofollow noopener\" target=\"_blank\"><img class=\"lozad\"  width=\"16\" height=\"9\" alt=\"Pays-Bas VS Allemagne, le d\u00e9bat de l'After Foot\"\/>en lecturePays-Bas VS Allemagne, le d\u00e9bat de l&rsquo;After Foot<\/a><a href=\"https:\/\/rmcsport.bfmtv.com\/replay-emissions\/after-foot\/video-le-debrief-des-debuts-de-rayan-cherki-avec-manchester-city_VN-202506180765.html\" title=\"Le debrief des d\u00e9buts de Rayan Cherki avec Manchester City\" rel=\"nofollow noopener\" target=\"_blank\"><img class=\"lozad\"  width=\"16\" height=\"9\" alt=\"Le debrief des d\u00e9buts de Rayan Cherki avec Manchester City\"\/>8:02Le debrief des d\u00e9buts de Rayan Cherki avec Manchester City<\/a><a href=\"https:\/\/rmcsport.bfmtv.com\/football\/transferts\/video-man-city-cherki-reijnders-quel-11-cette-saison-avec-les-recrues_VN-202506180641.html\" title=\"Man City : Cherki, Reijnders... Quel 11 cette saison avec les recrues ?\" rel=\"nofollow noopener\" target=\"_blank\"><img class=\"lozad\"  width=\"16\" height=\"9\" alt=\"Man City : Cherki, Reijnders... Quel 11 cette saison avec les recrues ?\"\/>4:16Man City : Cherki, Reijnders&#8230; Quel 11 cette saison avec les recrues ?<\/a><a href=\"https:\/\/rmcsport.bfmtv.com\/replay-emissions\/after-foot\/video-om-angel-gomes-le-10-tant-recherche-par-de-zerbi-after-mercato_VN-202506180628.html\" title=\"OM : Angel Gomes, le 10 tant recherch\u00e9 par De Zerbi ? (After Mercato)\" rel=\"nofollow noopener\" target=\"_blank\"><img class=\"lozad\"  width=\"16\" height=\"9\" alt=\"OM : Angel Gomes, le 10 tant recherch\u00e9 par De Zerbi ? (After Mercato)\"\/>7:36OM : Angel Gomes, le 10 tant recherch\u00e9 par De Zerbi ? (After Mercato)<\/a><a href=\"https:\/\/rmcsport.bfmtv.com\/replay-emissions\/after-foot\/video-om-egan-riley-le-profil-parfait-pour-de-zerbi-after-mercato_VN-202506180619.html\" title=\"OM : Egan-Riley, le profil parfait pour De Zerbi (After Mercato)\" rel=\"nofollow noopener\" target=\"_blank\"><img class=\"lozad\"  width=\"16\" height=\"9\" alt=\"OM : Egan-Riley, le profil parfait pour De Zerbi (After Mercato)\"\/>4:13OM : Egan-Riley, le profil parfait pour De Zerbi (After Mercato)<\/a><a href=\"https:\/\/rmcsport.bfmtv.com\/replay-emissions\/after-foot\/video-les-chapeaux-de-l-after-les-lateraux_VN-202506180311.html\" title=\"Hakimi, Dumfries, Timber...  les chapeaux de l&#039;After consacr\u00e9s aux lat\u00e9raux ! \" rel=\"nofollow noopener\" target=\"_blank\"><img class=\"lozad\"  width=\"16\" height=\"9\" alt=\"Hakimi, Dumfries, Timber...  les chapeaux de l'After consacr\u00e9s aux lat\u00e9raux ! \"\/>23:07Hakimi, Dumfries, Timber&#8230; les chapeaux de l&rsquo;After consacr\u00e9s aux lat\u00e9raux !<\/a><a href=\"https:\/\/rmcsport.bfmtv.com\/football\/video-plutot-argentine-ou-bresil-le-debat-eternel-enflamme-l-after_VN-202506180226.html\" title=\"Plut\u00f4t Argentine ou Br\u00e9sil ? Le d\u00e9bat \u00e9ternel enflamme l&#039;After \" rel=\"nofollow noopener\" target=\"_blank\"><img class=\"lozad\"  width=\"16\" height=\"9\" alt=\"Plut\u00f4t Argentine ou Br\u00e9sil ? Le d\u00e9bat \u00e9ternel enflamme l'After \"\/>13:45Plut\u00f4t Argentine ou Br\u00e9sil ? Le d\u00e9bat \u00e9ternel enflamme l&rsquo;After<\/a><a href=\"https:\/\/rmcsport.bfmtv.com\/replay-emissions\/after-foot\/video-deces-de-bernard-lacombe-c-etait-devenu-mon-frere-l-hommage-d-aulas_VN-202506170832.html\" title=\"D\u00e9c\u00e8s de Bernard Lacombe : &quot;C&#039;\u00e9tait devenu mon fr\u00e8re&quot;, l&#039;hommage d&#039;Aulas\" rel=\"nofollow noopener\" target=\"_blank\"><img class=\"lozad\"  width=\"16\" height=\"9\" alt=\"D\u00e9c\u00e8s de Bernard Lacombe : &quot;C'\u00e9tait devenu mon fr\u00e8re&quot;, l'hommage d'Aulas\"\/>3:30D\u00e9c\u00e8s de Bernard Lacombe : \u00ab\u00a0C&rsquo;\u00e9tait devenu mon fr\u00e8re\u00a0\u00bb, l&rsquo;hommage d&rsquo;Aulas<\/a><a href=\"https:\/\/rmcsport.bfmtv.com\/replay-emissions\/after-foot\/video-deces-de-bernard-lacombe-je-l-aimais-trop-luis-fernandez-emu-aux-larmes_VN-202506170825.html\" title=\"D\u00e9c\u00e8s de Bernard Lacombe : &quot;Je l&#039;aimais trop&quot;, Luis Fernandez \u00e9mu aux larmes\" rel=\"nofollow noopener\" target=\"_blank\"><img class=\"lozad\"  width=\"16\" height=\"9\" alt=\"D\u00e9c\u00e8s de Bernard Lacombe : &quot;Je l'aimais trop&quot;, Luis Fernandez \u00e9mu aux larmes\"\/>6:24D\u00e9c\u00e8s de Bernard Lacombe : \u00ab\u00a0Je l&rsquo;aimais trop\u00a0\u00bb, Luis Fernandez \u00e9mu aux larmes<\/a><a href=\"https:\/\/rmcsport.bfmtv.com\/replay-emissions\/after-foot\/video-c-est-perdre-un-pere-pour-la-deuxieme-fois-anderson-effondre-par-le-deces-de-lacombe_VN-202506170816.html\" title=\"&quot;C&#039;est perdre un p\u00e8re pour la deuxi\u00e8me fois&quot;, Anderson effondr\u00e9 par le d\u00e9c\u00e8s de Lacombe\" rel=\"nofollow noopener\" target=\"_blank\"><img class=\"lozad\"  width=\"16\" height=\"9\" alt=\"&quot;C'est perdre un p\u00e8re pour la deuxi\u00e8me fois&quot;, Anderson effondr\u00e9 par le d\u00e9c\u00e8s de Lacombe\"\/>7:39&Prime;C&rsquo;est perdre un p\u00e8re pour la deuxi\u00e8me fois\u00a0\u00bb, Anderson effondr\u00e9 par le d\u00e9c\u00e8s de Lacombe<\/a><a href=\"https:\/\/rmcsport.bfmtv.com\/replay-emissions\/after-foot\/video-bernard-lacombe-legende-de-l-ol-et-des-bleus-est-decede-a-l-age-de-72-ans_VN-202506170801.html\" title=\"Bernard Lacombe, l\u00e9gende de l&#039;OL et des Bleus, est d\u00e9c\u00e9d\u00e9 \u00e0 l&#039;\u00e2ge de 72 ans\" rel=\"nofollow noopener\" target=\"_blank\"><img class=\"lozad\"  width=\"16\" height=\"9\" alt=\"Bernard Lacombe, l\u00e9gende de l'OL et des Bleus, est d\u00e9c\u00e9d\u00e9 \u00e0 l'\u00e2ge de 72 ans\"\/>6:15Bernard Lacombe, l\u00e9gende de l&rsquo;OL et des Bleus, est d\u00e9c\u00e9d\u00e9 \u00e0 l&rsquo;\u00e2ge de 72 ans<\/a><a href=\"https:\/\/rmcsport.bfmtv.com\/replay-emissions\/after-foot\/video-real-madrid-attention-a-ne-pas-etre-l-anti-ancelotti-les-doutes-de-mokolo-sur-la-methode-xabi-alonso_VN-202506170782.html\" title=\"Real Madrid : &quot;Attention \u00e0 ne pas \u00eatre l&#039;anti-Ancelotti !&quot;, les doutes de Mokolo sur la m\u00e9thode Xabi Alonso \" rel=\"nofollow noopener\" target=\"_blank\"><img class=\"lozad\"  width=\"16\" height=\"9\" alt=\"Real Madrid : &quot;Attention \u00e0 ne pas \u00eatre l'anti-Ancelotti !&quot;, les doutes de Mokolo sur la m\u00e9thode Xabi Alonso \"\/>9:10Real Madrid : \u00ab\u00a0Attention \u00e0 ne pas \u00eatre l&rsquo;anti-Ancelotti !\u00a0\u00bb, les doutes de Mokolo sur la m\u00e9thode Xabi Alonso<\/a><a href=\"https:\/\/rmcsport.bfmtv.com\/replay-emissions\/after-foot\/video-euro-espoirs-les-bleus-qualifies-en-quart-le-bilan-de-la-phase-de-groupes_VN-202506170776.html\" title=\"Euro Espoirs : Les Bleuets qualifi\u00e9s en quarts, le bilan de la phase de groupes\" rel=\"nofollow noopener\" target=\"_blank\"><img class=\"lozad\"  width=\"16\" height=\"9\" alt=\"Euro Espoirs : Les Bleuets qualifi\u00e9s en quarts, le bilan de la phase de groupes\"\/>3:18Euro Espoirs : Les Bleuets qualifi\u00e9s en quarts, le bilan de la phase de groupes<\/a><a href=\"https:\/\/rmcsport.bfmtv.com\/football\/ligue-1\/4-0-face-au-psg-une-defaite-infamante-pour-l-atletico-et-simeone-tranche-hermel_VN-202506170222.html\" title=\"4-0 face au PSG ? &quot;Une d\u00e9faite inf\u00e2mante pour l&#039;Atl\u00e9tico et Simeone&quot; tranche Hermel\" rel=\"nofollow noopener\" target=\"_blank\"><img class=\"lozad\"  width=\"16\" height=\"9\" alt=\"4-0 face au PSG ? &quot;Une d\u00e9faite inf\u00e2mante pour l'Atl\u00e9tico et Simeone&quot; tranche Hermel\"\/>6:514-0 face au PSG ? \u00ab\u00a0Une d\u00e9faite inf\u00e2mante pour l&rsquo;Atl\u00e9tico et Simeone\u00a0\u00bb tranche Hermel<\/a><a class=\"jumpToVideo\" target=\"_blank\"><img class=\"thumbnailPreview\"\/><\/a><\/p>\n","protected":false},"excerpt":{"rendered":"Pays-Bas VS Allemagne, le d\u00e9bat de l&rsquo;After Foot Sur le m\u00eame sujeten lecturePays-Bas VS Allemagne, le d\u00e9bat de&hellip;\n","protected":false},"author":2,"featured_media":186909,"comment_status":"","ping_status":"","sticky":false,"template":"","format":"standard","meta":{"footnotes":""},"categories":[1587],"tags":[11,672,1804,1805,1803,1777,674,1801,12,1802],"class_list":{"0":"post-186908","1":"post","2":"type-post","3":"status-publish","4":"format-standard","5":"has-post-thumbnail","7":"category-allemagne","8":"tag-actualites","9":"tag-allemagne","10":"tag-bundesrepublik-deutschland","11":"tag-de","12":"tag-deutschland","13":"tag-eu","14":"tag-europe","15":"tag-germany","16":"tag-news","17":"tag-republique-federale-dallemagne"},"share_on_mastodon":{"url":"https:\/\/pubeurope.com\/@fr\/114706698964646291","error":""},"_links":{"self":[{"href":"https:\/\/www.europesays.com\/fr\/wp-json\/wp\/v2\/posts\/186908","targetHints":{"allow":["GET"]}}],"collection":[{"href":"https:\/\/www.europesays.com\/fr\/wp-json\/wp\/v2\/posts"}],"about":[{"href":"https:\/\/www.europesays.com\/fr\/wp-json\/wp\/v2\/types\/post"}],"author":[{"embeddable":true,"href":"https:\/\/www.europesays.com\/fr\/wp-json\/wp\/v2\/users\/2"}],"replies":[{"embeddable":true,"href":"https:\/\/www.europesays.com\/fr\/wp-json\/wp\/v2\/comments?post=186908"}],"version-history":[{"count":0,"href":"https:\/\/www.europesays.com\/fr\/wp-json\/wp\/v2\/posts\/186908\/revisions"}],"wp:featuredmedia":[{"embeddable":true,"href":"https:\/\/www.europesays.com\/fr\/wp-json\/wp\/v2\/media\/186909"}],"wp:attachment":[{"href":"https:\/\/www.europesays.com\/fr\/wp-json\/wp\/v2\/media?parent=186908"}],"wp:term":[{"taxonomy":"category","embeddable":true,"href":"https:\/\/www.europesays.com\/fr\/wp-json\/wp\/v2\/categories?post=186908"},{"taxonomy":"post_tag","embeddable":true,"href":"https:\/\/www.europesays.com\/fr\/wp-json\/wp\/v2\/tags?post=186908"}],"curies":[{"name":"wp","href":"https:\/\/api.w.org\/{rel}","templated":true}]}}