{"id":186912,"date":"2025-06-18T22:22:12","date_gmt":"2025-06-18T22:22:12","guid":{"rendered":"https:\/\/www.europesays.com\/fr\/186912\/"},"modified":"2025-06-18T22:22:12","modified_gmt":"2025-06-18T22:22:12","slug":"la-russie-a-un-plan-dagression-a-long-terme-contre-leurope","status":"publish","type":"post","link":"https:\/\/www.europesays.com\/fr\/186912\/","title":{"rendered":"la Russie a un plan d'\u00a0\u00bbagression \u00e0 long terme\u00a0\u00bb contre l&rsquo;Europe"},"content":{"rendered":"<p>La Russie repr\u00e9sente <strong>une menace directe<\/strong> pour l&rsquo;Union europ\u00e9enne et ses d\u00e9penses massives en mati\u00e8re de d\u00e9fense montrent que le Kremlin a un \u00ab\u00a0plan d&rsquo;agression \u00e0 long terme\u00a0\u00bb, a averti mercredi la responsable de la politique \u00e9trang\u00e8re de l&rsquo;UE.<\/p>\n<p>Kaja Kallas a d\u00e9clar\u00e9 que la Russie violait l&rsquo;espace a\u00e9rien de l&rsquo;Union, attaquait ses ol\u00e9oducs, ses c\u00e2bles sous-marins et ses r\u00e9seaux \u00e9lectriques, et recrutait des criminels pour commettre des actes de sabotage.<\/p>\n<p>L&rsquo;UE et plusieurs \u00c9tats membres ont accus\u00e9 \u00e0 plusieurs reprises la Russie de mener des campagnes de sabotage en Occident. Le Kremlin a fermement d\u00e9menti ces all\u00e9gations.<\/p>\n<p>Selon Kallas, la Russie d\u00e9pensait d\u00e9j\u00e0 plus en mati\u00e8re de d\u00e9fense que les 27 \u00c9tats membres de l&rsquo;UE r\u00e9unis, et a d\u00e9clar\u00e9 que le pays investirait cette ann\u00e9e davantage \u00ab\u00a0en mati\u00e8re de d\u00e9fense que ses propres soins de sant\u00e9, son \u00e9ducation et sa politique sociale r\u00e9unis\u00a0\u00bb.<\/p>\n<p>\u00ab\u00a0Il s&rsquo;agit d&rsquo;un plan \u00e0 long terme pour une agression \u00e0 long terme. On ne d\u00e9pense pas autant pour l&rsquo;arm\u00e9e si l&rsquo;on n&rsquo;a pas l&rsquo;intention de s&rsquo;en servir\u00a0\u00bb, a-t-elle d\u00e9clar\u00e9 aux l\u00e9gislateurs de l&rsquo;Union europ\u00e9enne \u00e0 Strasbourg.<\/p>\n<p>\u00ab\u00a0L&rsquo;Europe est attaqu\u00e9e et notre continent se trouve dans un monde de plus en plus dangereux\u00a0\u00bb, a-t-elle ajout\u00e9.<\/p>\n<p><b class=\"c-widget-related__title__text\">Related<\/b><\/p>\n<p>S&rsquo;exprimant avant le sommet de l&rsquo;OTAN qui se tiendra la semaine prochaine \u00e0 La Haye, Mme Kallas a d\u00e9clar\u00e9 que tous les pays europ\u00e9ens devraient penser \u00e0 la d\u00e9fense.<\/p>\n<p>Lors de ce sommet, l&rsquo;OTAN proposera \u00e0 ses membres un objectif global de d\u00e9penses militaires de 5 % du produit int\u00e9rieur brut, contre 2 % actuellement.<\/p>\n<p>\u00ab\u00a0La puissance \u00e9conomique collective de l&rsquo;Europe est in\u00e9gal\u00e9e\u00a0\u00bb, a d\u00e9clar\u00e9 Kallas. \u00ab\u00a0Je ne crois pas qu&rsquo;il y ait de menace que nous ne puissions surmonter si nous agissons ensemble et avec nos alli\u00e9s de l&rsquo;OTAN\u00a0\u00bb.<\/p>\n<p>Aider l&rsquo;Ukraine ou commencer \u00e0 apprendre le russe<\/p>\n<p>Le secr\u00e9taire g\u00e9n\u00e9ral de l&rsquo;OTAN, Mark Rutte, a d\u00e9clar\u00e9 que la Russie produisait en trois mois autant d&rsquo;armes et de munitions que les 32 membres de l&rsquo;Alliance en produisent collectivement en un an.<\/p>\n<p>Il estime que Moscou pourrait \u00eatre en mesure de lancer une attaque contre un alli\u00e9 de l&rsquo;OTAN d&rsquo;ici la fin de la d\u00e9cennie.<\/p>\n<p>L&rsquo;Europe craint de plus en plus que la Russie ne tente de mettre \u00e0 l&rsquo;\u00e9preuve la garantie de s\u00e9curit\u00e9 de l&rsquo;article 5 de l&rsquo;OTAN, c&rsquo;est-\u00e0-dire l&rsquo;engagement qu&rsquo;une attaque contre l&rsquo;un des alli\u00e9s donnerait lieu \u00e0 une r\u00e9ponse collective des 32 membres.<\/p>\n<p><img decoding=\"async\" class=\"caas-img caas-lazy has-preview\" alt=\"La chef de la politique \u00e9trang\u00e8re de l'Union europ\u00e9enne, Kaja Kallas, s'adresse aux m\u00e9dias au si\u00e8ge de l'UE \u00e0 Bruxelles, le mardi 10 juin 2025.\" src=\"https:\/\/www.europesays.com\/fr\/wp-content\/uploads\/2025\/06\/73d677298ae2c1e545da93de535137e8.jpeg\"\/><\/p>\n<p> La chef de la politique \u00e9trang\u00e8re de l&rsquo;Union europ\u00e9enne, Kaja Kallas, s&rsquo;adresse aux m\u00e9dias au si\u00e8ge de l&rsquo;UE \u00e0 Bruxelles, le mardi 10 juin 2025.   &#8211; AP Photo <\/p>\n<p>L&rsquo;administration Trump s&rsquo;\u00e9tant tourn\u00e9e vers les d\u00e9fis s\u00e9curitaires au Moyen-Orient, l&rsquo;Europe subit une pression croissante pour se d\u00e9brouiller seule en mati\u00e8re de d\u00e9fense et soutenir l&rsquo;Ukraine sans l&rsquo;aide des \u00c9tats-Unis.<\/p>\n<p>\u00ab\u00a0Nous devons faire plus pour l&rsquo;Ukraine, pour notre propre s\u00e9curit\u00e9 aussi\u00a0\u00bb, a d\u00e9clar\u00e9 M. Kallas aux l\u00e9gislateurs europ\u00e9ens.<\/p>\n<p>\u00ab\u00a0Pour citer mon ami Mark Rutte, si nous n&rsquo;aidons pas davantage l&rsquo;Ukraine, nous devrions tous commencer \u00e0 apprendre le russe. Plus l&rsquo;Ukraine sera forte sur le champ de bataille aujourd&rsquo;hui, plus elle sera forte \u00e0 la table des n\u00e9gociations, lorsque la Russie sera enfin pr\u00eate \u00e0 discuter\u00a0\u00bb, a-t-elle ajout\u00e9.<\/p>\n<p><b class=\"c-widget-related__title__text\">Related<\/b><\/p>\n<p>La Russie a intensifi\u00e9 sa campagne a\u00e9rienne en Ukraine et multipli\u00e9 les attaques terrestres le long de la ligne de front de plus de 1 000 kilom\u00e8tres. Deux s\u00e9ries de pourparlers de paix directs entre Moscou et Kyiv n&rsquo;ont pas permis de mettre fin \u00e0 la guerre, qui en est \u00e0 sa quatri\u00e8me ann\u00e9e.<\/p>\n<p>La semaine derni\u00e8re, le chef du service de renseignement ext\u00e9rieur allemand (BND), Bruno Kahl, a mis en garde contre la sous-estimation des intentions russes \u00e0 l&rsquo;\u00e9gard de l&rsquo;Occident et de l&rsquo;OTAN.<\/p>\n<p>\u00ab\u00a0Nous sommes tout \u00e0 fait convaincus, et nous en avons la preuve par le renseignement, que l&rsquo;Ukraine n&rsquo;est qu&rsquo;une \u00e9tape sur le chemin de l&rsquo;Occident\u00a0\u00bb, a d\u00e9clar\u00e9 M. Kahl au podcast Table Today.<\/p>\n","protected":false},"excerpt":{"rendered":"La Russie repr\u00e9sente une menace directe pour l&rsquo;Union europ\u00e9enne et ses d\u00e9penses massives en mati\u00e8re de d\u00e9fense montrent&hellip;\n","protected":false},"author":2,"featured_media":186913,"comment_status":"","ping_status":"","sticky":false,"template":"","format":"standard","meta":{"footnotes":""},"categories":[1586],"tags":[11,16499,1777,674,1779,1011,27,32466,7738,2489,32467,12,25,1778,364],"class_list":{"0":"post-186912","1":"post","2":"type-post","3":"status-publish","4":"format-standard","5":"has-post-thumbnail","7":"category-europe","8":"tag-actualites","9":"tag-etats-membres-de-lue","10":"tag-eu","11":"tag-europe","12":"tag-european-union","13":"tag-fr","14":"tag-france","15":"tag-kallas","16":"tag-lunion-europeenne","17":"tag-la-russie","18":"tag-long-terme","19":"tag-news","20":"tag-republique-francaise","21":"tag-ue","22":"tag-union-europeenne"},"share_on_mastodon":{"url":"https:\/\/pubeurope.com\/@fr\/114706707399492178","error":""},"_links":{"self":[{"href":"https:\/\/www.europesays.com\/fr\/wp-json\/wp\/v2\/posts\/186912","targetHints":{"allow":["GET"]}}],"collection":[{"href":"https:\/\/www.europesays.com\/fr\/wp-json\/wp\/v2\/posts"}],"about":[{"href":"https:\/\/www.europesays.com\/fr\/wp-json\/wp\/v2\/types\/post"}],"author":[{"embeddable":true,"href":"https:\/\/www.europesays.com\/fr\/wp-json\/wp\/v2\/users\/2"}],"replies":[{"embeddable":true,"href":"https:\/\/www.europesays.com\/fr\/wp-json\/wp\/v2\/comments?post=186912"}],"version-history":[{"count":0,"href":"https:\/\/www.europesays.com\/fr\/wp-json\/wp\/v2\/posts\/186912\/revisions"}],"wp:featuredmedia":[{"embeddable":true,"href":"https:\/\/www.europesays.com\/fr\/wp-json\/wp\/v2\/media\/186913"}],"wp:attachment":[{"href":"https:\/\/www.europesays.com\/fr\/wp-json\/wp\/v2\/media?parent=186912"}],"wp:term":[{"taxonomy":"category","embeddable":true,"href":"https:\/\/www.europesays.com\/fr\/wp-json\/wp\/v2\/categories?post=186912"},{"taxonomy":"post_tag","embeddable":true,"href":"https:\/\/www.europesays.com\/fr\/wp-json\/wp\/v2\/tags?post=186912"}],"curies":[{"name":"wp","href":"https:\/\/api.w.org\/{rel}","templated":true}]}}