{"id":186923,"date":"2025-06-18T22:30:19","date_gmt":"2025-06-18T22:30:19","guid":{"rendered":"https:\/\/www.europesays.com\/fr\/186923\/"},"modified":"2025-06-18T22:30:19","modified_gmt":"2025-06-18T22:30:19","slug":"la-nm1-bientot-de-retour-a-20-clubs","status":"publish","type":"post","link":"https:\/\/www.europesays.com\/fr\/186923\/","title":{"rendered":"La NM1 bient\u00f4t de retour \u00e0 20 clubs ?"},"content":{"rendered":"<p>Samuel Tillon, le pr\u00e9sident des Enfants du Forez <a title=\"Feurs\" target=\"_blank\" rel=\"noopener\" href=\"https:\/\/www.bebasket.fr\/equipe\/feurs\">Feurs<\/a>-Rozier, a donn\u00e9 une entrevue dans <a target=\"_blank\" rel=\"noopener\" href=\"https:\/\/www.leprogres.fr\/culture-loisirs\/2025\/03\/17\/enfants-du-forez-la-decision-de-repartir-en-n2-est-frustrante-mais-raisonnable\">Le Progr\u00e8s<\/a> afin d\u2019expliquer le choix de son club <a target=\"_blank\" rel=\"noopener\" href=\"https:\/\/www.bebasket.fr\/feurs-fait-le-choix-de-redescendre-une-fois-de-plus-en-nationale-2-a-lissue-de-la-saison\">de ne pas repartir en Nationale 1<\/a> mais en Nationale 2 masculine (NM2) la saison prochaine. Il y explique notamment que la F\u00e9d\u00e9ration fran\u00e7aise de basketball (FFBB) envisage de revenir \u00e0 20 clubs d\u2019ici 2027 :<b><br \/><\/b><\/p>\n<blockquote class=\"normal\">\n<p style=\"padding-left:40px;text-align:left\">\u00ab La d\u00e9cision de repartir en Nationale 2 est frustrante mais raisonnable. Soit on reculait, soit on tombait, alors oui nous avons anticip\u00e9. Nous savons que les budgets des clubs vont continuer d\u2019augmenter et que nous aurons du mal \u00e0 suivre. Si rien n\u2019a \u00e9t\u00e9 act\u00e9 par la F\u00e9d\u00e9ration, l\u2019\u00e9volution du championnat de 28 \u00e9quipes \u2013 deux poules de 14 \u2013 \u00e0 une poule unique \u00e0 20 \u00e9quipes est envisag\u00e9e au cours des deux prochaines ann\u00e9es. C\u2019est une orientation que je comprends avec la volont\u00e9 d\u2019avoir des clubs structur\u00e9s sur le plan administratif capables d\u2019acc\u00e9der \u00e0 la Pro B. Les Enfants du Forez Feurs-Rozier reposent sur le b\u00e9n\u00e9volat, nous n\u2019avons pas de directeur g\u00e9n\u00e9ral ou ne serait-ce qu\u2019une secr\u00e9taire salari\u00e9e. \u00bb<\/p>\n<\/blockquote>\n<p>La Nationale 1 est pass\u00e9e de 18 \u00e0 28 clubs en 2018. Seulement, un grand nombre de clubs se sont retrouv\u00e9s en difficult\u00e9 \u00e9conomique. Ainsi, \u00e0 l\u2019issue de la saison 2023-2024, aucun des quatre clubs rel\u00e9gu\u00e9s sportivement n\u2019est descendu en Nationale 2. De plus, chaque ann\u00e9e des clubs de NM2 refusent de monter, pour raisons \u00e9conomiques. Ce fut notamment le cas du vice-champion de France de la division, Le Cannet, au printemps 2024.<\/p>\n<p>LIRE AUSSI<\/p>\n<p><a title=\"Feurs fait le choix de redescendre une fois de plus en Nationale 2, \u00e0 l\u2019issue de la saison\" href=\"https:\/\/www.bebasket.fr\/feurs-fait-le-choix-de-redescendre-une-fois-de-plus-en-nationale-2-a-lissue-de-la-saison\" target=\"_blank\" rel=\"noopener\"> <img decoding=\"async\" src=\"https:\/\/www.europesays.com\/fr\/wp-content\/uploads\/2025\/06\/feurs-2024-2025-1f000c13-7562-6ef4-bdc0-d5bd6596f6a0.jpg\" alt=\"Feurs 2024-2025\"\/> <\/a><\/p>\n","protected":false},"excerpt":{"rendered":"Samuel Tillon, le pr\u00e9sident des Enfants du Forez Feurs-Rozier, a donn\u00e9 une entrevue dans Le Progr\u00e8s afin d\u2019expliquer&hellip;\n","protected":false},"author":2,"featured_media":186924,"comment_status":"","ping_status":"","sticky":false,"template":"","format":"standard","meta":{"footnotes":""},"categories":[1414],"tags":[1465,1464,1011,27,60],"class_list":{"0":"post-186923","1":"post","2":"type-post","3":"status-publish","4":"format-standard","5":"has-post-thumbnail","7":"category-basket","8":"tag-basket","9":"tag-basketball","10":"tag-fr","11":"tag-france","12":"tag-sports"},"share_on_mastodon":{"url":"https:\/\/pubeurope.com\/@fr\/114706738346736968","error":""},"_links":{"self":[{"href":"https:\/\/www.europesays.com\/fr\/wp-json\/wp\/v2\/posts\/186923","targetHints":{"allow":["GET"]}}],"collection":[{"href":"https:\/\/www.europesays.com\/fr\/wp-json\/wp\/v2\/posts"}],"about":[{"href":"https:\/\/www.europesays.com\/fr\/wp-json\/wp\/v2\/types\/post"}],"author":[{"embeddable":true,"href":"https:\/\/www.europesays.com\/fr\/wp-json\/wp\/v2\/users\/2"}],"replies":[{"embeddable":true,"href":"https:\/\/www.europesays.com\/fr\/wp-json\/wp\/v2\/comments?post=186923"}],"version-history":[{"count":0,"href":"https:\/\/www.europesays.com\/fr\/wp-json\/wp\/v2\/posts\/186923\/revisions"}],"wp:featuredmedia":[{"embeddable":true,"href":"https:\/\/www.europesays.com\/fr\/wp-json\/wp\/v2\/media\/186924"}],"wp:attachment":[{"href":"https:\/\/www.europesays.com\/fr\/wp-json\/wp\/v2\/media?parent=186923"}],"wp:term":[{"taxonomy":"category","embeddable":true,"href":"https:\/\/www.europesays.com\/fr\/wp-json\/wp\/v2\/categories?post=186923"},{"taxonomy":"post_tag","embeddable":true,"href":"https:\/\/www.europesays.com\/fr\/wp-json\/wp\/v2\/tags?post=186923"}],"curies":[{"name":"wp","href":"https:\/\/api.w.org\/{rel}","templated":true}]}}