{"id":186933,"date":"2025-06-18T22:35:09","date_gmt":"2025-06-18T22:35:09","guid":{"rendered":"https:\/\/www.europesays.com\/fr\/186933\/"},"modified":"2025-06-18T22:35:09","modified_gmt":"2025-06-18T22:35:09","slug":"laeticia-hallyday-une-entreprise-de-nettoyage-intervient-a-son-domicile-pour-effacer-des-traces-de-sang-apres-une-enorme-blessure","status":"publish","type":"post","link":"https:\/\/www.europesays.com\/fr\/186933\/","title":{"rendered":"Laeticia Hallyday : une entreprise de nettoyage intervient \u00e0 son domicile pour effacer des traces de sang apr\u00e8s une \u00e9norme blessure"},"content":{"rendered":"<p>      R\u00e9sum\u00e9<\/p>\n<p>Johnny Hallyday s\u2019est bless\u00e9 au pied et a cach\u00e9 l\u2019incident \u00e0 Laeticia en faisant intervenir une entreprise pour effacer les traces de sang \u00e0 leur domicile.<\/p>\n<p>        Sommaire<\/p>\n<p>La vie de <a href=\"https:\/\/www.public.fr\/tag\/johnny-hallyday\" rel=\"nofollow noopener\" target=\"_blank\">Johnny Hallyday<\/a> a \u00e9t\u00e9 marqu\u00e9e par de nombreuses histoires, parfois compl\u00e8tement folles. Et certaines, longtemps rest\u00e9es secr\u00e8tes, continuent encore aujourd&rsquo;hui \u00e0 refaire surface.<\/p>\n<p>Dans son livre Tout le monde l&rsquo;appelait Johnny, paru en juin 2023 aux \u00e9ditions Mareuil, Patrick Roussel, l&rsquo;ancien chauffeur et garde du corps du rockeur, s&rsquo;est d&rsquo;ailleurs amus\u00e9 \u00e0 d\u00e9voiler quelques anecdotes peu connues.<\/p>\n<p>Parmi elles, un incident surprenant. <strong>Johnny se serait en effet bless\u00e9 violemment au pied apr\u00e8s avoir donn\u00e9 un coup dans son lit. R\u00e9sultat des courses ? Une vilaine h\u00e9morragie\u2026 qu&rsquo;il aurait pourtant choisi de cacher \u00e0 son \u00e9pouse<\/strong>. <\/p>\n<p>Johnny Hallyday : son secret bien gard\u00e9<\/p>\n<p>Pour \u00e9pargner <a href=\"https:\/\/www.public.fr\/tag\/laeticia-hallyday\" rel=\"nofollow noopener\" target=\"_blank\">Laeticia<\/a>, Johnny aurait en effet demand\u00e9 \u00e0 Patrick Roussel de soigner sa blessure, avant de l&rsquo;envoyer contacter une entreprise de nettoyage afin d&rsquo;effacer les traces de sang sur la moquette. \u00ab\u00a0<strong>Il ne voulait pas que Laeticia s\u2019aper\u00e7oive de quoi que ce soit<\/strong>\u00ab\u00a0, a-t-il expliqu\u00e9. <\/p>\n<p>Chauffeur et garde du corps du Taulier, Patrick Roussel a aussi \u00e9t\u00e9 l&rsquo;un de ses confidents les plus proches pendant des ann\u00e9es. Dans une interview accord\u00e9e \u00e0 T\u00e9l\u00e9matin, il avait d&rsquo;ailleurs confi\u00e9 avoir d\u00fb garder des secrets parfois bien plus lourds que ce que l&rsquo;on peut imaginer. <\/p>\n<p>\u00ab\u00a0<strong>J\u2019ai\u00a0vu beaucoup de choses, j\u2019ai entendu beaucoup de choses.<\/strong> Confident, je l\u2019ai \u00e9t\u00e9 de force, m\u00eame si ce n\u2019\u00e9tait pas ce que je pr\u00e9f\u00e9rais, parce que les secrets, je n\u2019aimais pas forc\u00e9ment les avoir. C\u2019est un poids et une charge suppl\u00e9mentaires\u00a0\u00bb, avait-il indiqu\u00e9. <\/p>\n<p>Laeticia Hallyday \u00e9panouie<\/p>\n<p>Aujourd&rsquo;hui, il n&rsquo;est plus tenu au silence. \u00ab\u00a0<strong>Si Laeticia tombe sur ces lignes, ou si quelqu\u2019un lui parle de mon livre,\u00a0elle va \u00eatre au courant.\u00a0Cela n\u2019a pas d\u2019importance, il y a prescription<\/strong>\u00ab\u00a0, estime-t-il. <\/p>\n<p>Nul doute que la maman de <a href=\"https:\/\/www.instagram.com\/jadehallyday\/?hl=fr\" target=\"_blank\" rel=\"noreferrer noopener nofollow\">Jade<\/a> et Joy ne fera pas de drame en d\u00e9couvrant cette petite m\u00e9saventure. <\/p>\n<p>Depuis la disparition de son \u00e9poux, elle a d&rsquo;ailleurs refait sa vie. Si son idylle avec Jalil Lespert n&rsquo;a pas dur\u00e9, Laeticia Hallyday a finalement retrouv\u00e9 l&rsquo;amour dans les bras de Fr\u00e9d\u00e9ric Suant, un chef d&rsquo;entreprise avec qui <a href=\"https:\/\/www.public.fr\/laeticia-hallyday-et-frederic-suant-bons-baisers-de-roland-garros-malgre-les-critiques-dun-employe-de-johnny\" rel=\"nofollow noopener\" target=\"_blank\">elle s&rsquo;est r\u00e9cemment affich\u00e9e tr\u00e8s complice\u2026 en pleine tribune de Roland-Garros<\/a>. <\/p>\n<p>      Mentionn\u00e9s dans cet article<\/p>\n<p>\u00c0 lire aussi<\/p>\n<p><script async src=\"\/\/www.instagram.com\/embed.js\"><\/script><\/p>\n","protected":false},"excerpt":{"rendered":"R\u00e9sum\u00e9 Johnny Hallyday s\u2019est bless\u00e9 au pied et a cach\u00e9 l\u2019incident \u00e0 Laeticia en faisant intervenir une entreprise&hellip;\n","protected":false},"author":2,"featured_media":186934,"comment_status":"","ping_status":"","sticky":false,"template":"","format":"standard","meta":{"footnotes":""},"categories":[1359],"tags":[1431,58,59,1011,27,1304,7648,973],"class_list":{"0":"post-186933","1":"post","2":"type-post","3":"status-publish","4":"format-standard","5":"has-post-thumbnail","7":"category-people","8":"tag-blessure","9":"tag-divertissement","10":"tag-entertainment","11":"tag-fr","12":"tag-france","13":"tag-johnny-hallyday","14":"tag-laeticia-hallyday","15":"tag-people"},"share_on_mastodon":{"url":"https:\/\/pubeurope.com\/@fr\/114706757947878577","error":""},"_links":{"self":[{"href":"https:\/\/www.europesays.com\/fr\/wp-json\/wp\/v2\/posts\/186933","targetHints":{"allow":["GET"]}}],"collection":[{"href":"https:\/\/www.europesays.com\/fr\/wp-json\/wp\/v2\/posts"}],"about":[{"href":"https:\/\/www.europesays.com\/fr\/wp-json\/wp\/v2\/types\/post"}],"author":[{"embeddable":true,"href":"https:\/\/www.europesays.com\/fr\/wp-json\/wp\/v2\/users\/2"}],"replies":[{"embeddable":true,"href":"https:\/\/www.europesays.com\/fr\/wp-json\/wp\/v2\/comments?post=186933"}],"version-history":[{"count":0,"href":"https:\/\/www.europesays.com\/fr\/wp-json\/wp\/v2\/posts\/186933\/revisions"}],"wp:featuredmedia":[{"embeddable":true,"href":"https:\/\/www.europesays.com\/fr\/wp-json\/wp\/v2\/media\/186934"}],"wp:attachment":[{"href":"https:\/\/www.europesays.com\/fr\/wp-json\/wp\/v2\/media?parent=186933"}],"wp:term":[{"taxonomy":"category","embeddable":true,"href":"https:\/\/www.europesays.com\/fr\/wp-json\/wp\/v2\/categories?post=186933"},{"taxonomy":"post_tag","embeddable":true,"href":"https:\/\/www.europesays.com\/fr\/wp-json\/wp\/v2\/tags?post=186933"}],"curies":[{"name":"wp","href":"https:\/\/api.w.org\/{rel}","templated":true}]}}