{"id":186935,"date":"2025-06-18T22:36:15","date_gmt":"2025-06-18T22:36:15","guid":{"rendered":"https:\/\/www.europesays.com\/fr\/186935\/"},"modified":"2025-06-18T22:36:15","modified_gmt":"2025-06-18T22:36:15","slug":"lappartement-dun-influenceur-culinaire-et-sa-cuisine-inspiree-dune-salade-cesar","status":"publish","type":"post","link":"https:\/\/www.europesays.com\/fr\/186935\/","title":{"rendered":"L&rsquo;appartement d&rsquo;un influenceur culinaire et sa cuisine inspir\u00e9e d&rsquo;une&#8230; salade C\u00e9sar"},"content":{"rendered":"<p><strong>Dans l&rsquo;appartement de cet influenceur, la cuisine est le clou du spectacle<\/strong><\/p>\n<p>Quel est le point commun entre le stylisme <a href=\"https:\/\/www.admagazine.fr\/adinspiration\/article\/design-culinaire-cheffes-suivre\" target=\"_blank\" rel=\"noopener\">culinaire<\/a> et la d\u00e9coration d\u2019int\u00e9rieur ? Dans les deux cas, tout repose sur la planification, l\u2019esth\u00e9tique et, surtout, la fonctionnalit\u00e9. Il n\u2019est donc pas \u00e9tonnant que le blogueur culinaire polonais Micha\u0142 Korkosz et l\u2019architecte Marcin Czopek, de l\u2019agence Mistovia, aient rapidement trouv\u00e9 un langage commun : le premier suivait depuis longtemps le travail du second, dont l\u2019approche esth\u00e9tique r\u00e9sonnait avec la sienne. Lorsqu\u2019il a emm\u00e9nag\u00e9 dans le quartier de Praga, \u00e0 Varsovie, Micha\u0142 Korkosz s&rsquo;est tout naturellement tourn\u00e9 vers Marcin Czopek pour concevoir l\u2019<a href=\"https:\/\/www.admagazine.fr\/article\/amenagement-balcon-idees-architectes-interieur\" target=\"_blank\" rel=\"noopener\">am\u00e9nagement<\/a> de son appartement. \u00ab D\u00e8s notre premi\u00e8re rencontre, Micha\u0142 avait apport\u00e9 un moodboard parfaitement structur\u00e9 \u00bb, se souvient Marcin Czopek. \u00ab Le briefing visait \u00e0 concevoir un foyer qui refl\u00e8te sa vision de la cuisine et de la vie. \u00bb<\/p>\n<p>Le blogueur polonais Micha\u0142 Korkosz s\u2019est install\u00e9 dans le quartier de Praga \u00e0 Varsovie.<\/p>\n<p>ONI Studio<\/p>\n<p>Le compte Instagram du blogueur culinaire compte plus de 750.000 abonn\u00e9s. Il allait donc de soi que la cuisine b\u00e9n\u00e9ficie d\u2019une attention particuli\u00e8re lors de l\u2019am\u00e9nagement de son nouvel appartement de 65 m\u00e8tres carr\u00e9s.<\/p>\n<p>La cuisine, point fort de l\u2019appartement de l&rsquo;influenceur<\/p>\n<p>\u00ab Pour faire de la <a href=\"https:\/\/www.admagazine.fr\/article\/cuisine-ouverte-plus-belle-piece-maison\" target=\"_blank\" rel=\"noopener\">cuisine<\/a> le c\u0153ur de l\u2019appartement, nous avons supprim\u00e9 une grande partie des cloisons, afin de cr\u00e9er un vaste espace d\u00e9di\u00e9 \u00e0 la vie et aux repas \u00bb, explique l\u2019architecte. Mais inutile d\u2019imaginer un \u00e9quipement digne d\u2019une cuisine gastronomique high-tech. \u00ab Micha\u0142 cuisine sans chichi \u00bb, pr\u00e9cise-t-il. \u00ab Ses recettes reposent sur des ingr\u00e9dients simples, pr\u00e9par\u00e9s sans comp\u00e9tences particuli\u00e8res ni gadgets. \u00bb Ce qui comptait davantage pour le blogueur, au-del\u00e0 de la fonctionnalit\u00e9 essentielle \u00e0 son activit\u00e9, c\u2019\u00e9tait la photog\u00e9nie de l\u2019espace, puisqu\u2019il y r\u00e9alise chaque jour les prises de vue de ses cr\u00e9ations.<\/p>\n<p>La <a href=\"https:\/\/www.admagazine.fr\/article\/palette-couleurs-fait-retour-force\" target=\"_blank\" rel=\"noopener\">palette<\/a> de couleurs de la cuisine s\u2019inspire de la nourriture : les fa\u00e7ades arborent un jaune beurre, tandis que les carreaux de l\u2019\u00eelot rappellent la salade C\u00e9sar.<\/p>\n<p>ONI Studios<\/p>\n","protected":false},"excerpt":{"rendered":"Dans l&rsquo;appartement de cet influenceur, la cuisine est le clou du spectacle Quel est le point commun entre&hellip;\n","protected":false},"author":2,"featured_media":186936,"comment_status":"","ping_status":"","sticky":false,"template":"","format":"standard","meta":{"footnotes":""},"categories":[1358],"tags":[1348,1384,1385,1386,58,59,1011,27,9986,2437],"class_list":{"0":"post-186935","1":"post","2":"type-post","3":"status-publish","4":"format-standard","5":"has-post-thumbnail","7":"category-arts-et-design","8":"tag-arts","9":"tag-arts-and-design","10":"tag-arts-et-design","11":"tag-design","12":"tag-divertissement","13":"tag-entertainment","14":"tag-fr","15":"tag-france","16":"tag-petits-espaces","17":"tag-pologne"},"share_on_mastodon":{"url":"https:\/\/pubeurope.com\/@fr\/114706761836753373","error":""},"_links":{"self":[{"href":"https:\/\/www.europesays.com\/fr\/wp-json\/wp\/v2\/posts\/186935","targetHints":{"allow":["GET"]}}],"collection":[{"href":"https:\/\/www.europesays.com\/fr\/wp-json\/wp\/v2\/posts"}],"about":[{"href":"https:\/\/www.europesays.com\/fr\/wp-json\/wp\/v2\/types\/post"}],"author":[{"embeddable":true,"href":"https:\/\/www.europesays.com\/fr\/wp-json\/wp\/v2\/users\/2"}],"replies":[{"embeddable":true,"href":"https:\/\/www.europesays.com\/fr\/wp-json\/wp\/v2\/comments?post=186935"}],"version-history":[{"count":0,"href":"https:\/\/www.europesays.com\/fr\/wp-json\/wp\/v2\/posts\/186935\/revisions"}],"wp:featuredmedia":[{"embeddable":true,"href":"https:\/\/www.europesays.com\/fr\/wp-json\/wp\/v2\/media\/186936"}],"wp:attachment":[{"href":"https:\/\/www.europesays.com\/fr\/wp-json\/wp\/v2\/media?parent=186935"}],"wp:term":[{"taxonomy":"category","embeddable":true,"href":"https:\/\/www.europesays.com\/fr\/wp-json\/wp\/v2\/categories?post=186935"},{"taxonomy":"post_tag","embeddable":true,"href":"https:\/\/www.europesays.com\/fr\/wp-json\/wp\/v2\/tags?post=186935"}],"curies":[{"name":"wp","href":"https:\/\/api.w.org\/{rel}","templated":true}]}}