{"id":186939,"date":"2025-06-18T22:38:19","date_gmt":"2025-06-18T22:38:19","guid":{"rendered":"https:\/\/www.europesays.com\/fr\/186939\/"},"modified":"2025-06-18T22:38:19","modified_gmt":"2025-06-18T22:38:19","slug":"qui-a-ete-elimine-aux-portes-de-la-demi-finale-ce-mercredi-18-juin","status":"publish","type":"post","link":"https:\/\/www.europesays.com\/fr\/186939\/","title":{"rendered":"Qui a \u00e9t\u00e9 \u00e9limin\u00e9 aux portes de la demi-finale ce mercredi 18 juin ?"},"content":{"rendered":"<p>\u00c7a y est ! Les quarts de finale de la <a href=\"https:\/\/www.programme-tv.net\/news\/tv\/365451-top-chef-2025-jury-tournage-pas-d-objectif-top-chef-les-premieres-infos-de-la-saison-16\/\" data-api-deeplink=\"teleloisirs:\/\/news\/365451\" target=\"_blank\" rel=\"noopener\">saison 16 de <b>Top Chef<\/b> <\/a>sont enfin arriv\u00e9s. Avec l&rsquo;arriv\u00e9e <a href=\"https:\/\/www.programme-tv.net\/news\/tv\/379782-quels-candidats-ont-gagne-les-brigades-cachees-et-reintegrent-top-chef-a-partir-de-la-semaine-prochaine\/\" data-api-deeplink=\"teleloisirs:\/\/news\/379782\" target=\"_blank\" rel=\"noopener\">des deux candidats des Brigades cach\u00e9es<\/a> il y a deux semaines, cette \u00e9tape d\u00e9cisive avait \u00e9t\u00e9 d\u00e9cal\u00e9e. Mais l&rsquo;heure du dernier carr\u00e9 a sonn\u00e9 ce mercredi 18 juin. L&rsquo;occasion de retrouver Charlie, d\u00e9j\u00e0 qualifi\u00e9 depuis le huiti\u00e8me \u00e9pisode, face \u00e0 Quentin, seul rescap\u00e9 du concours initial, Gr\u00e9goire et Ilane, tous deux vainqueurs du concours parall\u00e8le. Pour les d\u00e9partager, les candidats se sont affront\u00e9s au cours de trois \u00e9preuves, chacune qualifiant l&rsquo;un d&rsquo;eux pour la suite.<\/p>\n<p>\u00ab\u00a0Une claque sur chaque assiette\u00a0\u00bb : les chefs invit\u00e9s bluff\u00e9s par le niveau des candidats de Top Chef 2025 en quarts de finale<\/p>\n<p>Pour la premi\u00e8re \u00e9preuve, Alexandre Mazzia a demand\u00e9 aux candidats d&rsquo;avoir <b>un \u00e9l\u00e9ment br\u00fbl\u00e9 au c\u0153ur de l&rsquo;assiette<\/b>. Si tous ont pr\u00e9sent\u00e9 des plats r\u00e9ussis au chef proven\u00e7al, c&rsquo;est Charlie qui l&rsquo;a le plus s\u00e9duit en osant le chou br\u00fbl\u00e9, associ\u00e9 \u00e0 l&rsquo;orange et un \u00e9l\u00e9ment lactique. \u00c0 peine revenu dans les cuisines de Top Chef, le candidat de <a href=\"https:\/\/www.programme-tv.net\/biographie\/451590-pairet-paul\/\" data-link-people=\"c0989b48-cd34-4f9c-a5c1-f0de7788bab4\" target=\"_blank\" rel=\"noopener\">Paul Pairet<\/a> est donc exempt\u00e9 des autres \u00e9preuves de la soir\u00e9e et est qualifi\u00e9 pour la demi-finale. Arnaud Donckele et Arnaud Lallement ont lanc\u00e9 un \u00e9norme d\u00e9fi aux candidats pour la <b>deuxi\u00e8me \u00e9preuve : inventer une sauce totalement in\u00e9dite<\/b>. Douche froide pour les trois candidats qui ont tous vu leur chef de brigade respectif \u00e9mettre des doutes sur leur proposition. Chacun a donc revu sa copie. Et bien leur en a pris ! En misant sur sa bouillabaisse d\u00e9structur\u00e9e, Ilane a bluff\u00e9 les deux chefs\u2026 mais aussi Fabien Ferr\u00e9 \u00ab\u00a0<b>jaloux parce qu&rsquo;il n&rsquo;aurait pas fait mieux<\/b>\u00ab\u00a0.<\/p>\n<p>                        Top Chef 2025 : quel est le premier candidat qualifi\u00e9 pour le quart de finale de la saison 16 ?<\/p>\n<p>Gr\u00e9goire a, pour sa part, re\u00e7u beaucoup d&rsquo;\u00e9loges sur sa combinaison terre-mer et brioche toast\u00e9e. \u00ab\u00a0Je crois que c&rsquo;est une de mes plus belles d\u00e9gustations\u00a0\u00bb, a analys\u00e9 le prot\u00e9g\u00e9 d&rsquo;\u00c9ric Fr\u00e9chon. Quant \u00e0 Quentin, ses quatre sauces rappelant chacune un \u00e9l\u00e9ment du jus de viande a scotch\u00e9 les deux chefs \u00e9toil\u00e9s, qualifiant sa proposition de \u00ab\u00a0plat d&rsquo;avant-garde\u00a0\u00bb qui \u00ab\u00a0am\u00e8ne une partition musicale, une fragrance jamais vraiment rencontr\u00e9e quelque part\u00a0\u00bb. Le duo de chefs a salu\u00e9 le niveau de cette rel\u00e8ve de cuisiniers. \u00ab\u00a0J&rsquo;ai vraiment pris une claque sur chaque assiette\u00a0\u00bb, a insist\u00e9 Arnaud Lallement. Si la d\u00e9cision a \u00e9t\u00e9 difficile \u00e0 prendre, c&rsquo;est finalement Quentin qui a remport\u00e9 cette \u00e9preuve, se qualifiant donc pour la demi-finale.<\/p>\n<p>\u00ab\u00a0Je reviens un peu de l&rsquo;enfer\u00a0\u00bb : un candidat issu des Brigades cach\u00e9es acc\u00e8de \u00e0 la demi-finale de Top Chef 2025 !<\/p>\n<p>Les deux derniers candidats ont d\u00fb sublimer le pain perdu sucr\u00e9. Un intitul\u00e9 qui a ravi Gr\u00e9goire, fan de ce dessert, beaucoup moins Ilane qui n&rsquo;en avait jamais mang\u00e9. Et ce sont <a href=\"https:\/\/www.programme-tv.net\/biographie\/199494-le-quellec-stephanie\/\" data-link-people=\"4924059f-f853-4067-8c95-e691acd372fe\" target=\"_blank\" rel=\"noopener\">St\u00e9phanie Le Quellec<\/a> et <a href=\"https:\/\/www.programme-tv.net\/biographie\/138649-etchebest-philippe\/\" data-link-people=\"25888dd0-df6a-4e79-aa22-fd391266dd60\" target=\"_blank\" rel=\"noopener\">Philippe Etchebest<\/a>, qui n&rsquo;ont plus de candidats en lice, qui les ont d\u00e9partag\u00e9s \u00e0 l&rsquo;aveugle. Les deux chefs ont \u00e9t\u00e9 d\u00e9rout\u00e9s par la proposition d&rsquo;Ilane, avec trois pains diff\u00e9rents imbib\u00e9s chacun d&rsquo;un appareil \u00e9pic\u00e9 qui lui \u00e9tait propre. Une prise de risque qu&rsquo;ils n&rsquo;ont pas retrouv\u00e9 chez Gr\u00e9goire qui a mis\u00e9 sur une brioche perdue aux agrumes, mais qui \u00e9tait mieux r\u00e9alis\u00e9e que la premi\u00e8re assiette. C&rsquo;est donc Gr\u00e9goire qui a \u00e9t\u00e9 sauv\u00e9 par les deux chefs, provoquant l&rsquo;\u00e9limination d&rsquo;Ilane en quarts de finale. \u00ab\u00a0<a href=\"https:\/\/www.programme-tv.net\/news\/tv\/380415-gregoire-top-chef-2025-de-retour-apres-avoir-gagne-les-brigades-cachees-sortir-9e-ce-n-etait-pas-du-tout-ma-place\/\" data-api-deeplink=\"teleloisirs:\/\/news\/380415\" target=\"_blank\" rel=\"noopener\">Je reviens un peu de l&rsquo;enfer parce que je suis sorti 9e du concours<\/a>, l\u00e0 je suis dans le top 3. Aujourd&rsquo;hui, c&rsquo;\u00e9tait une belle revanche\u00a0\u00bb, a rappel\u00e9 le jeune homme aux manchettes vertes. De son c\u00f4t\u00e9, Ilane s&rsquo;est dit \u00ab\u00a0content d&rsquo;en \u00eatre arriv\u00e9 l\u00e0, mais frustr\u00e9 de ne pas \u00eatre all\u00e9 au bout\u00a0\u00bb. Fier de son tout premier candidat, Fabien Ferr\u00e9 lui a adress\u00e9 un joli message d&rsquo;encouragement : \u00ab\u00a0<b>Tu m&rsquo;as donn\u00e9 beaucoup d&rsquo;\u00e9motions, tu m&rsquo;as fait vibrer, tu m&rsquo;as fait r\u00eaver<\/b>. Bravo, tu peux \u00eatre fier de ton parcours et je pense que tu es fait pour \u00e7a. Et il faut que tu vives tes r\u00eaves maintenant.\u00a0\u00bb<\/p>\n","protected":false},"excerpt":{"rendered":"\u00c7a y est ! Les quarts de finale de la saison 16 de Top Chef sont enfin arriv\u00e9s.&hellip;\n","protected":false},"author":2,"featured_media":186940,"comment_status":"","ping_status":"","sticky":false,"template":"","format":"standard","meta":{"footnotes":""},"categories":[1356],"tags":[244,58,59,1011,27,16646,23898,252,492,1364,1630],"class_list":{"0":"post-186939","1":"post","2":"type-post","3":"status-publish","4":"format-standard","5":"has-post-thumbnail","7":"category-television","8":"tag-commentaire","9":"tag-divertissement","10":"tag-entertainment","11":"tag-fr","12":"tag-france","13":"tag-m-6","14":"tag-stu00e9phane-rotenberg","15":"tag-television","16":"tag-top-chef","17":"tag-tv","18":"tag-zapping"},"share_on_mastodon":{"url":"https:\/\/pubeurope.com\/@fr\/114706769806931267","error":""},"_links":{"self":[{"href":"https:\/\/www.europesays.com\/fr\/wp-json\/wp\/v2\/posts\/186939","targetHints":{"allow":["GET"]}}],"collection":[{"href":"https:\/\/www.europesays.com\/fr\/wp-json\/wp\/v2\/posts"}],"about":[{"href":"https:\/\/www.europesays.com\/fr\/wp-json\/wp\/v2\/types\/post"}],"author":[{"embeddable":true,"href":"https:\/\/www.europesays.com\/fr\/wp-json\/wp\/v2\/users\/2"}],"replies":[{"embeddable":true,"href":"https:\/\/www.europesays.com\/fr\/wp-json\/wp\/v2\/comments?post=186939"}],"version-history":[{"count":0,"href":"https:\/\/www.europesays.com\/fr\/wp-json\/wp\/v2\/posts\/186939\/revisions"}],"wp:featuredmedia":[{"embeddable":true,"href":"https:\/\/www.europesays.com\/fr\/wp-json\/wp\/v2\/media\/186940"}],"wp:attachment":[{"href":"https:\/\/www.europesays.com\/fr\/wp-json\/wp\/v2\/media?parent=186939"}],"wp:term":[{"taxonomy":"category","embeddable":true,"href":"https:\/\/www.europesays.com\/fr\/wp-json\/wp\/v2\/categories?post=186939"},{"taxonomy":"post_tag","embeddable":true,"href":"https:\/\/www.europesays.com\/fr\/wp-json\/wp\/v2\/tags?post=186939"}],"curies":[{"name":"wp","href":"https:\/\/api.w.org\/{rel}","templated":true}]}}