{"id":18694,"date":"2025-04-12T00:58:10","date_gmt":"2025-04-12T00:58:10","guid":{"rendered":"https:\/\/www.europesays.com\/fr\/18694\/"},"modified":"2025-04-12T00:58:10","modified_gmt":"2025-04-12T00:58:10","slug":"guerre-en-ukraine-des-bangladais-affirment-avoir-ete-enroles-dans-larmee-par-la-russie","status":"publish","type":"post","link":"https:\/\/www.europesays.com\/fr\/18694\/","title":{"rendered":"Guerre en Ukraine : des Bangladais affirment avoir \u00e9t\u00e9 enr\u00f4l\u00e9s dans l&rsquo;arm\u00e9e par la Russie"},"content":{"rendered":"<p>\tGuerre en Ukraine : des Bangladais affirment avoir \u00e9t\u00e9 enr\u00f4l\u00e9s dans l&rsquo;arm\u00e9e par la Russie &#8211; Valeurs actuelles<\/p>\n<p><a href=\"https:\/\/www.valeursactuelles.com\/\" rel=\"nofollow noopener\" target=\"_blank\">Accueil<\/a> \u00bb <a href=\"https:\/\/www.valeursactuelles.com\/monde\" rel=\"nofollow noopener\" target=\"_blank\">Monde<\/a> \u00bb Guerre en Ukraine : des Bangladais affirment avoir \u00e9t\u00e9 enr\u00f4l\u00e9s dans l\u2019arm\u00e9e par la Russie<\/p>\n","protected":false},"excerpt":{"rendered":"Guerre en Ukraine : des Bangladais affirment avoir \u00e9t\u00e9 enr\u00f4l\u00e9s dans l&rsquo;arm\u00e9e par la Russie &#8211; Valeurs actuelles&hellip;\n","protected":false},"author":2,"featured_media":18695,"comment_status":"","ping_status":"","sticky":false,"template":"","format":"standard","meta":{"footnotes":""},"categories":[1591],"tags":[11,1813,6811,1887,131,5595,12,1885,1886,132],"class_list":{"0":"post-18694","1":"post","2":"type-post","3":"status-publish","4":"format-standard","5":"has-post-thumbnail","7":"category-russie","8":"tag-actualites","9":"tag-armee","10":"tag-bangladesh","11":"tag-federation-de-russie","12":"tag-guerre-en-ukraine","13":"tag-inde","14":"tag-news","15":"tag-russia","16":"tag-russian-federation","17":"tag-russie"},"share_on_mastodon":{"url":"https:\/\/pubeurope.com\/@fr\/114322283464688016","error":""},"_links":{"self":[{"href":"https:\/\/www.europesays.com\/fr\/wp-json\/wp\/v2\/posts\/18694","targetHints":{"allow":["GET"]}}],"collection":[{"href":"https:\/\/www.europesays.com\/fr\/wp-json\/wp\/v2\/posts"}],"about":[{"href":"https:\/\/www.europesays.com\/fr\/wp-json\/wp\/v2\/types\/post"}],"author":[{"embeddable":true,"href":"https:\/\/www.europesays.com\/fr\/wp-json\/wp\/v2\/users\/2"}],"replies":[{"embeddable":true,"href":"https:\/\/www.europesays.com\/fr\/wp-json\/wp\/v2\/comments?post=18694"}],"version-history":[{"count":0,"href":"https:\/\/www.europesays.com\/fr\/wp-json\/wp\/v2\/posts\/18694\/revisions"}],"wp:featuredmedia":[{"embeddable":true,"href":"https:\/\/www.europesays.com\/fr\/wp-json\/wp\/v2\/media\/18695"}],"wp:attachment":[{"href":"https:\/\/www.europesays.com\/fr\/wp-json\/wp\/v2\/media?parent=18694"}],"wp:term":[{"taxonomy":"category","embeddable":true,"href":"https:\/\/www.europesays.com\/fr\/wp-json\/wp\/v2\/categories?post=18694"},{"taxonomy":"post_tag","embeddable":true,"href":"https:\/\/www.europesays.com\/fr\/wp-json\/wp\/v2\/tags?post=18694"}],"curies":[{"name":"wp","href":"https:\/\/api.w.org\/{rel}","templated":true}]}}