{"id":186948,"date":"2025-06-18T22:43:09","date_gmt":"2025-06-18T22:43:09","guid":{"rendered":"https:\/\/www.europesays.com\/fr\/186948\/"},"modified":"2025-06-18T22:43:09","modified_gmt":"2025-06-18T22:43:09","slug":"a-quoi-ressemblait-la-fin-avant-le-deces-de-paul-walker","status":"publish","type":"post","link":"https:\/\/www.europesays.com\/fr\/186948\/","title":{"rendered":"\u00e0 quoi ressemblait la fin avant le d\u00e9c\u00e8s de Paul Walker ?"},"content":{"rendered":"<p>Ce soir, TF1 S\u00e9ries films diffuse le septi\u00e8me volet de la saga <a href=\"https:\/\/www.journaldugeek.com\/critique\/critique-fast-and-furious-x-le-debut-de-la-derniere-secousse\/\" target=\"_blank\" rel=\"noopener\">Fast and Furious<\/a>. Point de bascule pour la franchise, il marque la derni\u00e8re apparition de Brian O\u2019Conner. Il \u00e9tait une composante essentielle de la saga Fast and Furious, et elle bien failli s\u2019arr\u00eater au d\u00e9c\u00e8s de son interpr\u00e8te.<\/p>\n<p>En 2013, Paul Walker est victime <strong>d\u2019un accident de voiture<\/strong> alors qu\u2019il rentrait d\u2019un gala de charit\u00e9. Il est le passager d\u2019un v\u00e9hicule dont son ami a perdu le contr\u00f4le et qui est entr\u00e9 en collision avec un lampadaire et plusieurs arbres. Les deux hommes sont morts, <strong>Paul Walker avait 40 ans<\/strong>. \u00c0 cette \u00e9poque, le tournage de Fast and Furious 7 bat son plein. <strong>50 \u00e0 60% des prises de vues ont \u00e9t\u00e9 r\u00e9alis\u00e9es.<\/strong> Brian est alors essentiel \u00e0 l\u2019intrigue et les producteurs et le r\u00e9alisateur s\u2019interroge sur le bienfond\u00e9 de faire \u00e9clore ce septi\u00e8me film apr\u00e8s la trag\u00e9die. Le sc\u00e9nariste Chris Morgan expliquera \u00e0 Collider en 2017.<\/p>\n<blockquote>\n<p>\u201cOn le voyait beaucoup dans les sc\u00e8nes d\u2019action, mais pas dans les sc\u00e8nes dramatiques, donc impossible \u00e0 filmer (sans lui). On \u00e9tait tous boulevers\u00e9s, mais on se demandait vraiment s\u2019il \u00e9tait possible de terminer. \u00c0 un moment, on pensait tous \u00e0 tout arr\u00eater. On a pris le temps que chacun puisse faire son deuil\u201d.\u00a0<\/p>\n<\/blockquote>\n<p>Il ajoute qu\u2019apr\u00e8s plusieurs mois, il apparaissait \u00e9vident qu\u2019il devait faire de ce long-m\u00e9trage <strong>\u201cune exp\u00e9rience cathartique pour lui dire au revoir.<\/strong>\u00a0Tout s\u2019est donc jou\u00e9 dans cette derni\u00e8re s\u00e9quence\u201d.\u00a0<\/p>\n<p>Le sc\u00e9nariste fait r\u00e9f\u00e9rence aux ultimes images, qui montrent Dom et Brian roulant c\u00f4te \u00e0 c\u00f4te dans leurs voitures. Sur \u201cSee you again\u201d de Wiz Khalifa et Charlie Puth, le film illustre l\u2019envie de s\u00e9r\u00e9nit\u00e9 du h\u00e9ros. P\u00e8re de famille et mari, l\u2019ancien policier d\u00e9cide de se retirer de la sc\u00e8ne criminelle pour couler des jours heureux avec les siens. Dominic lui, entend continuer sur sa lanc\u00e9e. Les deux amis acceptent donc de tracer leur route chacun de leur c\u00f4t\u00e9, apr\u00e8s sept aventures riches en rebondissements.<\/p>\n<p> \u00c0 quoi ressemblait la fin avant la mort de Paul Walker\u00a0?\u00a0 <\/p>\n<p>Cette fin \u00e9tait \u00e9videmment diff\u00e9rente de celle envisag\u00e9e par le sc\u00e9nariste, qui esp\u00e9rait pouvoir mettre Paul Walker au c\u0153ur de tous les films suivants. Interrog\u00e9 sur la premi\u00e8re version du script, il expliquait en 2017. \u201cSi je me souviens bien, la fin originale \u00e9tait que nos gars finissaient par r\u00e9soudre le probl\u00e8me et redevenaient des hors-la-loi. C\u2019\u00e9tait une fin plus heureuse\u201d. Il ajoute que le final insinuait qu\u2019ils pr\u00e9paraient d\u00e9j\u00e0 un nouveau casse ou une nouvelle mission.<\/p>\n<p>Brian devait tout de m\u00eame s\u2019interroger sur sa place dans ce monde. \u201cC\u2019est un type qui \u00e9tait policier, au c\u0153ur de l\u2019action, pilote, et tout \u00e7a avec une femme formidable, un enfant et un autre en route\u201d. Il \u00e9tait alors question de montrer que, si l\u2019action lui manque, sa famille et sa pr\u00e9sence \u00e0 leur c\u00f4t\u00e9 importait plus.<\/p>\n<blockquote>\n<p>\u201cIl a une compr\u00e9hension diff\u00e9rente de ce qu\u2019il est au fond de lui et de ce qui compte le plus dans la vie. \u00c7a ne veut pas dire qu\u2019il doit arr\u00eater, mais le contexte est juste un peu diff\u00e9rent\u201d.\u00a0<\/p>\n<\/blockquote>\n<p> La saga a finalement continu\u00e9 <\/p>\n<p>M\u00eame une fois le tournage achev\u00e9, gr\u00e2ce aux sc\u00e8nes tourn\u00e9es avant le d\u00e9c\u00e8s de Walker et \u00e0 la participation de ses fr\u00e8res et des effets num\u00e9riques, les \u00e9quipes de Fast and Furious ont envisag\u00e9 de finir sur cette note. Des adieux au soleil couchant pour une saga qui aura occup\u00e9 ses acteurs principaux pendant pr\u00e8s de 14 ans. \u201c\u00c7a aurait pu \u00eatre la fin de la franchise. On s\u2019est dit que l\u2019on pourrait peut-\u00eatre laisser tomber et partir sur une bonne note. On s\u2019est tous mis d\u2019accord pour ne pas revenir dessus \u00e0 moins d\u2019avoir une histoire radicalement diff\u00e9rente et qui valait la peine d\u2019\u00eatre r\u00e9alis\u00e9e\u201d.\u00a0<\/p>\n<p>Cette histoire, c\u2019\u00e9tait celle du huiti\u00e8me film propos\u00e9 au cin\u00e9ma deux ans plus tard. <a href=\"https:\/\/www.journaldugeek.com\/2025\/05\/11\/la-saga-fast-furious-est-elle-enfin-terminee\/\" target=\"_blank\" rel=\"noopener\">Un onzi\u00e8me volet<\/a> doit sortir prochainement, il est largement promu comme le dernier de la saga.<\/p>\n<p>Concernant le personnage de Paul Walker,<strong> il sera r\u00e9guli\u00e8rement \u00e9voqu\u00e9 par les personnages<\/strong>, sa voiture sera d\u2019ailleurs montr\u00e9e plusieurs fois lors des repas de fin. Son ombre continue de planer sur la franchise, ne serait-ce qu\u2019au travers du parcours de sa femme Mia.<\/p>\n<blockquote>\n<p class=\"text-base text-neutral-700 dark:text-neutral-300\">\ud83d\udfe3 Pour ne manquer aucune news sur le Journal du Geek, abonnez-vous sur <a href=\"https:\/\/news.google.com\/publications\/CAAqBwgKMNr_hAswwYyCAw?hl=fr&amp;gl=FR&amp;ceid=FR%3Afr\" target=\"_blank\" rel=\"noopener\">Google Actualit\u00e9s<\/a> et sur <a href=\"https:\/\/whatsapp.com\/channel\/0029VaClM5y4tRry12tb7D2h\" target=\"_blank\" rel=\"noopener\">notre WhatsApp<\/a>. Et si vous nous adorez, on a <a href=\"https:\/\/www.journaldugeek.com\/newsletter\/\" target=\"_blank\" rel=\"noopener\">une newsletter tous les matins<\/a>.<\/p>\n<\/blockquote>\n","protected":false},"excerpt":{"rendered":"Ce soir, TF1 S\u00e9ries films diffuse le septi\u00e8me volet de la saga Fast and Furious. Point de bascule&hellip;\n","protected":false},"author":2,"featured_media":186949,"comment_status":"","ping_status":"","sticky":false,"template":"","format":"standard","meta":{"footnotes":""},"categories":[8],"tags":[58,59,21538,1011,27,32468],"class_list":{"0":"post-186948","1":"post","2":"type-post","3":"status-publish","4":"format-standard","5":"has-post-thumbnail","7":"category-divertissement","8":"tag-divertissement","9":"tag-entertainment","10":"tag-fast-and-furious","11":"tag-fr","12":"tag-france","13":"tag-vin-diesel"},"share_on_mastodon":{"url":"https:\/\/pubeurope.com\/@fr\/114706789473685852","error":""},"_links":{"self":[{"href":"https:\/\/www.europesays.com\/fr\/wp-json\/wp\/v2\/posts\/186948","targetHints":{"allow":["GET"]}}],"collection":[{"href":"https:\/\/www.europesays.com\/fr\/wp-json\/wp\/v2\/posts"}],"about":[{"href":"https:\/\/www.europesays.com\/fr\/wp-json\/wp\/v2\/types\/post"}],"author":[{"embeddable":true,"href":"https:\/\/www.europesays.com\/fr\/wp-json\/wp\/v2\/users\/2"}],"replies":[{"embeddable":true,"href":"https:\/\/www.europesays.com\/fr\/wp-json\/wp\/v2\/comments?post=186948"}],"version-history":[{"count":0,"href":"https:\/\/www.europesays.com\/fr\/wp-json\/wp\/v2\/posts\/186948\/revisions"}],"wp:featuredmedia":[{"embeddable":true,"href":"https:\/\/www.europesays.com\/fr\/wp-json\/wp\/v2\/media\/186949"}],"wp:attachment":[{"href":"https:\/\/www.europesays.com\/fr\/wp-json\/wp\/v2\/media?parent=186948"}],"wp:term":[{"taxonomy":"category","embeddable":true,"href":"https:\/\/www.europesays.com\/fr\/wp-json\/wp\/v2\/categories?post=186948"},{"taxonomy":"post_tag","embeddable":true,"href":"https:\/\/www.europesays.com\/fr\/wp-json\/wp\/v2\/tags?post=186948"}],"curies":[{"name":"wp","href":"https:\/\/api.w.org\/{rel}","templated":true}]}}