{"id":186952,"date":"2025-06-18T22:45:13","date_gmt":"2025-06-18T22:45:13","guid":{"rendered":"https:\/\/www.europesays.com\/fr\/186952\/"},"modified":"2025-06-18T22:45:13","modified_gmt":"2025-06-18T22:45:13","slug":"aux-etats-unis-la-fed-maintient-ses-taux-trump-denigre-powell-18-06-2025-a-2350","status":"publish","type":"post","link":"https:\/\/www.europesays.com\/fr\/186952\/","title":{"rendered":"Aux Etats-Unis, la Fed maintient ses taux, Trump d\u00e9nigre Powell &#8211; 18\/06\/2025 \u00e0 23:50"},"content":{"rendered":"<p>        <img fetchpriority=\"high\" decoding=\"async\" src=\"https:\/\/www.europesays.com\/fr\/wp-content\/uploads\/2025\/05\/08183541dad6265d8dad52938394514a-760x507.jpg\" alt=\"Le pr\u00e9sident de la banque centrale am\u00e9ricaine (Fed), Jerome Powell, le 7 mai 2025 \u00e0 Washington ( AFP \/ Brendan SMIALOWSKI )\" loading=\"eager\" width=\"760\" height=\"507\" style=\"max-width: 100%!important; height: auto;\"\/><\/p>\n<p class=\"c-image-news__legend\">Le pr\u00e9sident de la banque centrale am\u00e9ricaine (Fed), Jerome Powell, le 7 mai 2025 \u00e0 Washington ( AFP \/ Brendan SMIALOWSKI )<\/p>\n<p>\n La R\u00e9serve f\u00e9d\u00e9rale am\u00e9ricaine (Fed) a sans surprise mercredi laiss\u00e9 ses taux d&rsquo;int\u00e9r\u00eat inchang\u00e9s pour la quatri\u00e8me fois de suite, un statu quo qu&rsquo;elle semble vouloir encore prolonger malgr\u00e9 la frustration du pr\u00e9sident Donald Trump.\n<\/p>\n<p>\n Dans une d\u00e9cision attendue par les march\u00e9s, la Fed a maintenu ses taux dans une fourchette comprise entre 4,25% et 4,50%.\n<\/p>\n<p>\n Ces taux, qui guident les co\u00fbts d&#8217;emprunt des entreprises et particuliers, n&rsquo;ont pas \u00e9volu\u00e9 depuis la r\u00e9union de d\u00e9cembre de la banque centrale am\u00e9ricaine, avant le retour \u00e0 la Maison Blanche de M. Trump qui bout d&rsquo;impatience devant l&rsquo;absence de baisse des taux.\n<\/p>\n<p>\n Quelques heures avant l&rsquo;annonce de la d\u00e9cision de la Fed, il a r\u00e9p\u00e9t\u00e9 qu&rsquo;il n&rsquo;y avait selon lui \u00ab\u00a0pas d&rsquo;inflation\u00a0\u00bb aux Etats-Unis et qu&rsquo;il voudrait donc \u00ab\u00a0voir les taux baisser\u00a0\u00bb.\n<\/p>\n<p>\n Il a aussi qualifi\u00e9 de \u00ab\u00a0personne stupide\u00a0\u00bb et \u00ab\u00a0politis\u00e9e\u00a0\u00bb le pr\u00e9sident de la Fed, Jerome Powell.\n<\/p>\n<p>\n Donald Trump avait lui-m\u00eame d\u00e9sign\u00e9 M. Powell pour prendre la t\u00eate de l&rsquo;institution en 2018. Son mandat s&rsquo;ach\u00e8ve dans moins d&rsquo;un an.\n<\/p>\n<p>\n \u00ab\u00a0Peut-\u00eatre que je devrais aller \u00e0 la Fed. Est-ce que je suis autoris\u00e9 \u00e0 me d\u00e9signer moi-m\u00eame ?\u00a0\u00bb a grinc\u00e9 M. Trump mercredi, estimant que le niveau actuel des taux d&rsquo;int\u00e9r\u00eat \u00ab\u00a0co\u00fbt(ait) une fortune au pays\u00a0\u00bb en alourdissant la charge de remboursement de la dette.\n<\/p>\n<p> &#8211; Pr\u00e9visions revues en baisse &#8211;<\/p>\n<p>\n Toutefois, Jerome Powell a clairement laiss\u00e9 entendre que la Fed ne d\u00e9vierait pas rapidement de sa posture attentiste.\n<\/p>\n<p>\n Interrog\u00e9 en conf\u00e9rence de presse sur l&rsquo;impact des droits de douane mis en place par l&rsquo;ex\u00e9cutif am\u00e9ricain, M. Powell a assur\u00e9 que la Fed prendra \u00ab\u00a0des d\u00e9cisions plus avis\u00e9es et meilleures si nous attendons encore quelques mois ou le temps qu&rsquo;il faudra pour avoir une id\u00e9e r\u00e9elle de la mani\u00e8re dont cela se r\u00e9percutera sur l&rsquo;inflation\u00a0\u00bb.\n<\/p>\n<p>\n Nombre d&rsquo;experts consid\u00e8rent que le constat d&rsquo;une mod\u00e9ration de l&rsquo;inflation (\u00e0 +2,1% sur un an en avril aux Etats-Unis, selon l&rsquo;indice officiel PCE) aurait pu permettre \u00e0 la Fed de baisser ses taux ce mois-ci, mais c&rsquo;\u00e9tait sans compter l&rsquo;impact redout\u00e9 des droits de douane sur les prix.\n<\/p>\n<p>\n Ceux-ci mettent g\u00e9n\u00e9ralement \u00ab\u00a0un peu de temps\u00a0\u00bb avant d&rsquo;\u00eatre r\u00e9percut\u00e9s au niveau des consommateurs, a temporis\u00e9 Jerome Powell.\n<\/p>\n<p>\n Lors de la r\u00e9union, les responsables de la Fed ont aussi actualis\u00e9 &#8211; et d\u00e9grad\u00e9 &#8211; leurs pr\u00e9visions pour la premi\u00e8re \u00e9conomie mondiale.\n<\/p>\n<p>\n Ils attendent d\u00e9sormais la croissance du produit int\u00e9rieur brut (PIB) \u00e0 1,4% en 2025 (contre 1,7% pr\u00e9vu en mars et 2,1% en d\u00e9cembre 2024) et pr\u00e9voient une acc\u00e9l\u00e9ration de l&rsquo;inflation \u00e0 3% (contre 2,7% en mars), alors que la Fed vise 2%.\n<\/p>\n<p>\n Ils ont aussi l\u00e9g\u00e8rement relev\u00e9 le taux de ch\u00f4mage attendu, \u00e0 4,5% (contre 4,4% en mars).\n<\/p>\n<p>\n En revanche, les responsables de la Fed disent toujours envisager deux baisses de taux cette ann\u00e9e. Une \u00e9ventualit\u00e9 \u00e0 laquelle les analystes accordent de moins en moins de cr\u00e9dit au regard de la mani\u00e8re dont M. Powell a temporis\u00e9.\n<\/p>\n<p>\n Ils retiennent surtout que la Fed a r\u00e9duit le nombre de baisses envisag\u00e9es en 2026 et 2027.\n<\/p>\n<p>\n Apr\u00e8s une r\u00e9action initiale positive, Wall Street a flanch\u00e9 en prenant connaissance de ces perspectives et termin\u00e9 la s\u00e9ance ni totalement plomb\u00e9e ni rassur\u00e9e.\n<\/p>\n<p> &#8211; \u00ab\u00a0Stagflation\u00a0\u00bb \u00e0 l&rsquo;horizon &#8211;<\/p>\n<p>\n M. Powell a par ailleurs indiqu\u00e9 que la Fed surveillait les d\u00e9veloppements de la guerre entre l&rsquo;Iran et Isra\u00ebl, notamment du fait du risque d&rsquo;impact sur les prix du p\u00e9trole.\n<\/p>\n<p>\n Il a estim\u00e9 que les crises affectant l&rsquo;or noir \u00ab\u00a0n&rsquo;avaient g\u00e9n\u00e9ralement pas d&rsquo;impact durable sur l&rsquo;inflation, \u00e0 l&rsquo;exception bien s\u00fbr des ann\u00e9es 1970. (&#8230;) Mais l&rsquo;\u00e9conomie am\u00e9ricaine est beaucoup moins d\u00e9pendante du p\u00e9trole import\u00e9 qu&rsquo;\u00e0 l&rsquo;\u00e9poque\u00a0\u00bb.\n<\/p>\n<p>\n \u00ab\u00a0La Fed n&rsquo;aime pas parler de stagflation [mot-valise pour parler d&rsquo;une \u00e9conomie combin\u00e9e faible croissance et inflation \u00e9lev\u00e9e], mais c&rsquo;est ce qu&rsquo;ils pr\u00e9voient: plus de ch\u00f4mage, plus d&rsquo;inflation et une croissance ralentie cette ann\u00e9e\u00a0\u00bb, remarque dans une note Heather Long, \u00e9conomiste de la banque Navy Federal Credit Union.\n<\/p>\n<p>\n \u00ab\u00a0C&rsquo;est une situation d\u00e9licate pour la banque centrale comme pour les Am\u00e9ricains des classes moyennes et populaires qui sentiront la pression des hausses de prix li\u00e9es aux droits de douane\u00a0\u00bb, ajoute-t-elle.\n<\/p>\n<p>\n Pour elle comme pour la majorit\u00e9 des observateurs, la Fed ne bougera pas ses taux de l&rsquo;\u00e9t\u00e9 avant, peut-\u00eatre, une d\u00e9tente en septembre.<\/p>\n","protected":false},"excerpt":{"rendered":"Le pr\u00e9sident de la banque centrale am\u00e9ricaine (Fed), Jerome Powell, le 7 mai 2025 \u00e0 Washington ( AFP&hellip;\n","protected":false},"author":2,"featured_media":186953,"comment_status":"","ping_status":"","sticky":false,"template":"","format":"standard","meta":{"footnotes":""},"categories":[6],"tags":[400,398,408,35,405,33,34,1011,27,403,402,399,404,401,406,407],"class_list":{"0":"post-186952","1":"post","2":"type-post","3":"status-publish","4":"format-standard","5":"has-post-thumbnail","7":"category-economie","8":"tag-action-cac-40","9":"tag-bourse-de-paris","10":"tag-boursorama","11":"tag-business","12":"tag-cotations","13":"tag-economie","14":"tag-economy","15":"tag-fr","16":"tag-france","17":"tag-indices-devises","18":"tag-investir","19":"tag-investissement","20":"tag-marche-boursier","21":"tag-sicav","22":"tag-trackers","23":"tag-warrants"},"share_on_mastodon":{"url":"https:\/\/pubeurope.com\/@fr\/114706797524697117","error":""},"_links":{"self":[{"href":"https:\/\/www.europesays.com\/fr\/wp-json\/wp\/v2\/posts\/186952","targetHints":{"allow":["GET"]}}],"collection":[{"href":"https:\/\/www.europesays.com\/fr\/wp-json\/wp\/v2\/posts"}],"about":[{"href":"https:\/\/www.europesays.com\/fr\/wp-json\/wp\/v2\/types\/post"}],"author":[{"embeddable":true,"href":"https:\/\/www.europesays.com\/fr\/wp-json\/wp\/v2\/users\/2"}],"replies":[{"embeddable":true,"href":"https:\/\/www.europesays.com\/fr\/wp-json\/wp\/v2\/comments?post=186952"}],"version-history":[{"count":0,"href":"https:\/\/www.europesays.com\/fr\/wp-json\/wp\/v2\/posts\/186952\/revisions"}],"wp:featuredmedia":[{"embeddable":true,"href":"https:\/\/www.europesays.com\/fr\/wp-json\/wp\/v2\/media\/186953"}],"wp:attachment":[{"href":"https:\/\/www.europesays.com\/fr\/wp-json\/wp\/v2\/media?parent=186952"}],"wp:term":[{"taxonomy":"category","embeddable":true,"href":"https:\/\/www.europesays.com\/fr\/wp-json\/wp\/v2\/categories?post=186952"},{"taxonomy":"post_tag","embeddable":true,"href":"https:\/\/www.europesays.com\/fr\/wp-json\/wp\/v2\/tags?post=186952"}],"curies":[{"name":"wp","href":"https:\/\/api.w.org\/{rel}","templated":true}]}}