{"id":186954,"date":"2025-06-18T22:46:09","date_gmt":"2025-06-18T22:46:09","guid":{"rendered":"https:\/\/www.europesays.com\/fr\/186954\/"},"modified":"2025-06-18T22:46:09","modified_gmt":"2025-06-18T22:46:09","slug":"les-chiffres-fous-du-nimitz-le-porte-avions-americain-qui-fait-route-vers-le-golfe-persique","status":"publish","type":"post","link":"https:\/\/www.europesays.com\/fr\/186954\/","title":{"rendered":"Les chiffres fous du \u00ab\u00a0Nimitz\u00a0\u00bb, le porte-avions am\u00e9ricain qui fait route vers le Golfe persique"},"content":{"rendered":"<p>Jusqu\u2019o\u00f9 va aller <a href=\"https:\/\/www.20minutes.fr\/monde\/israel\/4159095-20250618-direct-guerre-israel-iran-alors-frappes-continuent-trump-hausse-contre-teheran\" class=\"color-ultramarine c-link\" target=\"_blank\" rel=\"noopener\">l\u2019escalade<\/a>\u00a0? Depuis une semaine et la premi\u00e8re attaque <a href=\"https:\/\/www.20minutes.fr\/monde\/etats-unis\/4146339-20250401-iran-teheran-agite-menace-nucleaire-cas-attaque-etats-unis-israel\" class=\"color-ultramarine c-link\" target=\"_blank\" rel=\"noopener\">d\u2019Isra\u00ebl sur l\u2019Iran<\/a>, la tension ne fait que monter, impliquant le monde entier, le G7 et principalement les <a href=\"https:\/\/www.20minutes.fr\/monde\/etats-unis\/\" class=\"color-ultramarine c-link\" target=\"_blank\" rel=\"noopener\">Etats-Unis<\/a> avec un <a href=\"https:\/\/www.20minutes.fr\/dossier\/donald_trump\" class=\"color-ultramarine c-link\" target=\"_blank\" rel=\"noopener\">Donald Trump<\/a> particuli\u00e8rement impliqu\u00e9 qui menace directement l\u2019ayatollah Ali Khamenei d\u2019intervenir et demande <a href=\"https:\/\/www.20minutes.fr\/monde\/etats-unis\/4159073-20250618-guerre-israel-iran-trump-veut-capitulation-conditions-teheran-menace-ayatollah-khamenei\" class=\"color-ultramarine c-link\" target=\"_blank\" rel=\"noopener\">la capitulation sans condition<\/a> de l\u2019Iran.<\/p>\n<p>Si, pour le moment, les Etats-Unis n\u2019ont pas directement agi dans la r\u00e9gion, le pays a dit renforcer son \u00ab\u00a0dispositif d\u00e9fensif\u00a0\u00bb sur place en y envoyant son porte-avions l\u2019USS Nimitz sur place. Une information confirm\u00e9e par le site <a href=\"https:\/\/www.marinetraffic.com\/en\/ais\/details\/ships\/shipid:359203\/mmsi:303981000\/imo:0\/vessel:USS_NIMITZ__CVN_68_\" rel=\"nofollow noopener\" target=\"_blank\" class=\"color-ultramarine c-link\">Marine Traffic<\/a> qui montre que le vaisseau, qui croisait en mer de Chine m\u00e9ridionale, a mis le cap \u00e0 l\u2019ouest et prend la direction du <a href=\"https:\/\/www.20minutes.fr\/dossier\/moyen_orient\" class=\"color-ultramarine c-link\" target=\"_blank\" rel=\"noopener\">Moyen-Orient<\/a>. Il devrait y rejoindre l\u2019USS Carl Vinson et l\u2019USS Thomas Hudner d\u00e9j\u00e0 d\u00e9ploy\u00e9s dans la r\u00e9gion.<\/p>\n<p>Un a\u00e9roport flottant mont\u00e9 sur une centrale nucl\u00e9aire<\/p>\n<p>Une mani\u00e8re sans doute de faire monter la pression dans le camp d\u2019en face tant le Nimitz est un sacr\u00e9 client. Nomm\u00e9 en l\u2019honneur de l\u2019amiral Chester W. Nimitz, commandant de la flotte am\u00e9ricaine du Pacifique pendant la Seconde Guerre mondiale, il est le deuxi\u00e8me plus grand porte-avions de la flotte am\u00e9ricain derri\u00e8re l\u2019USS Gerald R. Ford et consid\u00e9r\u00e9 comme l\u2019un des plus puissants navires de guerre au monde.<\/p>\n<\/p>\n<p>Mis en service en\u00a01975, il est long de 332 m\u00e8tres (soit la taille de la tour Eiffel avec son antenne, ou trois terrains de football selon l\u2019\u00e9talon que l\u2019on pr\u00e9f\u00e8re) et large de 77 m\u00e8tres au niveau de son pont d\u2019envol. En taille, il surpasse en taille, et de loin, notre fleuron national, le <a href=\"https:\/\/www.20minutes.fr\/societe\/2622467-20191008-non-mosquee-porte-charles-gaulle\" class=\"color-ultramarine c-link\" target=\"_blank\" rel=\"noopener\">Charles-de-Gaulle<\/a> qui ne mesure \u00ab\u00a0que\u00a0\u00bb 261,5 m\u00e8tres de long pour 64,36 m\u00e8tres de large.<\/p>\n<p>Propuls\u00e9 par deux r\u00e9acteurs nucl\u00e9aires qui peuvent fournir jusqu\u2019\u00e0 2.200 MW (de quoi alimenter 200.000 foyers), il peut atteindre la vitesse de 30 n\u0153uds (55,56\u00a0km\/h), c\u2019est trois n\u0153uds de plus que le Charles-de-Gaulle et sup\u00e9rieur \u00e0 beaucoup de sous-marins. Les sous-marins de la <a href=\"https:\/\/www.20minutes.fr\/politique\/2539979-20190614-premier-sous-marin-nucleaire-barracuda-lance-12-juillet-cherbourg\" class=\"color-ultramarine c-link\" target=\"_blank\" rel=\"noopener\">classe Suffren<\/a>, par exemple, ont une vitesse maximale de 25 n\u0153uds (46,3\u00a0km\/h). Avec ses quatre turbines \u00e0 vapeur actionnant autant d\u2019h\u00e9lices, il peut d\u00e9velopper jusqu\u2019\u00e0 260.000 chevaux.<\/p>\n<p>Une puissance d\u00e9mentielle pour lancer jusqu\u2019\u00e0 90 avions<\/p>\n<p>Toute cette puissance lui permet un d\u00e9placement jusqu\u2019\u00e0 100.000 tonnes. Cela signifie que, lorsque le navire est totalement rempli (avec son \u00e9quipage, ses avions, ses munitions, son carburant, ses vivres et tout ce dont il a besoin pour op\u00e9rer), il p\u00e8se l\u2019\u00e9quivalent de 100.000 tonnes m\u00e9triques d\u2019eau d\u00e9plac\u00e9e. Un chiffre difficile \u00e0 se figurer mais pour comparaison, le d\u00e9placement du Charles-de-Gaulle est de 42.500 tonnes \u00ab\u00a0seulement\u00a0\u00bb. Un beau b\u00e9b\u00e9, on vous dit.<\/p>\n<p><a href=\"https:\/\/www.20minutes.fr\/monde\/iran\/\" class=\"c-link c-btn c-btn--primary\" target=\"_blank\" rel=\"noopener\">Nos articles sur la guerre Isra\u00ebl-Iran<\/a><\/p>\n<p>Toute cette puissance n\u2019est pas d\u00e9ploy\u00e9e que pour impressionner. Le porte-avions permet le d\u00e9placement d\u2019avions et d\u2019h\u00e9licopt\u00e8res, 60 a\u00e9ronefs (et jusqu\u2019\u00e0 90 selon la configuration) qui d\u00e9collent depuis son pont de 18.200 m2. Ses quatre catapultes \u00e0 vapeur peuvent lancer un avion de 21 tonnes \u00e0 265\u00a0km\/h en deux secondes et sur 97 m\u00e8tres avec la capacit\u00e9 d\u2019un lancement toutes les 30 \u00e0 45 secondes.<\/p>\n<p>Un hangar, un arsenal et\u2026 une petite ville flottante<\/p>\n<p>Tous ces avions sont entretenus et v\u00e9rifi\u00e9s dans un hangar, sous le pont de 208 m\u00e8tres de long, 33 m\u00e8tres de large et 8 m\u00e8tres de haut.<\/p>\n<p>Dans la coque toujours, on trouve 44 entrep\u00f4ts qui peuvent stocker 4.000 tonnes de bombes et 8.500 tonnes de carburant pour les a\u00e9ronefs. De retour sur la coque, on trouve quarante lance-missiles, trois canons et quatre mitrailleuses et toute une flop\u00e9e de radars qui peuvent scanner les alentours jusqu\u2019\u00e0 400 kilom\u00e8tres \u00e0 l\u2019horizontale et 45 kilom\u00e8tres d\u2019altitude.<\/p>\n<p>Ce monstrueux attirail est g\u00e9r\u00e9 par 6.000 navigants \u00e0 bord. Outre les marins, ing\u00e9nieurs, techniciens et pilotes, c\u2019est une v\u00e9ritable petite ville qui se d\u00e9ploie sous le pont de l\u2019USS Nimitz avec\u00a0: un h\u00f4pital, des caf\u00e9t\u00e9rias, des biblioth\u00e8ques, des cuisines, une blanchisserie, une boulangerie, une <a href=\"https:\/\/www.20minutes.fr\/planete\/4001899-20220921-alpes-maritimes-meteo-no-man-land-loupe-mesurer-impact-changement-climatique\" class=\"color-ultramarine c-link\" target=\"_blank\" rel=\"noopener\">station m\u00e9t\u00e9orologique<\/a>, un cin\u00e9ma, une caserne de pompiers, une chapelle, deux supermarch\u00e9s, un gymnase, un salon de coiffure, un bureau de poste, des ascenseurs g\u00e9ants,\u00a0etc.<\/p>\n","protected":false},"excerpt":{"rendered":"Jusqu\u2019o\u00f9 va aller l\u2019escalade\u00a0? Depuis une semaine et la premi\u00e8re attaque d\u2019Isra\u00ebl sur l\u2019Iran, la tension ne fait&hellip;\n","protected":false},"author":2,"featured_media":186955,"comment_status":"","ping_status":"","sticky":false,"template":"","format":"standard","meta":{"footnotes":""},"categories":[5],"tags":[47,11,17274,37,32469,73,1011,27,32470,14,3019,664,74,3257,12,3020,10458,28],"class_list":{"0":"post-186954","1":"post","2":"type-post","3":"status-publish","4":"format-standard","5":"has-post-thumbnail","7":"category-international","8":"tag-actualite","9":"tag-actualites","10":"tag-armee-americaine","11":"tag-avion","12":"tag-crise-en-iran","13":"tag-etats-unis","14":"tag-fr","15":"tag-france","16":"tag-golfe-persique","17":"tag-international","18":"tag-iran","19":"tag-israel","20":"tag-monde","21":"tag-moyen-orient","22":"tag-news","23":"tag-nucleaire-iranien","24":"tag-programme-nucleaire-iranien","25":"tag-world"},"share_on_mastodon":{"url":"https:\/\/pubeurope.com\/@fr\/114706801210486396","error":""},"_links":{"self":[{"href":"https:\/\/www.europesays.com\/fr\/wp-json\/wp\/v2\/posts\/186954","targetHints":{"allow":["GET"]}}],"collection":[{"href":"https:\/\/www.europesays.com\/fr\/wp-json\/wp\/v2\/posts"}],"about":[{"href":"https:\/\/www.europesays.com\/fr\/wp-json\/wp\/v2\/types\/post"}],"author":[{"embeddable":true,"href":"https:\/\/www.europesays.com\/fr\/wp-json\/wp\/v2\/users\/2"}],"replies":[{"embeddable":true,"href":"https:\/\/www.europesays.com\/fr\/wp-json\/wp\/v2\/comments?post=186954"}],"version-history":[{"count":0,"href":"https:\/\/www.europesays.com\/fr\/wp-json\/wp\/v2\/posts\/186954\/revisions"}],"wp:featuredmedia":[{"embeddable":true,"href":"https:\/\/www.europesays.com\/fr\/wp-json\/wp\/v2\/media\/186955"}],"wp:attachment":[{"href":"https:\/\/www.europesays.com\/fr\/wp-json\/wp\/v2\/media?parent=186954"}],"wp:term":[{"taxonomy":"category","embeddable":true,"href":"https:\/\/www.europesays.com\/fr\/wp-json\/wp\/v2\/categories?post=186954"},{"taxonomy":"post_tag","embeddable":true,"href":"https:\/\/www.europesays.com\/fr\/wp-json\/wp\/v2\/tags?post=186954"}],"curies":[{"name":"wp","href":"https:\/\/api.w.org\/{rel}","templated":true}]}}