{"id":186960,"date":"2025-06-18T22:49:25","date_gmt":"2025-06-18T22:49:25","guid":{"rendered":"https:\/\/www.europesays.com\/fr\/186960\/"},"modified":"2025-06-18T22:49:25","modified_gmt":"2025-06-18T22:49:25","slug":"firminy-gold-collectif-metisse-corrida-et-braderie-pour-feter-larrivee-de-lete","status":"publish","type":"post","link":"https:\/\/www.europesays.com\/fr\/186960\/","title":{"rendered":"Firminy. Gold, Collectif m\u00e9tiss\u00e9, corrida et braderie pour f\u00eater l\u2019arriv\u00e9e de l\u2019\u00e9t\u00e9"},"content":{"rendered":"<p>Avec du sport, de la musique et du commerce, les animations du prochain week-end devraient s\u00e9duire un large public.<\/p>\n<p>  F\u00eate de la musique<\/p>\n<p>D\u00e8s vendredi soir, la ville va s\u2019enflammer pour la F\u00eate de la musique avec cette ann\u00e9e, en t\u00eates d\u2019affiche, les groupes Gold et Collectif m\u00e9tiss\u00e9. \u00ab\u00a0On est tr\u00e8s attach\u00e9 \u00e0 ce rendez-vous, s\u2019enthousiasme l\u2019adjoint \u00e0 la culture, Denis Celle, qui ne peut se faire que sur la place du Breuil, \u00e9videmment.\u00a0\u00bb<\/p>\n<p>Rendez-vous est donn\u00e9 pour une plong\u00e9e dans le pop-rock des ann\u00e9es 1980 avec un des groupes mythiques de cette \u00e9poque, Gold. La sc\u00e8ne se mettra ensuite en mode plus tropical avec Collectif M\u00e9tiss\u00e9 et son reggae-pop r\u00e9v\u00e9l\u00e9 au public \u00e0 la fin des ann\u00e9es 2000.<\/p>\n<p>En ouverture de soir\u00e9e, d\u00e8s 20 heures, Lili Roiron offrira aux spectateurs une premi\u00e8re partie avec son <a href=\"https:\/\/www.leprogres.fr\/societe\/2025\/05\/03\/le-lily-s-cabaret-fete-ses-trois-ans-d-existence\" target=\"_blank\" rel=\"nofollow noopener\">Lily\u2019s cabaret<\/a>.<\/p>\n<p>  Braderie commerciale<\/p>\n<p>D\u00e8s vendredi, les \u00e9tals vont sortir des magasins pour prendre place sur les trottoirs. Place \u00e0 la traditionnelle braderie\u00a0! Si le premier jour est r\u00e9serv\u00e9 aux commer\u00e7ants appelous, le deuxi\u00e8me, par contre, va s\u2019ouvrir \u00e0 une trentaine de forains.<\/p>\n<p>Samedi, quelque 70 stands \u2013 tous commerces confondus \u2013 vont s\u2019installer sur la rue Jean-Jaur\u00e8s, avenue de la Gare et rue Verdi\u00e9. Une organisation bien huil\u00e9e g\u00e9r\u00e9e par l\u2019association commerciale <a href=\"https:\/\/www.leprogres.fr\/economie\/2025\/04\/28\/federer-et-augmenter-les-adherents-les-ambitions-des-vitrines-de-firminy\" target=\"_blank\" rel=\"nofollow noopener\">Les Vitrines de Firminy<\/a> mais qui n\u00e9cessite un gros travail en amont.<\/p>\n<p>L\u2019installation des forains d\u00e9butera d\u00e8s leur arriv\u00e9e, \u00e0 5 heures du matin\u2026 Pour une ouverture au public d\u00e8s 8\u00a0h\u00a030. Alors bien s\u00fbr, du c\u00f4t\u00e9 des Vitrines, on esp\u00e8re le m\u00eame succ\u00e8s que l\u2019ann\u00e9e derni\u00e8re, m\u00eame si la m\u00e9t\u00e9o avait jou\u00e9 les trouble-f\u00eates en fin d\u2019apr\u00e8s-midi.<\/p>\n<p>\u00ab\u00a0On a eu des \u00e9chos tr\u00e8s positifs, les commer\u00e7ants ont dit que c\u2019\u00e9tait la meilleure braderie qu\u2019ils aient jamais faite \u00e0 Firminy\u00a0\u00bb, souligne Lionel Panazza, un des copr\u00e9sidents des Vitrines. Pour cette \u00e9dition 2025, le beau temps et un grand soleil \u00e9tant attendus, tous les voyants sont au vert.<\/p>\n<p>D\u00e8s 17\u00a0h\u00a030-18\u00a0heures, les forains et commer\u00e7ants devront remballer pour que la soir\u00e9e organis\u00e9e pour la corrida appelouse puisse avoir lieu sur la place du Breuil, dans les meilleures conditions. \u00ab\u00a0Les deux \u00e9v\u00e9nements se marient tr\u00e8s bien. D\u2019ailleurs, cette ann\u00e9e, nous sommes partenaires de la corrida, annonce le copr\u00e9sident. Les gens qui viennent pour la corrida peuvent fl\u00e2ner dans la braderie et inversement les personnes pr\u00e9sentes \u00e0 la braderie peuvent aussi assister \u00e0 la course.\u00a0\u00bb<\/p>\n<p>  Sport et solidarit\u00e9\u00a0: place \u00e0 la Corrida appelouse<\/p>\n<p>Samedi, place donc \u00e0 la Corrida appelouse, que l\u2019on ne pr\u00e9sente plus. Depuis sa premi\u00e8re \u00e9dition en 2023, cette course urbaine a tellement fait parler d\u2019elle qu\u2019elle est dor\u00e9navant bien connue des athl\u00e8tes et du grand public.<\/p>\n<p>La troisi\u00e8me \u00e9dition se d\u00e9roulera d\u00e8s 13\u00a0h\u00a030 pour les petits coureurs avec une boucle de 750\u00a0m \u00e0 parcourir une, deux ou trois fois, en fonction de l\u2019\u00e2ge. \u00c0 14 heures, les marcheurs s\u2019\u00e9lanceront pour une boucle de 6\u00a0km et, \u00e0 14\u00a0h\u00a045, les coureurs adultes entreront en sc\u00e8ne pour 6\u00a0km. Une heure plus tard, la course des 12\u00a0km sera lanc\u00e9e. Quelque mille participants ont d\u00e9j\u00e0 leur dossard, mais on peut encore s\u2019inscrire, sur internet ou sur place le jour J.<\/p>\n<p>Aux manettes de la corrida, on retrouve David Soulier et l\u2019association Entraide appelouse, des b\u00e9n\u00e9voles qui ne m\u00e9nagent pas leurs efforts pour am\u00e9liorer la manifestation d\u2019ann\u00e9e en ann\u00e9e et s\u00e9duire un public toujours plus vaste.<\/p>\n<p>Pour cette \u00e9dition 2025, des animations auront lieu dans le parc Brunon, une guinguette sera install\u00e9e place du March\u00e9 o\u00f9 se tiendra \u00e9galement un rassemblement de v\u00e9hicules anciens. Un concert sera propos\u00e9 le soir, sur la m\u00eame sc\u00e8ne occup\u00e9e la veille pour la F\u00eate de la musique. Au programme, de la pop avec Morgane, du blues avec The Hot Squad et du reggae avec Les MC\u2019S du Midi.<\/p>\n<p>Sans oublier, bien s\u00fbr, que toutes les recettes de cette journ\u00e9e seront revers\u00e9es \u00e0 une association. Cette ann\u00e9e, ce sera pour Vole Papillon d\u2019Amour, association cr\u00e9\u00e9e il y a quinze ans pour soutenir Maxence, aujourd\u2019hui \u00e2g\u00e9 de 20 ans, atteint de multiples maladies rares dues \u00e0 une mutation cellulaire.<\/p>\n<p>Si l\u2019organisation est r\u00e9gl\u00e9e aux petits oignons, il y a quand m\u00eame un param\u00e8tre toujours incertain, c\u2019est la m\u00e9t\u00e9o. Apr\u00e8s deux \u00e9ditions arros\u00e9es par la pluie, le scenario devrait \u00eatre tout autre cette ann\u00e9e puisqu\u2019on s\u2019oriente plut\u00f4t vers un temps tr\u00e8s ensoleill\u00e9 et tr\u00e8s chaud.<\/p>\n<p>  De grosses mesures de s\u00e9curit\u00e9<\/p>\n<p>\u00ab\u00a0Nous sommes tr\u00e8s contraints par les mesures de s\u00e9curit\u00e9 avec la pr\u00e9fecture, avec toujours le plan Vigipirate mais renforc\u00e9\u00a0\u00bb, explique Denis Celle. Tous les organisateurs (Ville, Vitrines de Firminy, Entraide appelouse) ont donc assist\u00e9 \u00e0 plusieurs r\u00e9unions avec les services de la pr\u00e9fecture pour mettre en place un p\u00e9rim\u00e8tre de s\u00e9curit\u00e9 autour des diff\u00e9rents \u00e9v\u00e9nements.<\/p>\n<p>La circulation sera donc interdite dans le centre-ville toute la journ\u00e9e de samedi, les rues adjacentes \u00e9tant bloqu\u00e9es par des v\u00e9hicules municipaux. Bien s\u00fbr, les agents de la police municipale seront tous sur le pont pour assurer la s\u00e9curit\u00e9.<\/p>\n<p>Un dispositif qui sera renforc\u00e9 par six agents de s\u00e9curit\u00e9 sollicit\u00e9s par les Vitrines de Firminy qui mobiliseront \u00e9galement une dizaine de b\u00e9n\u00e9voles pour quadriller le secteur.<\/p>\n<p class=\"insetTitle\">Infos pratiques<\/p>\n<p>            F\u00eate de la musique<\/p>\n<p>Le stationnement sera interdit sur la place du Breuil \u00e0 compter de ce mercredi \u00e0 18 heures et jusqu\u2019au 21\u00a0juin \u00e0 4 heures.<\/p>\n<p>Le march\u00e9<\/p>\n<p>Samedi 21\u00a0juin, le march\u00e9 alimentaire sera d\u00e9plac\u00e9 sur la place Marquise de 6 \u00e0 14 heures, o\u00f9 le stationnement sera donc interdit.<\/p>\n<p>Braderie<\/p>\n<p>\u00c0 compter du 20\u00a0juin, 18 heures, et jusqu\u2019au 21\u00a0juin \u00e0 23 heures, le stationnement est interdit sur la rue Jean-Jaur\u00e8s entre la rue Ledru-Rollin et la rue de la Loire. L\u2019interdiction concerne \u00e9galement l\u2019avenue de la Gare (depuis la place Souhet), la rue de la Paix, la rue Verdi\u00e9, la rue Voltaire et la rue Gambetta.<\/p>\n<p>Corrida<\/p>\n<p>La circulation et le stationnement seront interdits sur tout le parcours de la corrida. Retrouvez toutes les rues concern\u00e9es sur la page Facebook de la police municipale de Firminy.<\/p>\n","protected":false},"excerpt":{"rendered":"Avec du sport, de la musique et du commerce, les animations du prochain week-end devraient s\u00e9duire un large&hellip;\n","protected":false},"author":2,"featured_media":186961,"comment_status":"","ping_status":"","sticky":false,"template":"","format":"standard","meta":{"footnotes":""},"categories":[9653],"tags":[1111,11,2430,1687,7539,1777,674,10282,10283,1011,27,873,12,25,4001,3140],"class_list":{"0":"post-186960","1":"post","2":"type-post","3":"status-publish","4":"format-standard","5":"has-post-thumbnail","7":"category-saint-etienne","8":"tag-actu","9":"tag-actualites","10":"tag-auvergne-rhone-alpes","11":"tag-culture-loisirs","12":"tag-edition-loire-sud","13":"tag-eu","14":"tag-europe","15":"tag-firminy","16":"tag-firminy-ville","17":"tag-fr","18":"tag-france","19":"tag-musique","20":"tag-news","21":"tag-republique-francaise","22":"tag-saint-etienne","23":"tag-spectacle"},"share_on_mastodon":{"url":"https:\/\/pubeurope.com\/@fr\/114706813042822317","error":""},"_links":{"self":[{"href":"https:\/\/www.europesays.com\/fr\/wp-json\/wp\/v2\/posts\/186960","targetHints":{"allow":["GET"]}}],"collection":[{"href":"https:\/\/www.europesays.com\/fr\/wp-json\/wp\/v2\/posts"}],"about":[{"href":"https:\/\/www.europesays.com\/fr\/wp-json\/wp\/v2\/types\/post"}],"author":[{"embeddable":true,"href":"https:\/\/www.europesays.com\/fr\/wp-json\/wp\/v2\/users\/2"}],"replies":[{"embeddable":true,"href":"https:\/\/www.europesays.com\/fr\/wp-json\/wp\/v2\/comments?post=186960"}],"version-history":[{"count":0,"href":"https:\/\/www.europesays.com\/fr\/wp-json\/wp\/v2\/posts\/186960\/revisions"}],"wp:featuredmedia":[{"embeddable":true,"href":"https:\/\/www.europesays.com\/fr\/wp-json\/wp\/v2\/media\/186961"}],"wp:attachment":[{"href":"https:\/\/www.europesays.com\/fr\/wp-json\/wp\/v2\/media?parent=186960"}],"wp:term":[{"taxonomy":"category","embeddable":true,"href":"https:\/\/www.europesays.com\/fr\/wp-json\/wp\/v2\/categories?post=186960"},{"taxonomy":"post_tag","embeddable":true,"href":"https:\/\/www.europesays.com\/fr\/wp-json\/wp\/v2\/tags?post=186960"}],"curies":[{"name":"wp","href":"https:\/\/api.w.org\/{rel}","templated":true}]}}