{"id":186973,"date":"2025-06-18T22:56:10","date_gmt":"2025-06-18T22:56:10","guid":{"rendered":"https:\/\/www.europesays.com\/fr\/186973\/"},"modified":"2025-06-18T22:56:10","modified_gmt":"2025-06-18T22:56:10","slug":"un-homme-tue-a-coups-de-couteau-a-ganges-la-gendarmerie-enquete","status":"publish","type":"post","link":"https:\/\/www.europesays.com\/fr\/186973\/","title":{"rendered":"un homme tu\u00e9 \u00e0 coups de couteau \u00e0 Ganges, la gendarmerie enqu\u00eate"},"content":{"rendered":"<p>            Par<br \/>\n        <strong><br \/>\n            <a href=\"https:\/\/actu.fr\/auteur\/jm-aubert\" title=\"Consulter tous les articles de Jean-Marc Aubert\" rel=\"nofollow noopener\" target=\"_blank\">Jean-Marc Aubert<\/a><br \/>\n        <\/strong><\/p>\n<p>        Publi\u00e9 le<\/p>\n<p>            18 juin 2025 \u00e0 17h41<br \/>\n        ; mis \u00e0 jour le 18 juin 2025 \u00e0 18h30    <\/p>\n<p>\/ INFO M\u00c9TROPOLITAIN \/<\/p>\n<p class=\" wall-content\"><strong>Meurtre<\/strong> ce mercredi 18 juin 2025 en matin\u00e9e, en plein centre-ville de <strong>Ganges<\/strong>, au nord de Montpellier, o\u00f9 un homme \u00e2g\u00e9 de 70 ans environ a \u00e9t\u00e9 tu\u00e9 \u00e0 coups de couteau. La <strong>gendarmerie<\/strong> est charg\u00e9e de l\u2019enqu\u00eate.<\/p>\n<p class=\" wall-content\">Quand les sapeurs-pompiers du <strong>Sdis 34<\/strong> et les urgentistes du <strong>Smur-Samu<\/strong> de Ganges, la victime en arr\u00eat cardio-respiratoire n\u2019a pas pu \u00eatre r\u00e9anim\u00e9e. Le maire, Michel Fratissier, joint par <strong>M\u00e9tropolitain<\/strong> confirme que \u00ab\u00a0un homme tu\u00e9 \u00e0 l\u2019arme blanche a \u00e9t\u00e9 retrouv\u00e9 ce matin en centre-ville, la gendarmerie est sur les lieux depuis et rend compte au procureur de la R\u00e9publique de Montpellier de l\u2019avanc\u00e9e de l\u2019enqu\u00eate. Je n\u2019en sais pas plus\u00a0\u00bb.<\/p>\n<p>    <a href=\"https:\/\/www.google.com\/maps\/embed?pb=!1m18!1m12!1m3!1d6266.2875661597045!2d3.7064950497195066!3d43.93649354883933!2m3!1f0!2f0!3f0!3m2!1i1024!2i768!4f13.1!3m3!1m2!1s0x12b3f65bff144ad3%3A0x412b751f3ce15d6b!2sRue%20Louis%20Pierre%20Saunier%2C%2034190%20Ganges!5e0!3m2!1sfr!2sfr!4v1750261178913!5m2!1sfr!2sfr\" title=\"Ouvrie le lien\" rel=\"nofollow noopener\" target=\"_blank\">Cliquez ici pour visualiser le contenu<\/a><\/p>\n<p class=\" wall-content\">Les gendarmes de la compagnie de Lod\u00e8ve, des unit\u00e9s de recherches et les techniciens de la cellule d\u2019identification criminelle -CIC- du groupement de gendarmerie de l\u2019H\u00e9rault ont install\u00e9 un p\u00e9rim\u00e8tre de s\u00e9curit\u00e9 et de balisage avec des rubalises, dans la rue Louis-Pierre Saunier, pr\u00e8s de la mairie et alentour, o\u00f9 la <strong>sc\u00e8ne de crime<\/strong> a \u00e9t\u00e9 gel\u00e9e pour permettre aux investigations diverses de progresser.<\/p>\n<p class=\" wall-content\">Un homme qui r\u00e9siderait \u00e0 Ganges a \u00e9t\u00e9 d\u00e9couvert tu\u00e9 \u00e0 l\u2019arme blanche. On ignore au stade actuel de l\u2019enqu\u00eate si l\u2019auteur pr\u00e9sum\u00e9 a \u00e9t\u00e9 interpell\u00e9 ou s\u2019il est en fuite, ainsi que le mobile. Cet homicide volontaire intervient quelques semaines apr\u00e8s une fusillade entre deux bandes rivales sur fond de trafic de drogue. Il est trop t\u00f4t pour dire si ces affaires sanglantes sont li\u00e9es. Une <strong>autopsie<\/strong> a \u00e9t\u00e9 ordonn\u00e9e, apr\u00e8s que le m\u00e9decin du Smur ait pos\u00e9 un obstacle m\u00e9dico-local, elle sera pratiqu\u00e9e au D\u00e9partement de m\u00e9decine l\u00e9gale au CHU de Montpellier.<\/p>\n<p>Vid\u00e9os : en ce moment sur Actu<\/p>\n<p class=\" wall-content\">Suivez toute l\u2019actualit\u00e9 de vos villes et m\u00e9dias favoris en vous inscrivant \u00e0 <a href=\"https:\/\/moncompte.actu.fr\" title=\"D\u00e9couvez Mon Actu\" rel=\"nofollow noopener\" data-trk=\"{&quot;cta&quot;:{&quot;action&quot;:&quot;https:\\\/\\\/moncompte.actu.fr&quot;,&quot;category&quot;:&quot;mon compte&quot;,&quot;from&quot;:&quot;article footer&quot;,&quot;name&quot;:&quot;Mon actu&quot;,&quot;type&quot;:&quot;cta&quot;}}\" target=\"_blank\">Mon Actu<\/a>.<\/p>\n","protected":false},"excerpt":{"rendered":"Par Jean-Marc Aubert Publi\u00e9 le 18 juin 2025 \u00e0 17h41 ; mis \u00e0 jour le 18 juin 2025&hellip;\n","protected":false},"author":2,"featured_media":186974,"comment_status":"","ping_status":"","sticky":false,"template":"","format":"standard","meta":{"footnotes":""},"categories":[9599],"tags":[1111,11,1777,674,118,1011,27,3381,303,777,2208,12,2680,25],"class_list":{"0":"post-186973","1":"post","2":"type-post","3":"status-publish","4":"format-standard","5":"has-post-thumbnail","7":"category-montpellier","8":"tag-actu","9":"tag-actualites","10":"tag-eu","11":"tag-europe","12":"tag-faits-divers","13":"tag-fr","14":"tag-france","15":"tag-gendarmerie","16":"tag-justice","17":"tag-meurtre","18":"tag-montpellier","19":"tag-news","20":"tag-occitanie","21":"tag-republique-francaise"},"share_on_mastodon":{"url":"https:\/\/pubeurope.com\/@fr\/114706840473850610","error":""},"_links":{"self":[{"href":"https:\/\/www.europesays.com\/fr\/wp-json\/wp\/v2\/posts\/186973","targetHints":{"allow":["GET"]}}],"collection":[{"href":"https:\/\/www.europesays.com\/fr\/wp-json\/wp\/v2\/posts"}],"about":[{"href":"https:\/\/www.europesays.com\/fr\/wp-json\/wp\/v2\/types\/post"}],"author":[{"embeddable":true,"href":"https:\/\/www.europesays.com\/fr\/wp-json\/wp\/v2\/users\/2"}],"replies":[{"embeddable":true,"href":"https:\/\/www.europesays.com\/fr\/wp-json\/wp\/v2\/comments?post=186973"}],"version-history":[{"count":0,"href":"https:\/\/www.europesays.com\/fr\/wp-json\/wp\/v2\/posts\/186973\/revisions"}],"wp:featuredmedia":[{"embeddable":true,"href":"https:\/\/www.europesays.com\/fr\/wp-json\/wp\/v2\/media\/186974"}],"wp:attachment":[{"href":"https:\/\/www.europesays.com\/fr\/wp-json\/wp\/v2\/media?parent=186973"}],"wp:term":[{"taxonomy":"category","embeddable":true,"href":"https:\/\/www.europesays.com\/fr\/wp-json\/wp\/v2\/categories?post=186973"},{"taxonomy":"post_tag","embeddable":true,"href":"https:\/\/www.europesays.com\/fr\/wp-json\/wp\/v2\/tags?post=186973"}],"curies":[{"name":"wp","href":"https:\/\/api.w.org\/{rel}","templated":true}]}}