{"id":186983,"date":"2025-06-18T23:02:13","date_gmt":"2025-06-18T23:02:13","guid":{"rendered":"https:\/\/www.europesays.com\/fr\/186983\/"},"modified":"2025-06-18T23:02:13","modified_gmt":"2025-06-18T23:02:13","slug":"a-rennes-un-homme-est-sauvagement-tue-en-prison-par-un-codetenu","status":"publish","type":"post","link":"https:\/\/www.europesays.com\/fr\/186983\/","title":{"rendered":"\u00c0 Rennes, un homme est sauvagement tu\u00e9 en prison par un cod\u00e9tenu"},"content":{"rendered":"<p class=\"description\">Un homme emprisonn\u00e9 \u00e0 la prison de Rennes-Vezin a \u00e9t\u00e9 mis en examen pour le meurtre d&rsquo;un cod\u00e9tenu avec acte de barbarie, a annonc\u00e9 mercredi le parquet de la capitale bretonne. Samedi, la gendarmerie de Pac\u00e9 a \u00e9t\u00e9 avis\u00e9e par le centre p\u00e9nitentiaire de Rennes-Vezin de la d\u00e9couverte d&rsquo;un d\u00e9tenu d\u00e9c\u00e9d\u00e9 dans sa cellule, les premiers \u00e9l\u00e9ments recueillis \u00abpermettant de constater que le d\u00e9funt pr\u00e9sentait d&rsquo;importantes blessures ayant \u00e9t\u00e9 vraisemblablement caus\u00e9es par son cod\u00e9tenu\u00bb, a indiqu\u00e9 le procureur de la R\u00e9publique de Rennes Fr\u00e9d\u00e9ric Teillet.<\/p>\n","protected":false},"excerpt":{"rendered":"Un homme emprisonn\u00e9 \u00e0 la prison de Rennes-Vezin a \u00e9t\u00e9 mis en examen pour le meurtre d&rsquo;un cod\u00e9tenu&hellip;\n","protected":false},"author":2,"featured_media":186984,"comment_status":"","ping_status":"","sticky":false,"template":"","format":"standard","meta":{"footnotes":""},"categories":[2821],"tags":[1111,11,829,1777,674,118,1011,27,12,584,25,133,9989],"class_list":{"0":"post-186983","1":"post","2":"type-post","3":"status-publish","4":"format-standard","5":"has-post-thumbnail","7":"category-rennes","8":"tag-actu","9":"tag-actualites","10":"tag-bretagne","11":"tag-eu","12":"tag-europe","13":"tag-faits-divers","14":"tag-fr","15":"tag-france","16":"tag-news","17":"tag-rennes","18":"tag-republique-francaise","19":"tag-video","20":"tag-wochit"},"share_on_mastodon":{"url":"https:\/\/pubeurope.com\/@fr\/114706864069090576","error":""},"_links":{"self":[{"href":"https:\/\/www.europesays.com\/fr\/wp-json\/wp\/v2\/posts\/186983","targetHints":{"allow":["GET"]}}],"collection":[{"href":"https:\/\/www.europesays.com\/fr\/wp-json\/wp\/v2\/posts"}],"about":[{"href":"https:\/\/www.europesays.com\/fr\/wp-json\/wp\/v2\/types\/post"}],"author":[{"embeddable":true,"href":"https:\/\/www.europesays.com\/fr\/wp-json\/wp\/v2\/users\/2"}],"replies":[{"embeddable":true,"href":"https:\/\/www.europesays.com\/fr\/wp-json\/wp\/v2\/comments?post=186983"}],"version-history":[{"count":0,"href":"https:\/\/www.europesays.com\/fr\/wp-json\/wp\/v2\/posts\/186983\/revisions"}],"wp:featuredmedia":[{"embeddable":true,"href":"https:\/\/www.europesays.com\/fr\/wp-json\/wp\/v2\/media\/186984"}],"wp:attachment":[{"href":"https:\/\/www.europesays.com\/fr\/wp-json\/wp\/v2\/media?parent=186983"}],"wp:term":[{"taxonomy":"category","embeddable":true,"href":"https:\/\/www.europesays.com\/fr\/wp-json\/wp\/v2\/categories?post=186983"},{"taxonomy":"post_tag","embeddable":true,"href":"https:\/\/www.europesays.com\/fr\/wp-json\/wp\/v2\/tags?post=186983"}],"curies":[{"name":"wp","href":"https:\/\/api.w.org\/{rel}","templated":true}]}}