{"id":186985,"date":"2025-06-18T23:03:19","date_gmt":"2025-06-18T23:03:19","guid":{"rendered":"https:\/\/www.europesays.com\/fr\/186985\/"},"modified":"2025-06-18T23:03:19","modified_gmt":"2025-06-18T23:03:19","slug":"loisirs-robert-jacquot-nouveau-president-du-club-vosgien-3","status":"publish","type":"post","link":"https:\/\/www.europesays.com\/fr\/186985\/","title":{"rendered":"Loisirs. Robert Jacquot, nouveau pr\u00e9sident du Club Vosgien"},"content":{"rendered":"<p>Depuis le mois de mars, la F\u00e9d\u00e9ration du Club Vosgien a un nouveau pr\u00e9sident, Robert Jacquot, pr\u00e9sident depuis 2002 de la section de Remiremont et de ses environs (d\u00e9partement des Vosges), qui compte 250 adh\u00e9rents. M.\u00a0Jacquot est engag\u00e9 de longue date dans le mouvement associatif, il est membre du Club Vosgien depuis 1975 et il en a \u00e9t\u00e9 le tr\u00e9sorier, puis le vice-pr\u00e9sident durant de longues ann\u00e9es. Il va assurer la continuit\u00e9 de la politique du Club, en travaillant aux c\u00f4t\u00e9s de ses administrateurs. Il conna\u00eet le terrain et il incarne les valeurs du Club Vosgien.<\/p>\n<p>Robert Jacquot s\u2019est exprim\u00e9 lors de l\u2019assembl\u00e9e g\u00e9n\u00e9rale du Club, le 31\u00a0mai dernier \u00e0 Wissembourg.<\/p>\n<p>Le Club Vosgien a \u00e9t\u00e9 fond\u00e9 en 1872. Il compte pr\u00e8s de 30\u00a0000 membres organis\u00e9s en 130 sections locales.<\/p>\n","protected":false},"excerpt":{"rendered":"Depuis le mois de mars, la F\u00e9d\u00e9ration du Club Vosgien a un nouveau pr\u00e9sident, Robert Jacquot, pr\u00e9sident depuis&hellip;\n","protected":false},"author":2,"featured_media":186859,"comment_status":"","ping_status":"","sticky":false,"template":"","format":"standard","meta":{"footnotes":""},"categories":[2820],"tags":[1111,11,2389,7782,1687,1777,674,107,1011,27,775,12,25,104,640,1631],"class_list":{"0":"post-186985","1":"post","2":"type-post","3":"status-publish","4":"format-standard","5":"has-post-thumbnail","7":"category-strasbourg","8":"tag-actu","9":"tag-actualites","10":"tag-alsace","11":"tag-balades-et-randonnees","12":"tag-culture-loisirs","13":"tag-eu","14":"tag-europe","15":"tag-fil-info","16":"tag-fr","17":"tag-france","18":"tag-grand-est","19":"tag-news","20":"tag-republique-francaise","21":"tag-societe","22":"tag-strasbourg","23":"tag-vie-associative"},"share_on_mastodon":{"url":"https:\/\/pubeurope.com\/@fr\/114706868094623908","error":""},"_links":{"self":[{"href":"https:\/\/www.europesays.com\/fr\/wp-json\/wp\/v2\/posts\/186985","targetHints":{"allow":["GET"]}}],"collection":[{"href":"https:\/\/www.europesays.com\/fr\/wp-json\/wp\/v2\/posts"}],"about":[{"href":"https:\/\/www.europesays.com\/fr\/wp-json\/wp\/v2\/types\/post"}],"author":[{"embeddable":true,"href":"https:\/\/www.europesays.com\/fr\/wp-json\/wp\/v2\/users\/2"}],"replies":[{"embeddable":true,"href":"https:\/\/www.europesays.com\/fr\/wp-json\/wp\/v2\/comments?post=186985"}],"version-history":[{"count":0,"href":"https:\/\/www.europesays.com\/fr\/wp-json\/wp\/v2\/posts\/186985\/revisions"}],"wp:featuredmedia":[{"embeddable":true,"href":"https:\/\/www.europesays.com\/fr\/wp-json\/wp\/v2\/media\/186859"}],"wp:attachment":[{"href":"https:\/\/www.europesays.com\/fr\/wp-json\/wp\/v2\/media?parent=186985"}],"wp:term":[{"taxonomy":"category","embeddable":true,"href":"https:\/\/www.europesays.com\/fr\/wp-json\/wp\/v2\/categories?post=186985"},{"taxonomy":"post_tag","embeddable":true,"href":"https:\/\/www.europesays.com\/fr\/wp-json\/wp\/v2\/tags?post=186985"}],"curies":[{"name":"wp","href":"https:\/\/api.w.org\/{rel}","templated":true}]}}