{"id":186988,"date":"2025-06-18T23:05:11","date_gmt":"2025-06-18T23:05:11","guid":{"rendered":"https:\/\/www.europesays.com\/fr\/186988\/"},"modified":"2025-06-18T23:05:11","modified_gmt":"2025-06-18T23:05:11","slug":"previsions-du-jeudi-19-juin-2025","status":"publish","type":"post","link":"https:\/\/www.europesays.com\/fr\/186988\/","title":{"rendered":"pr\u00e9visions du jeudi 19 juin 2025"},"content":{"rendered":"<p>Le soleil sera au rendez-vous \u00e0 Nice : une magnifique journ\u00e9e se profile ! Les valeurs seront de 22\u00b0C au minimum et de 27\u00b0C au plus haut. Il va faire 27\u00b0C en moyenne le matin. Une modeste brise de sud-est sera ressentie par les habitants. Les maximales iront jusqu&rsquo;\u00e0 27\u00b0C dans l&rsquo;apr\u00e8s-midi tandis que les minimales seront de 26\u00b0C. Les temp\u00e9ratures afficheront entre 24 et 25\u00b0C le soir. Le ciel sera d\u00e9pourvu de nuages dans la nuit de jeudi \u00e0 vendredi.<\/p>\n<p>Demain, les Ni\u00e7ois vont pouvoir b\u00e9n\u00e9ficier d&rsquo;un soleil radieux. Les valeurs seront comprises entre 21 et 28\u00b0C. Un vent de sud-est rafra\u00eechira l\u00e9g\u00e8rement l&rsquo;atmosph\u00e8re. Dans la matin\u00e9e, les temp\u00e9ratures avoisineront les 26\u00b0C. Les valeurs s&rsquo;\u00e9chelonneront entre 27\u00b0C et 28\u00b0C dans l&rsquo;apr\u00e8s-midi. Les valeurs afficheront entre 24 et 27\u00b0C pendant la soir\u00e9e.<\/p>\n<p>Des conditions m\u00e9t\u00e9orologiques instables sont \u00e0 pr\u00e9voir les jours suivants. On pr\u00e9voit une am\u00e9lioration dimanche, apr\u00e8s une journ\u00e9e pluvieuse samedi.<\/p>\n<p>Les jours vont commencer \u00e0 raccourcir \u00e0 partir de demain, la journ\u00e9e la plus longue de l&rsquo;ann\u00e9e. Profitez-en !<\/p>\n","protected":false},"excerpt":{"rendered":"Le soleil sera au rendez-vous \u00e0 Nice : une magnifique journ\u00e9e se profile ! Les valeurs seront de&hellip;\n","protected":false},"author":2,"featured_media":186989,"comment_status":"","ping_status":"","sticky":false,"template":"","format":"standard","meta":{"footnotes":""},"categories":[2819],"tags":[1111,11,2898,1777,674,1011,27,12,2401,883,2119,882,25],"class_list":{"0":"post-186988","1":"post","2":"type-post","3":"status-publish","4":"format-standard","5":"has-post-thumbnail","7":"category-nice","8":"tag-actu","9":"tag-actualites","10":"tag-alpes-maritimes","11":"tag-eu","12":"tag-europe","13":"tag-fr","14":"tag-france","15":"tag-news","16":"tag-nice","17":"tag-paca","18":"tag-previsions-meteo","19":"tag-provence-alpes-cote-dazur","20":"tag-republique-francaise"},"share_on_mastodon":{"url":"https:\/\/pubeurope.com\/@fr\/114706875901631472","error":""},"_links":{"self":[{"href":"https:\/\/www.europesays.com\/fr\/wp-json\/wp\/v2\/posts\/186988","targetHints":{"allow":["GET"]}}],"collection":[{"href":"https:\/\/www.europesays.com\/fr\/wp-json\/wp\/v2\/posts"}],"about":[{"href":"https:\/\/www.europesays.com\/fr\/wp-json\/wp\/v2\/types\/post"}],"author":[{"embeddable":true,"href":"https:\/\/www.europesays.com\/fr\/wp-json\/wp\/v2\/users\/2"}],"replies":[{"embeddable":true,"href":"https:\/\/www.europesays.com\/fr\/wp-json\/wp\/v2\/comments?post=186988"}],"version-history":[{"count":0,"href":"https:\/\/www.europesays.com\/fr\/wp-json\/wp\/v2\/posts\/186988\/revisions"}],"wp:featuredmedia":[{"embeddable":true,"href":"https:\/\/www.europesays.com\/fr\/wp-json\/wp\/v2\/media\/186989"}],"wp:attachment":[{"href":"https:\/\/www.europesays.com\/fr\/wp-json\/wp\/v2\/media?parent=186988"}],"wp:term":[{"taxonomy":"category","embeddable":true,"href":"https:\/\/www.europesays.com\/fr\/wp-json\/wp\/v2\/categories?post=186988"},{"taxonomy":"post_tag","embeddable":true,"href":"https:\/\/www.europesays.com\/fr\/wp-json\/wp\/v2\/tags?post=186988"}],"curies":[{"name":"wp","href":"https:\/\/api.w.org\/{rel}","templated":true}]}}