{"id":186990,"date":"2025-06-18T23:06:25","date_gmt":"2025-06-18T23:06:25","guid":{"rendered":"https:\/\/www.europesays.com\/fr\/186990\/"},"modified":"2025-06-18T23:06:25","modified_gmt":"2025-06-18T23:06:25","slug":"le-combat-dun-quartier-contre-linsecurite-a-nice-journal-de-20-heures","status":"publish","type":"post","link":"https:\/\/www.europesays.com\/fr\/186990\/","title":{"rendered":"Le combat d\u2019un quartier contre l\u2019ins\u00e9curit\u00e9 \u00e0 Nice &#8211; Journal de 20 heures"},"content":{"rendered":"<p id=\"descriptionPanel\" aria-labelledby=\"descriptionArrow\" aria-expanded=\"false\" class=\"mr-2 line-clamp-2 pr-2.5 text-secondary overflow-visible\">R\u00e8glements de comptes, fusillades, racket, incendies criminels\u2026 Le quartier des Moulins, \u00e0 Nice, a longtemps v\u00e9cu au rythme du narcotrafic. Depuis un an, la mairie et les bailleurs sociaux tentent de restaurer l\u2019ordre. Ils ont notamment fait appel \u00e0 des agents de s\u00e9curit\u00e9 priv\u00e9s. Leur principal objectif est d\u2019endiguer les troubles et les d\u00e9gradations li\u00e9s au trafic de stup\u00e9fiants. La brigade est financ\u00e9e aux deux tiers par les bailleurs sociaux, un tiers \u00e0 la charge de la mairie.<\/p>\n<p>TF1 | Reportage J. GARREL, A. FLIELLER, B. LETURMY<\/p>\n<p><a class=\"shrink-0\" href=\"https:\/\/www.tf1.fr\/tf1\/jt-20h\" target=\"_blank\" rel=\"noopener\"><img decoding=\"async\" src=\"https:\/\/www.europesays.com\/fr\/wp-content\/uploads\/2025\/04\/program-card-portrait-1-jt20h-btcb-f6f521-4e55c9-0@1x.jpg\" width=\"138\" height=\"184\" alt=\"\" loading=\"eager\" fetchpriority=\"auto\" class=\"aspect-[3\/4] h-24 w-auto rounded-3px\" aria-hidden=\"true\"\/><\/a><\/p>\n","protected":false},"excerpt":{"rendered":"R\u00e8glements de comptes, fusillades, racket, incendies criminels\u2026 Le quartier des Moulins, \u00e0 Nice, a longtemps v\u00e9cu au rythme&hellip;\n","protected":false},"author":2,"featured_media":186991,"comment_status":"","ping_status":"","sticky":false,"template":"","format":"standard","meta":{"footnotes":""},"categories":[2819],"tags":[1111,11,1777,674,3483,3697,1011,27,3699,3698,12,2401,882,25,3701,3702,3700],"class_list":{"0":"post-186990","1":"post","2":"type-post","3":"status-publish","4":"format-standard","5":"has-post-thumbnail","7":"category-nice","8":"tag-actu","9":"tag-actualites","10":"tag-eu","11":"tag-europe","12":"tag-extrait","13":"tag-extrait-journal-de-20-heures","14":"tag-fr","15":"tag-france","16":"tag-journal-de-20-heures","17":"tag-journal-de-20-heures-extrait","18":"tag-news","19":"tag-nice","20":"tag-provence-alpes-cote-dazur","21":"tag-republique-francaise","22":"tag-streaming-journal-de-20-heures","23":"tag-video-en-streaming-journal-de-20-heures","24":"tag-video-journal-de-20-heures"},"share_on_mastodon":{"url":"https:\/\/pubeurope.com\/@fr\/114706879952801601","error":""},"_links":{"self":[{"href":"https:\/\/www.europesays.com\/fr\/wp-json\/wp\/v2\/posts\/186990","targetHints":{"allow":["GET"]}}],"collection":[{"href":"https:\/\/www.europesays.com\/fr\/wp-json\/wp\/v2\/posts"}],"about":[{"href":"https:\/\/www.europesays.com\/fr\/wp-json\/wp\/v2\/types\/post"}],"author":[{"embeddable":true,"href":"https:\/\/www.europesays.com\/fr\/wp-json\/wp\/v2\/users\/2"}],"replies":[{"embeddable":true,"href":"https:\/\/www.europesays.com\/fr\/wp-json\/wp\/v2\/comments?post=186990"}],"version-history":[{"count":0,"href":"https:\/\/www.europesays.com\/fr\/wp-json\/wp\/v2\/posts\/186990\/revisions"}],"wp:featuredmedia":[{"embeddable":true,"href":"https:\/\/www.europesays.com\/fr\/wp-json\/wp\/v2\/media\/186991"}],"wp:attachment":[{"href":"https:\/\/www.europesays.com\/fr\/wp-json\/wp\/v2\/media?parent=186990"}],"wp:term":[{"taxonomy":"category","embeddable":true,"href":"https:\/\/www.europesays.com\/fr\/wp-json\/wp\/v2\/categories?post=186990"},{"taxonomy":"post_tag","embeddable":true,"href":"https:\/\/www.europesays.com\/fr\/wp-json\/wp\/v2\/tags?post=186990"}],"curies":[{"name":"wp","href":"https:\/\/api.w.org\/{rel}","templated":true}]}}