{"id":187004,"date":"2025-06-18T23:13:11","date_gmt":"2025-06-18T23:13:11","guid":{"rendered":"https:\/\/www.europesays.com\/fr\/187004\/"},"modified":"2025-06-18T23:13:11","modified_gmt":"2025-06-18T23:13:11","slug":"previsions-du-jeudi-19-juin-2025-2","status":"publish","type":"post","link":"https:\/\/www.europesays.com\/fr\/187004\/","title":{"rendered":"pr\u00e9visions du jeudi 19 juin 2025"},"content":{"rendered":"<p>Aujourd&rsquo;hui, les Lillois vont pouvoir b\u00e9n\u00e9ficier d&rsquo;un soleil radieux. Les temp\u00e9ratures seront de 21\u00b0C. Un vent de nord-est soufflera l\u00e9g\u00e8rement. Il va faire en moyenne 22\u00b0C, le matin. Les temp\u00e9ratures vont conna\u00eetre une hausse de plusieurs degr\u00e9s dans l&rsquo;apr\u00e8s-midi. Les valeurs afficheront entre 26\u00b0C et 28\u00b0C. Des \u00e9claircies sont pr\u00e9vues : on passera une soir\u00e9e cl\u00e9mente. Un ciel d\u00e9pourvu de nuages est \u00e0 pr\u00e9voir dans la nuit entre jeudi et vendredi.<\/p>\n<p>Demain, les valeurs seront comprises entre 15 et 27\u00b0C \u00e0 Lille. Une modeste brise d&rsquo;est sera ressentie par les habitants. Avec des nuages le matin, le ciel sera encore couvert. Le temps va progressivement s&rsquo;obscurcir avec l&rsquo;arriv\u00e9e de nuages. Demain apr\u00e8s-midi, le beau temps va peu \u00e0 peu remplacer les nuages. C&rsquo;est une hausse de plusieurs degr\u00e9s que vont enregistrer les temp\u00e9ratures. Ces valeurs iront de 26 \u00e0 27\u00b0C.<\/p>\n<p>Pour les jours qui suivent, la m\u00e9t\u00e9o ne changera pas. Pr\u00e9voyez 25\u00b0C en moyenne qui accompagneront des journ\u00e9es ensoleill\u00e9es.<\/p>\n<p>L&rsquo;\u00e9t\u00e9 arrive \u00e0 partir de demain, c&rsquo;est la journ\u00e9e la plus longue de l&rsquo;ann\u00e9e.<\/p>\n","protected":false},"excerpt":{"rendered":"Aujourd&rsquo;hui, les Lillois vont pouvoir b\u00e9n\u00e9ficier d&rsquo;un soleil radieux. Les temp\u00e9ratures seront de 21\u00b0C. Un vent de nord-est&hellip;\n","protected":false},"author":2,"featured_media":187005,"comment_status":"","ping_status":"","sticky":false,"template":"","format":"standard","meta":{"footnotes":""},"categories":[2815],"tags":[1111,11,1777,674,1011,27,811,1307,12,1308,1309,2119,25],"class_list":{"0":"post-187004","1":"post","2":"type-post","3":"status-publish","4":"format-standard","5":"has-post-thumbnail","7":"category-lille","8":"tag-actu","9":"tag-actualites","10":"tag-eu","11":"tag-europe","12":"tag-fr","13":"tag-france","14":"tag-hauts-de-france","15":"tag-lille","16":"tag-news","17":"tag-nord","18":"tag-nord-pas-de-calais","19":"tag-previsions-meteo","20":"tag-republique-francaise"},"share_on_mastodon":{"url":"https:\/\/pubeurope.com\/@fr\/114706907308288113","error":""},"_links":{"self":[{"href":"https:\/\/www.europesays.com\/fr\/wp-json\/wp\/v2\/posts\/187004","targetHints":{"allow":["GET"]}}],"collection":[{"href":"https:\/\/www.europesays.com\/fr\/wp-json\/wp\/v2\/posts"}],"about":[{"href":"https:\/\/www.europesays.com\/fr\/wp-json\/wp\/v2\/types\/post"}],"author":[{"embeddable":true,"href":"https:\/\/www.europesays.com\/fr\/wp-json\/wp\/v2\/users\/2"}],"replies":[{"embeddable":true,"href":"https:\/\/www.europesays.com\/fr\/wp-json\/wp\/v2\/comments?post=187004"}],"version-history":[{"count":0,"href":"https:\/\/www.europesays.com\/fr\/wp-json\/wp\/v2\/posts\/187004\/revisions"}],"wp:featuredmedia":[{"embeddable":true,"href":"https:\/\/www.europesays.com\/fr\/wp-json\/wp\/v2\/media\/187005"}],"wp:attachment":[{"href":"https:\/\/www.europesays.com\/fr\/wp-json\/wp\/v2\/media?parent=187004"}],"wp:term":[{"taxonomy":"category","embeddable":true,"href":"https:\/\/www.europesays.com\/fr\/wp-json\/wp\/v2\/categories?post=187004"},{"taxonomy":"post_tag","embeddable":true,"href":"https:\/\/www.europesays.com\/fr\/wp-json\/wp\/v2\/tags?post=187004"}],"curies":[{"name":"wp","href":"https:\/\/api.w.org\/{rel}","templated":true}]}}