{"id":187006,"date":"2025-06-18T23:15:03","date_gmt":"2025-06-18T23:15:03","guid":{"rendered":"https:\/\/www.europesays.com\/fr\/187006\/"},"modified":"2025-06-18T23:15:03","modified_gmt":"2025-06-18T23:15:03","slug":"lille-recrute-lailier-international-espoirs-norvegien-marius-broholm","status":"publish","type":"post","link":"https:\/\/www.europesays.com\/fr\/187006\/","title":{"rendered":"Lille recrute l&rsquo;ailier international Espoirs norv\u00e9gien Marius Broholm"},"content":{"rendered":"<p>L\u2019ailier international Espoirs norv\u00e9gien Marius Broholm a quitt\u00e9 Rosenborg pour s\u2019engager cinq ans \u00e0 Lille, a annonc\u00e9 le club nordiste mercredi, o\u00f9 il pourrait remplacer Edon Zhegrova, en instance de d\u00e9part.<\/p>\n<p class=\"fig-paragraph\">Ailier droit mais gaucher, le joueur de vingt ans a \u00abdes qualit\u00e9s individuelles, de dribbles, de d\u00e9s\u00e9quilibre et d&rsquo;\u00e9limination\u00bb selon le pr\u00e9sident du Losc Olivier L\u00e9tang, cit\u00e9 dans le communiqu\u00e9 du club. Auteur de six buts et une passe d\u00e9cisive en douze rencontres depuis le d\u00e9but de la saison &#8211; en mars &#8211; en Norv\u00e8ge, Broholm rejoint son compatriote Osame Sahraoui, ainsi qu&rsquo;un autre Scandinave, le Su\u00e9dois Gabriel Gudmundsson.<\/p>\n<p class=\"fig-paragraph\">Son arriv\u00e9e anticipe le d\u00e9part probable d&rsquo;un autre gaucher jouant sur l&rsquo;aile droite: l&rsquo;international kosovar Edon Zhegrova, qui devrait quitter le Nord cet \u00e9t\u00e9. L&rsquo;entra\u00eeneur Bruno Genesio a souvent regrett\u00e9 lors de la saison \u00e9coul\u00e9e l&rsquo;absence de Zhegrova, \u00e9cart\u00e9 des terrains \u00e0 cause d&rsquo;une pubalgie \u00e0 partir de la mi-d\u00e9cembre. L&rsquo;arriv\u00e9e de Broholm lance le mercato lillois, dont la priorit\u00e9 reste le recrutement d&rsquo;un buteur pour remplacer Jonathan David.<\/p>\n","protected":false},"excerpt":{"rendered":"L\u2019ailier international Espoirs norv\u00e9gien Marius Broholm a quitt\u00e9 Rosenborg pour s\u2019engager cinq ans \u00e0 Lille, a annonc\u00e9 le&hellip;\n","protected":false},"author":2,"featured_media":187007,"comment_status":"","ping_status":"","sticky":false,"template":"","format":"standard","meta":{"footnotes":""},"categories":[2815],"tags":[1111,47,11,1465,1109,83,451,1112,1777,674,1108,107,1106,1107,63,1011,27,1472,811,11462,1110,1114,3996,66,446,1307,2182,12,1113,25,479,11463,517,1467,10887],"class_list":{"0":"post-187006","1":"post","2":"type-post","3":"status-publish","4":"format-standard","5":"has-post-thumbnail","7":"category-lille","8":"tag-actu","9":"tag-actualite","10":"tag-actualites","11":"tag-basket","12":"tag-breves","13":"tag-coupe-de-france","14":"tag-coupe-du-monde","15":"tag-depeches","16":"tag-eu","17":"tag-europe","18":"tag-fil","19":"tag-fil-info","20":"tag-flash","21":"tag-flash-actu","22":"tag-football","23":"tag-fr","24":"tag-france","25":"tag-golf","26":"tag-hauts-de-france","27":"tag-hippisme","28":"tag-informations","29":"tag-infos","30":"tag-jeux-olympiques","31":"tag-ligue-1","32":"tag-ligue-2","33":"tag-lille","34":"tag-nba","35":"tag-news","36":"tag-nouvelles","37":"tag-republique-francaise","38":"tag-rugby","39":"tag-solitaire","40":"tag-sport","41":"tag-tennis","42":"tag-voile"},"share_on_mastodon":{"url":"https:\/\/pubeurope.com\/@fr\/114706915234352304","error":""},"_links":{"self":[{"href":"https:\/\/www.europesays.com\/fr\/wp-json\/wp\/v2\/posts\/187006","targetHints":{"allow":["GET"]}}],"collection":[{"href":"https:\/\/www.europesays.com\/fr\/wp-json\/wp\/v2\/posts"}],"about":[{"href":"https:\/\/www.europesays.com\/fr\/wp-json\/wp\/v2\/types\/post"}],"author":[{"embeddable":true,"href":"https:\/\/www.europesays.com\/fr\/wp-json\/wp\/v2\/users\/2"}],"replies":[{"embeddable":true,"href":"https:\/\/www.europesays.com\/fr\/wp-json\/wp\/v2\/comments?post=187006"}],"version-history":[{"count":0,"href":"https:\/\/www.europesays.com\/fr\/wp-json\/wp\/v2\/posts\/187006\/revisions"}],"wp:featuredmedia":[{"embeddable":true,"href":"https:\/\/www.europesays.com\/fr\/wp-json\/wp\/v2\/media\/187007"}],"wp:attachment":[{"href":"https:\/\/www.europesays.com\/fr\/wp-json\/wp\/v2\/media?parent=187006"}],"wp:term":[{"taxonomy":"category","embeddable":true,"href":"https:\/\/www.europesays.com\/fr\/wp-json\/wp\/v2\/categories?post=187006"},{"taxonomy":"post_tag","embeddable":true,"href":"https:\/\/www.europesays.com\/fr\/wp-json\/wp\/v2\/tags?post=187006"}],"curies":[{"name":"wp","href":"https:\/\/api.w.org\/{rel}","templated":true}]}}